{"id":290165,"date":"2023-10-15T11:00:39","date_gmt":"2023-10-15T08:00:39","guid":{"rendered":"https:\/\/sana.sy\/tr\/?p=290165"},"modified":"2023-10-16T10:37:18","modified_gmt":"2023-10-16T07:37:18","slug":"iran-israil-isgalinin-devam-eden-suclarinin-sonuclari-konusunda-birlesmis-milletleri-uyardi","status":"publish","type":"post","link":"https:\/\/archive.sana.sy\/tr\/?p=290165","title":{"rendered":"\u0130ran, \u0130srail \u0130\u015fgalinin Devam Eden Su\u00e7lar\u0131n\u0131n Sonu\u00e7lar\u0131 Konusunda Birle\u015fmi\u015f Milletler&#8217;i Uyard\u0131"},"content":{"rendered":"<p style=\"text-align: justify;\"><strong>TAHRAN 15 Ekim (SANA) \u2013<\/strong> \u0130ran&#8217;\u0131n Birle\u015fmi\u015f Milletler Daimi Misyonu, \u0130srail i\u015fgalinin Filistin&#8217;de i\u015fledi\u011fi sava\u015f su\u00e7lar\u0131 ve soyk\u0131r\u0131m\u0131 durdurmaman\u0131n sonu\u00e7lar\u0131 konusunda uyard\u0131.<\/p>\n<p style=\"text-align: justify;\">\u0130ran misyonu yapt\u0131\u011f\u0131 a\u00e7\u0131klamada, &#8220;Siyonist su\u00e7lar\u0131n geni\u015f sonu\u00e7lar\u0131 olacakt\u0131r ve e\u011fer bunlar derhal durdurulmazsa durum kontrolden \u00e7\u0131kabilir&#8221; diyerek, bu su\u00e7lar\u0131 durdurma sorumlulu\u011funun Birle\u015fmi\u015f Milletler&#8217;e, G\u00fcvenlik Konseyi&#8217;ne ve Konsey&#8217;de n\u00fcfuz sahibi \u00fclkelere ait oldu\u011funu vurgulad\u0131.<\/p>\n<p><a href=\"https:\/\/t.me\/SuriyeArapHaberAjansI\">Telegram Kanal\u0131m\u0131z\u00a0<\/a><\/p>\n<p><a href=\"https:\/\/www.facebook.com\/SANAHaberAjansi\/\">Facebook Sayfam\u0131z<\/a><\/p>\n<p><a href=\"https:\/\/twitter.com\/arap_ajans\">Twitter Hesab\u0131m\u0131z<\/a><\/p>\n","protected":false},"excerpt":{"rendered":"<p>TAHRAN 15 Ekim (SANA) \u2013 \u0130ran&#8217;\u0131n Birle\u015fmi\u015f Milletler Daimi Misyonu, \u0130srail i\u015fgalinin Filistin&#8217;de i\u015fledi\u011fi sava\u015f su\u00e7lar\u0131 ve soyk\u0131r\u0131m\u0131 durdurmaman\u0131n sonu\u00e7lar\u0131 konusunda uyard\u0131. \u0130ran misyonu yapt\u0131\u011f\u0131 a\u00e7\u0131klamada, &#8220;Siyonist su\u00e7lar\u0131n geni\u015f sonu\u00e7lar\u0131 olacakt\u0131r ve e\u011fer bunlar derhal durdurulmazsa durum kontrolden \u00e7\u0131kabilir&#8221; diyerek, bu su\u00e7lar\u0131 durdurma sorumlulu\u011funun Birle\u015fmi\u015f Milletler&#8217;e, G\u00fcvenlik Konseyi&#8217;ne ve Konsey&#8217;de n\u00fcfuz sahibi \u00fclkelere ait oldu\u011funu &hellip;<\/p>\n","protected":false},"author":39,"featured_media":290166,"comment_status":"closed","ping_status":"closed","sticky":false,"template":"","format":"standard","meta":{"footnotes":""},"categories":[458,459,17988],"tags":[],"class_list":["post-290165","post","type-post","status-publish","format-standard","has-post-thumbnail","","category-dunya1","category-haberler-arap-uluslararasi-politika","category-son-haberler"],"_links":{"self":[{"href":"https:\/\/archive.sana.sy\/tr\/index.php?rest_route=\/wp\/v2\/posts\/290165","targetHints":{"allow":["GET"]}}],"collection":[{"href":"https:\/\/archive.sana.sy\/tr\/index.php?rest_route=\/wp\/v2\/posts"}],"about":[{"href":"https:\/\/archive.sana.sy\/tr\/index.php?rest_route=\/wp\/v2\/types\/post"}],"author":[{"embeddable":true,"href":"https:\/\/archive.sana.sy\/tr\/index.php?rest_route=\/wp\/v2\/users\/39"}],"replies":[{"embeddable":true,"href":"https:\/\/archive.sana.sy\/tr\/index.php?rest_route=%2Fwp%2Fv2%2Fcomments&post=290165"}],"version-history":[{"count":2,"href":"https:\/\/archive.sana.sy\/tr\/index.php?rest_route=\/wp\/v2\/posts\/290165\/revisions"}],"predecessor-version":[{"id":290232,"href":"https:\/\/archive.sana.sy\/tr\/index.php?rest_route=\/wp\/v2\/posts\/290165\/revisions\/290232"}],"wp:featuredmedia":[{"embeddable":true,"href":"https:\/\/archive.sana.sy\/tr\/index.php?rest_route=\/wp\/v2\/media\/290166"}],"wp:attachment":[{"href":"https:\/\/archive.sana.sy\/tr\/index.php?rest_route=%2Fwp%2Fv2%2Fmedia&parent=290165"}],"wp:term":[{"taxonomy":"category","embeddable":true,"href":"https:\/\/archive.sana.sy\/tr\/index.php?rest_route=%2Fwp%2Fv2%2Fcategories&post=290165"},{"taxonomy":"post_tag","embeddable":true,"href":"https:\/\/archive.sana.sy\/tr\/index.php?rest_route=%2Fwp%2Fv2%2Ftags&post=290165"}],"curies":[{"name":"wp","href":"https:\/\/api.w.org\/{rel}","templated":true}]}}