{"id":29022,"date":"2015-04-08T17:00:04","date_gmt":"2015-04-08T14:00:04","guid":{"rendered":"http:\/\/www.sana.sy\/tr\/?p=29022"},"modified":"2015-04-09T10:08:35","modified_gmt":"2015-04-09T07:08:35","slug":"ulusal-cikarlari-on-plana-cikarmak-cozumun-temelidir","status":"publish","type":"post","link":"https:\/\/archive.sana.sy\/tr\/?p=29022","title":{"rendered":"Ulusal \u00c7\u0131karlar\u0131 \u00d6n Plana \u00c7\u0131karmak \u00c7\u00f6z\u00fcm\u00fcn Temelidir"},"content":{"rendered":"<p><span style=\"line-height: 1.5\">MOSKOVA \u2013 Suriye Arap Cumhuriyetinin h\u00fck\u00fcmet heyeti ile muhalif \u015fahsiyetler heyeti aras\u0131nda Moskova\u2019da d\u00fczenlenen ikinci tur isti\u015fare g\u00f6r\u00fc\u015fmelerinin \u00fc\u00e7\u00fcnc\u00fc oturumu yap\u0131ld\u0131.<\/span><\/p>\n<p><span style=\"line-height: 1.5\">H\u00fck\u00fcmet heyetinin ba\u015fkan\u0131 Suriye&#8217;nin BM daimi temsilcisi Be\u015f\u015far el Caferi \u0130kinci tur g\u00f6r\u00fc\u015fmelerin ilk oturumunda yapt\u0131\u011f\u0131 a\u00e7\u0131l\u0131\u015f konu\u015fmas\u0131nda Suriye h\u00fck\u00fcmetinin; g\u00f6r\u00fc\u015fmelerin Rus arac\u0131s\u0131 Vitali Naomkin\u2019in takdim etti\u011fi g\u00fcndemin temel noktalar\u0131n\u0131 s\u0131ralama s\u0131ras\u0131na g\u00f6re Suriye h\u00fck\u00fcmeti taraf\u0131ndan kabul edildi\u011fini a\u00e7\u0131klad\u0131.<\/span><\/p>\n<p>Ard\u0131ndan Suriye&#8217;deki son durumlara \u0131\u015f\u0131k tutan bir sunum takdim etti. Caferi, Suriye krizinin \u00fczerinden 4 y\u0131ldan fazla bir s\u00fcrenin ge\u00e7mesi ard\u0131ndan yurti\u00e7i, b\u00f6lgesel ve uluslararas\u0131 boyutlar\u0131yla i\u00e7inde olanlar\u0131n art\u0131k her kes taraf\u0131ndan bilindi\u011fini belirtti. B\u00fct\u00fcn herkesin Suriye\u2019nin maruz kald\u0131\u011f\u0131 olaylar\u0131n temelde Suriye&#8217;yi siyasi, ekonomik, sosyal ve k\u00fclt\u00fcrel a\u00e7\u0131dan zay\u0131flatmay\u0131 ama\u00e7lad\u0131\u011f\u0131n\u0131 bildi\u011fine dikkat \u00e7ekti.<\/p>\n<p>S\u00f6zlerine devam eden Caferi, \u201cSuriye\u2019de cereyan edenlerin, Suriye halk\u0131na ve haklar\u0131na kar\u015f\u0131 y\u00fcr\u00fct\u00fclen sava\u015f\u0131 korsan bir sald\u0131r\u0131 ve \u00f6rg\u00fctl\u00fc bir ter\u00f6r olarak nitelendirmesi konusunda anla\u015fmazl\u0131\u011fa d\u00fc\u015fenimiz var m\u0131? B\u00fct\u00fcn bile\u015fenleriyle Suriye halk\u0131na yap\u0131lan sald\u0131r\u0131lar\u0131n yan\u0131 s\u0131ra m\u00fcze, tarihi eser, petrol ve do\u011falgaz\u0131n \u00e7al\u0131nmas\u0131, elektrik \u015febekeleri ve ula\u015f\u0131m ara\u00e7lar\u0131n\u0131n hedef al\u0131nmas\u0131, Suriye fabrikalar\u0131 ve sanayi kurumlar\u0131n\u0131n s\u00f6k\u00fcl\u00fcp T\u00fcrkiye\u2019ye ka\u00e7\u0131r\u0131l\u0131p sanayi alt yap\u0131s\u0131n\u0131n ya\u011fmalan\u0131p sabote edilmesi, ibadet yerlerinin bombalanmas\u0131, binlerce vatanda\u015f\u0131m\u0131z\u0131n ka\u00e7\u0131r\u0131lmas\u0131, kad\u0131nlar\u0131n ve k\u0131zlar\u0131n seks i\u015f\u00e7ileri olarak \u00e7al\u0131\u015ft\u0131r\u0131lmalar\u0131, \u00f6zel ve kamu kurumlar\u0131n\u0131n sabote edilmesi, hastane ve okullar\u0131n y\u0131k\u0131lmas\u0131, binlerce \u00f6\u011frencinin e\u011fitimden ve sa\u011fl\u0131k hizmetlerinden mahrum b\u0131rak\u0131larak ter\u00f6rist cemaatlerin saflar\u0131nda \u00f6rg\u00fctlendirilmeleri, ter\u00f6rist s\u00fcr\u00fcleri ve kiral\u0131klar katiller taraf\u0131ndan insanlar\u0131n kesilmesi\u2026 ve daha bir\u00e7ok \u015fey.. B\u00fct\u00fcn bunlara \u201chalk devrimi\u201d ba\u015fl\u0131\u011f\u0131 alt\u0131nda yapmak yada kabul etmek mant\u0131kl\u0131 m\u0131d\u0131r???\u201d sorusunu dile getirdi.<\/p>\n<p>Caferi; \u201cLiderleri \u00c7e\u00e7enli Ebu \u00d6mer, Libyal\u0131 Ebu Suhayb, Ba\u011fdatl\u0131 Ebu Bekir, \u0130ngiliz Ebu John, \u00dcrd\u00fcnl\u00fc Ebu Abdullah, Kuveytli Ebu Talha, Suudili Ebu Gosan, Tunuslu Ebu Zehra, M\u0131s\u0131rl\u0131 Ebu Hafsa, Irakl\u0131 Ebu Eyy\u00fcp, Afganl\u0131 Ebu Hafter, Kanadal\u0131 Ebu Abd\u00fcrhman, Avustralyal\u0131 Ebu Velit, Frans\u0131z Ebu Merve, \u0130rlandal\u0131 Ebu Huzeyfe, Amerikal\u0131 Ebu Hureyra ve daha benzer kod adlar\u0131yla bilinen onlarca az\u0131l\u0131 katilin herhangi bir \u00fclkede \u2018devrim\u2019 yada \u2018cihat\u2019 ad\u0131 alt\u0131nda bulunduklar\u0131 eylemleri \u2018devrim\u2019 olarak nitelendirmek ciddi bir hata ve mant\u0131ks\u0131zl\u0131\u011f\u0131n alas\u0131d\u0131r. Buna ikna olmak yada inanmak kesinlikle m\u00fcmk\u00fcn de\u011fildir..\u201d \u015feklinde konu\u015ftu.<\/p>\n<p>Caferi b\u00fct\u00fcn bunlara ra\u011fmen gerek muhalif, gerek kimi devletlerin yetkilileri gerekse medyada Suriye&#8217;de \u2018halk devrim\u2019inden s\u00f6z edenlerin bulundu\u011funa i\u015faret ederek, bunun ne derecede inand\u0131r\u0131c\u0131 yada mant\u0131kl\u0131 olaca\u011f\u0131 sorusuna dikkat \u00e7ekti.<\/p>\n<p>Suriye devlet ve halk olarak par\u00e7alama ama\u00e7l\u0131 olarak daha \u00f6nceden haz\u0131rlanan planlara dikkat \u00e7eken Caferi; bu ba\u011flamda Suriye&#8217;de her t\u00fcrl\u00fc vah\u015feti i\u015fleyen ter\u00f6ristlerin desteklendi\u011fini s\u00f6yledi. Caferi bu konuda herhangi bir ku\u015fkusu olanlar\u0131n, Suriye&#8217;ye y\u00f6nelik provokasyonda bulunan ve bulunmaya devam eden kimi bat\u0131l\u0131 medya ara\u00e7lar\u0131n\u0131n haberleri ve raporlar\u0131na d\u00f6nmeleri gerekti\u011fini ifade etti. Suriye&#8217;deki kriz konusunda Bat\u0131l\u0131 kimi yetkililerin a\u00e7\u0131klamalar\u0131na ilaveten Suriye konusundaki ger\u00e7ekleri de\u015fifre eden kitaplara i\u015faret etti.<\/p>\n<p>T\u00fcrkiye&#8217;deki rejimin Kaide \u00d6rg\u00fct\u00fcn\u00fcn Suriye&#8217;deki kolu Nusra Cephesi ve di\u011fer ter\u00f6r \u00f6rg\u00fctleri destekleyen tutumlar\u0131na da vurgu yapan Caferi, g\u00f6revden al\u0131nan T\u00fcrkiyeli Yarg\u0131\u00e7 Aziz Takc\u0131 ve daha bir\u00e7ok T\u00fcrkiyeli \u015fahsiyetin a\u00e7\u0131klamalar\u0131na, T\u00fcrkiye medyas\u0131n da \u00e7\u0131kan haberlere \u00a0dikkat \u00e7ekti. Caferi t\u00fcm bunlar\u0131n T\u00fcrkiye&#8217;deki rejimin ter\u00f6r \u00f6rg\u00fctlere deste\u011fini net bir \u015fekilde de\u015fifre etti\u011finin alt\u0131n\u0131 \u00e7izdi.<\/p>\n<p>Caferi T\u00fcrkiye rejimi ve daha ba\u015fka kimi taraflar\u0131n ter\u00f6re desteklerini \u00f6rtbas etme amac\u0131yla \u2018\u0131l\u0131ml\u0131 muhalifler\u2019 ad\u0131n\u0131 kulland\u0131klar\u0131na dikkat \u00e7ekerek, Kaide \u00d6rg\u00fct\u00fcn\u00fcn aleni bir kolu olan ve G\u00fcvenlik Konseyinin uluslar aras\u0131 ter\u00f6r \u00f6rg\u00fctleri listesinde yer alan Nusra Cephesinin T\u00fcrkiye ve s\u00f6z konusu taraflardan ald\u0131\u011f\u0131 deste\u011fe vurgu yapt\u0131.<\/p>\n<p>S\u00f6zlerine devam eden Caferi; Suriye&#8217;ye d\u00fcnyan\u0131n onlarca devletinden ter\u00f6rist ak\u0131n\u0131 yap\u0131ld\u0131\u011f\u0131n\u0131, bunun da Bat\u0131l\u0131 devletlerin yan\u0131 s\u0131ra G\u00fcvenlik Konseyi taraf\u0131ndan resmi bir \u015fekilde itiraf edildi\u011fini s\u00f6yledi.<\/p>\n<p>Suriye Arap Cumhuriyetinin h\u00fck\u00fcmet heyeti ba\u015fkan\u0131 Caferi; Suriye ve halk\u0131na y\u00f6nelik evrensel sava\u015f e\u015fli\u011finde olduk\u00e7a b\u00fcy\u00fck bir medya sava\u015f\u0131 da y\u00fcr\u00fct\u00fcld\u00fc\u011f\u00fcne dikkat \u00e7ekti. Bu ba\u011flamda Suriye konusunda ger\u00e7eklerin \u00e7arp\u0131t\u0131ld\u0131\u011f\u0131n\u0131 ve d\u00fcnya kamuoyunun kand\u0131r\u0131ld\u0131\u011f\u0131na dikkat \u00e7eken Caferi, kimyasal sald\u0131r\u0131, insani durumlar ve sivillerin hedef al\u0131nmas\u0131 konular\u0131nda yap\u0131lan \u00e7arp\u0131tmalara vurgu yapt\u0131.<\/p>\n<p>Arap, B\u00f6lgesel ve evrensel kimi devletlerin aleni bir \u015fekilde ter\u00f6r ve radikalli\u011fe provokasyon yapan web siteleri yada televizyon kanallar\u0131n\u0131n yay\u0131n\u0131na izin vermelerinin kas\u0131tl\u0131 oldu\u011funa dikkat \u00e7eken Caferi; G\u00fcvenlik Konseyinin ter\u00f6ristlere destek, e\u011fitim, finans, bar\u0131nak yada kolayl\u0131k sa\u011flanmas\u0131n\u0131 yasaklayan 2170, 2178 ve 2199 say\u0131l\u0131 kararlar\u0131na ra\u011fmen T\u00fcrkiye, \u00dcrd\u00fcn, \u0130srail, Suudi Arabistan, Katar ve daha ba\u015fka devletlerin bu kararlara ald\u0131rmaks\u0131z\u0131n desteklerini s\u00fcrd\u00fcrd\u00fcklerine dikkat \u00e7ekti.<\/p>\n<p>\u0130srail&#8217;in Suriye&#8217;ye bulundu\u011fu sald\u0131r\u0131lara da dikkat \u00e7eken Caferi; bu sald\u0131r\u0131lar\u0131n \u2018devrim\u2019 yada Suriye halk\u0131n\u0131n \u00e7\u0131karlar\u0131na hizmet eden sald\u0131r\u0131lar olarak nitelendirilmesini ele\u015ftirdi. Caferi Suriye ve halk\u0131n\u0131 temsil ettiklerini iddia eden kimi muhaliflerin bu sald\u0131r\u0131lar\u0131ndan dolay\u0131 \u0130srail\u2019i kutlamalar\u0131n\u0131n ne derecede vatan hainli\u011fi say\u0131ld\u0131\u011f\u0131na vurgu yapt\u0131.<\/p>\n<p>S\u00f6zlerine devam eden Caferi; t\u00fcm bu g\u00f6r\u00fc\u015fmelerden temel amac\u0131n Suriye ve halk\u0131n\u0131 ya\u015fad\u0131\u011f\u0131 bu ac\u0131lardan ve sava\u015ftan kurtarma y\u00f6n\u00fcnde odaklanmas\u0131 gerekti\u011finin alt\u0131n\u0131 \u00e7izdi. Fakat d\u0131\u015f g\u00fc\u00e7lerin ve devletlerin m\u00fcdahaleleriyle \u00e7\u00f6z\u00fcme varman\u0131n m\u00fcmk\u00fcn olmad\u0131\u011f\u0131na dikkat \u00e7eken Caferi; \u00f6yle ki her devletin kendi ajandalar\u0131 ve \u00e7\u0131karlar\u0131 y\u00f6n\u00fcnde \u00e7\u00f6z\u00fcm\u00fc engellemeye, destekledi\u011fi ter\u00f6r \u00f6rg\u00fctlerini de y\u00f6nlendirip \u015fiddet ve ter\u00f6re provoke ettiklerini belirtti.<\/p>\n<p>Caferi Suriye h\u00fck\u00fcmetinin t\u00fcm muhalif \u015fahsiyetlerden ba\u011f\u0131ms\u0131z ve yurtsever bir tutum almalar\u0131 beklentisinde oldu\u011funu, bunun sa\u011flanmas\u0131 ve ulusal \u00e7\u0131karlar\u0131n \u00f6n planda tutulmas\u0131 halinde bizzat Suriyeliler aras\u0131nda \u00e7\u00f6z\u00fclemeyecek hi\u00e7bir sorunun olmad\u0131\u011f\u0131n\u0131n alt\u0131n\u0131 \u00e7izdi. Fakat bu ba\u011flamda ulusal egemenlik ve ba\u011f\u0131ms\u0131zl\u0131\u011f\u0131n yan\u0131 s\u0131ra toprak ve halk b\u00fct\u00fcnl\u00fc\u011f\u00fcn\u00fcn vazge\u00e7ilmez temel ilkeler oldu\u011funun alt\u0131n\u0131 \u00e7izen Caferi; Suriye&#8217;de istikrar ve g\u00fcvenli\u011fin sa\u011flanmas\u0131n\u0131n yegane yolunun kapsaml\u0131 ulusal diyalog oldu\u011funu vurgulad\u0131.<\/p>\n<p>A.A. -S.\u015e.<\/p>\n","protected":false},"excerpt":{"rendered":"<p>MOSKOVA \u2013 Suriye Arap Cumhuriyetinin h\u00fck\u00fcmet heyeti ile muhalif \u015fahsiyetler heyeti aras\u0131nda Moskova\u2019da d\u00fczenlenen ikinci tur isti\u015fare g\u00f6r\u00fc\u015fmelerinin \u00fc\u00e7\u00fcnc\u00fc oturumu yap\u0131ld\u0131. H\u00fck\u00fcmet heyetinin ba\u015fkan\u0131 Suriye&#8217;nin BM daimi temsilcisi Be\u015f\u015far el Caferi \u0130kinci tur g\u00f6r\u00fc\u015fmelerin ilk oturumunda yapt\u0131\u011f\u0131 a\u00e7\u0131l\u0131\u015f konu\u015fmas\u0131nda Suriye h\u00fck\u00fcmetinin; g\u00f6r\u00fc\u015fmelerin Rus arac\u0131s\u0131 Vitali Naomkin\u2019in takdim etti\u011fi g\u00fcndemin temel noktalar\u0131n\u0131 s\u0131ralama s\u0131ras\u0131na g\u00f6re Suriye &hellip;<\/p>\n","protected":false},"author":1,"featured_media":29001,"comment_status":"closed","ping_status":"closed","sticky":false,"template":"","format":"standard","meta":{"footnotes":""},"categories":[458,459,2554,2555],"tags":[],"class_list":["post-29022","post","type-post","status-publish","format-standard","has-post-thumbnail","","category-dunya1","category-haberler-arap-uluslararasi-politika","category-suriye-ve-dunya","category-suriye-ve-turkiye"],"_links":{"self":[{"href":"https:\/\/archive.sana.sy\/tr\/index.php?rest_route=\/wp\/v2\/posts\/29022","targetHints":{"allow":["GET"]}}],"collection":[{"href":"https:\/\/archive.sana.sy\/tr\/index.php?rest_route=\/wp\/v2\/posts"}],"about":[{"href":"https:\/\/archive.sana.sy\/tr\/index.php?rest_route=\/wp\/v2\/types\/post"}],"author":[{"embeddable":true,"href":"https:\/\/archive.sana.sy\/tr\/index.php?rest_route=\/wp\/v2\/users\/1"}],"replies":[{"embeddable":true,"href":"https:\/\/archive.sana.sy\/tr\/index.php?rest_route=%2Fwp%2Fv2%2Fcomments&post=29022"}],"version-history":[{"count":0,"href":"https:\/\/archive.sana.sy\/tr\/index.php?rest_route=\/wp\/v2\/posts\/29022\/revisions"}],"wp:featuredmedia":[{"embeddable":true,"href":"https:\/\/archive.sana.sy\/tr\/index.php?rest_route=\/wp\/v2\/media\/29001"}],"wp:attachment":[{"href":"https:\/\/archive.sana.sy\/tr\/index.php?rest_route=%2Fwp%2Fv2%2Fmedia&parent=29022"}],"wp:term":[{"taxonomy":"category","embeddable":true,"href":"https:\/\/archive.sana.sy\/tr\/index.php?rest_route=%2Fwp%2Fv2%2Fcategories&post=29022"},{"taxonomy":"post_tag","embeddable":true,"href":"https:\/\/archive.sana.sy\/tr\/index.php?rest_route=%2Fwp%2Fv2%2Ftags&post=29022"}],"curies":[{"name":"wp","href":"https:\/\/api.w.org\/{rel}","templated":true}]}}