{"id":29028,"date":"2015-04-08T21:03:10","date_gmt":"2015-04-08T18:03:10","guid":{"rendered":"http:\/\/www.sana.sy\/tr\/?p=29028"},"modified":"2015-04-09T12:40:31","modified_gmt":"2015-04-09T09:40:31","slug":"terore-karsi-askeri-operasyonlari-basariyla-devam-ediyor","status":"publish","type":"post","link":"https:\/\/archive.sana.sy\/tr\/?p=29028","title":{"rendered":"Ter\u00f6re Kar\u015f\u0131 Askeri Operasyonlar\u0131 Ba\u015far\u0131yla Devam Ediyor"},"content":{"rendered":"<p>\u0130LLER \u2013 T\u00fcrkiye ve Al Suud rejiminin destekledikleri ter\u00f6r \u00f6rg\u00fctleri \u00e7etelerine kar\u015f\u0131 operasyonlar\u0131n\u0131 s\u00fcrd\u00fcren kahraman ordu birliklerimiz bug\u00fcn aralar\u0131nda yabanc\u0131 uyruklular\u0131n bulundu\u011fu \u00e7ok say\u0131da ter\u00f6risti \u00f6ld\u00fcr\u00fcp su\u00e7 edatlar\u0131n\u0131 da imha etti.<\/p>\n<p><span style=\"color: #0000ff\">\u015eam K\u0131rsal\u0131nda Ter\u00f6r Gruplar\u0131n Eleba\u015flar\u0131 Aralar\u0131nda Bulundu\u011fu Onlarca Ter\u00f6rist \u00d6ld\u00fcr\u00fcld\u00fc<\/span><\/p>\n<p>SANA muhabiri, ordu birliklerimizin \u015eam k\u0131rsal\u0131 Duma Kentinin el Hacariye Semtine ilaveten kent civar\u0131ndaki \u00e7iftliklerde \u2018\u0130slam Ordusu\u2019nun yuva ve k\u00fcmelenme yerlerini hedef ald\u0131klar\u0131n\u0131 ifade etti.<\/p>\n<p>aynak; operasyonlarda a\u011f\u0131r makineli silahla donat\u0131lm\u0131\u015f bir arac\u0131n imha edilip 15\u2019ten fazla ter\u00f6ristin \u00f6ld\u00fcr\u00fcld\u00fc\u011f\u00fcn\u00fc s\u00f6yledi.<\/p>\n<p>Ordu birliklerimizin Duma Kentinin Celaa Caddesinde ise ter\u00f6ristlere ait 4 arac\u0131 imha ettiklerini aktaran kaynak; \u00e7ok say\u0131da ter\u00f6risti \u00f6l\u00fc ve yaral\u0131 d\u00fc\u015f\u00fcrd\u00fcklerini belirtti. Kaynak; \u00f6ld\u00fcr\u00fclen ter\u00f6ristler aras\u0131nda Bilal el Dumani, Firas Subhiye, Semir Sammadi ve Muhammed Talip adl\u0131 grup eleba\u015f\u0131n\u0131n bulundu\u011funa dikkat \u00e7ekti.<\/p>\n<p>Duma\u2019n\u0131n kuzeydo\u011fu kenarlar\u0131nda Tel Kurdi \u00c7iftliklerinde ordu birliklerimizin ter\u00f6ristlerle \u00e7at\u0131\u015fmaya girdiklerini belirten kaynak; \u00e7at\u0131\u015fmada 15\u2019ten fazla ter\u00f6ristin \u00f6ld\u00fcrd\u00fc\u011f\u00fcn\u00fc s\u00f6yledi.<\/p>\n<p>Ordu birliklerimiz ayn\u0131 zamanda el Ub \u00c7iftliklerinde \u2018Acnad el \u015eam\u2019 \u00e7etelerinin bir yuvas\u0131n\u0131 muhtevalar\u0131yla imha etmesi sonucunda grup eleba\u015f\u0131 Muhammed el Deaas\u2019\u0131n aralar\u0131nda bulundu\u011fu bir\u00e7ok ter\u00f6risti \u00f6ld\u00fcrd\u00fc.<\/p>\n<p><span style=\"color: #0000ff\">Dera ve K\u0131rsal\u0131nda Nusra Cephesi B\u00fcy\u00fck Kay\u0131plara U\u011frat\u0131ld\u0131<\/span><\/p>\n<p>Askeri kaynak; ordu birliklerimizin Dera k\u0131rsal\u0131n\u0131n kuzeybat\u0131s\u0131 el Cedide ve Kefar \u015eems k\u00f6ylerinde Nusra Cephesi ve \u2018Musenna \u0130slami Hareketi\u2019nin toplanma yerlerini hedef ald\u0131klar\u0131n\u0131 ifade etti. Kaynak; operasyonlarda aralar\u0131nda yabanc\u0131 uyruklu ve saha komutanlar\u0131n\u0131n bulundu\u011fu olduk\u00e7a y\u00fcksek say\u0131da ter\u00f6ristin \u00f6l\u00fc ve yaral\u0131 d\u00fc\u015f\u00fcr\u00fcld\u00fc\u011f\u00fcn\u00fc, a\u011f\u0131r makineli silahla donat\u0131lm\u0131\u015f 4 arac\u0131n da imha edildi\u011fini belirtti.<\/p>\n<p>Dera k\u0131rsal\u0131 Enhil B\u00f6lgesine ilaveten Dera el Beled Semti ve Nazihin Kamp\u0131nda ter\u00f6ristlere kar\u015f\u0131 nitelikli operasyonlar\u0131n\u0131 s\u00fcrd\u00fcren ordu birliklerimiz; yine \u00e7ok say\u0131da ter\u00f6risti \u00f6l\u00fc ve yaral\u0131 d\u00fc\u015f\u00fcr\u00fcp bir arac\u0131 da muhtevalar\u0131yla imha etti.<\/p>\n<p>Ordu birliklerimiz Dera k\u0131rsal\u0131n\u0131n do\u011fusu Ciyze Beldesinde ise bir cephane depolar\u0131na ilaveten yine cephane ta\u015f\u0131yan bir\u00e7ok arac\u0131 muhtevalar\u0131yla imha etti. Operasyonda onlarca ter\u00f6ristin \u00f6l\u00fc yaral\u0131 d\u00fc\u015f\u00fcr\u00fcld\u00fc\u011f\u00fc bildirildi.<\/p>\n<p><span style=\"color: #0000ff\">Kunaytra K\u0131rsal\u0131nda \u00c7ok Say\u0131da Ter\u00f6rist \u00d6l\u00fc ve Yaral\u0131 D\u00fc\u015f\u00fcr\u00fcld\u00fc<\/span><\/p>\n<p>Bu arada ordu birliklerimiz Kunaytra k\u0131rsal\u0131n\u0131n g\u00fcneydo\u011fusu Meshara ve el Hamidiye k\u00f6ylerinde Nusra Cephesi ve di\u011fer \u00f6rg\u00fctlerinin saflar\u0131nda \u00e7ok say\u0131da ter\u00f6risti \u00f6l\u00fc ve yaral\u0131 d\u00fc\u015f\u00fcrd\u00fc.<\/p>\n<p><span style=\"color: #0000ff\">Homs K\u0131rsal\u0131nda Karargah ve K\u00fcmelenme Yerlerine Y\u00f6nelik Operasyonlar S\u00fcr\u00fcyor<\/span><\/p>\n<p>\u00d6te yandan ordu birliklerimiz Homs k\u0131rsal\u0131 Um \u015eer\u015fuh Kalesinin bat\u0131s\u0131, \u015eair Petrol Platformu yak\u0131nlar\u0131 ve Cezl K\u00f6y\u00fcnde I\u015e\u0130D\u2019in k\u00fcmelenme yerlerini hedef almalar\u0131yla \u00e7ok say\u0131da ter\u00f6risti \u00f6l\u00fc ve yaral\u0131 d\u00fc\u015f\u00fcrd\u00fc.<\/p>\n<p>Homs k\u0131rsal\u0131n\u0131n do\u011fusu Bat\u0131 Habra, Sultaniye, Ebu Havadit, Racm el Kasr, Hattimlo, Bat\u0131 Sellam ve Beyt Kefa \u00c7iftlikleri b\u00f6lgelerinde yine radikal ve hain \u00e7etelere y\u00f6nelik operasyonlar\u0131n\u0131 s\u00fcrd\u00fcren ordu birliklerimiz; onlarca ter\u00f6risti \u00f6l\u00fc ve yaral\u0131 d\u00fc\u015f\u00fcr\u00fcp silah ve m\u00fchimmatlar\u0131n\u0131 da imha etti.<\/p>\n<p><span style=\"color: #0000ff\">S\u00fcveyda K\u0131rsal\u0131nda I\u015e\u0130D\u2019in B\u00fcy\u00fck Bir Toplanma Yeri Hedef Al\u0131nd\u0131<\/span><\/p>\n<p>Askeri kaynak; ordu birliklerimizin S\u00fcveyda k\u0131rsal\u0131n\u0131n kuzeydo\u011fusu el Kasr K\u00f6y\u00fcnde I\u015e\u0130D\u2019e ait b\u00fcy\u00fck bir toplanma yerini hedef ald\u0131klar\u0131n\u0131 belirtti. Kaynak operasyonda bir k\u0131sm\u0131 a\u011f\u0131r makineli silahla donat\u0131lm\u0131\u015f bir\u00e7ok arac\u0131n imha edilip \u00e7ok say\u0131da ter\u00f6ristin \u00f6l\u00fc ve yaral\u0131 d\u00fc\u015f\u00fcrd\u00fc\u011f\u00fcne dikkat \u00e7ekti.<\/p>\n<p><span style=\"color: #0000ff\">\u0130dlib K\u0131rsal\u0131nda Toplanma Mevkileri Hedef Al\u0131nd\u0131<\/span><\/p>\n<p>Di\u011fer yandan ordu birliklerimiz \u0130dlib k\u0131rsal\u0131n\u0131n kuzeyinde T\u00fcrkiye s\u0131n\u0131r\u0131ndan 10 km uzakta d\u00fc\u015fen Kefar Taharim Beldesinde Nusra Cephesinin ara\u00e7lar\u0131n\u0131 ta\u015f\u0131d\u0131klar\u0131 ter\u00f6ristlerle birlikte imha etti.<\/p>\n<p>\u0130dlib k\u0131rsal\u0131n\u0131n Benni\u015f, Jobas, Beyyaat el Sehhani, Deb\u015fiye ve Ayn el Savda b\u00f6lgelerinde T\u00fcrkiye&#8217;deki rejimin destekledi\u011fi Nusra Cephesi mevkilerini hedef alan ordu birliklerimiz, onlarca ter\u00f6risti ara\u00e7 ve silahlar\u0131yla birlikte etkisizle\u015ftirdi.<\/p>\n<p>Ordu birliklerimiz \u0130dlib k\u0131rsal\u0131n\u0131n g\u00fcneyi Kefar Haya,Maarbleyt, Kefar Ruma ve Tel Aas b\u00f6lgelerinde \u2018Suriye Devrimcileri Cephesi\u2019 ve \u2018Ahrar el \u015eam \u0130slami Hareketi\u2019nin saflar\u0131nda \u00e7ok say\u0131da ter\u00f6risti \u00f6l\u00fc ve yaral\u0131 d\u00fc\u015f\u00fcrd\u00fc.<\/p>\n<p><span style=\"color: #0000ff\">Hama K\u0131rsal\u0131nda Ter\u00f6ristlerin Ara\u00e7lar\u0131 ve Su\u00e7 Edatlar\u0131 \u0130mha Edildi<\/span><\/p>\n<p>Hama k\u0131rsal\u0131n\u0131n muhtelif b\u00f6lgelerinde tekfirci ve hain ter\u00f6r \u00e7etelere y\u00f6nelik operasyonlar\u0131n\u0131 s\u00fcrd\u00fcren ordu birliklerimiz; Kuzey Kastal, Kefar Zeyta, Muzamiye, Ebu Hbiylat, Mesud, Cub el Merabea, Tuvybiye, Sayyad ve Dkeyla b\u00f6lgelerinde \u00e7ok say\u0131da ara\u00e7la birlikte onlarca ter\u00f6risti \u00f6ld\u00fcrd\u00fc.<\/p>\n<p>M.M. &#8211; A.A.<\/p>\n","protected":false},"excerpt":{"rendered":"<p>\u0130LLER \u2013 T\u00fcrkiye ve Al Suud rejiminin destekledikleri ter\u00f6r \u00f6rg\u00fctleri \u00e7etelerine kar\u015f\u0131 operasyonlar\u0131n\u0131 s\u00fcrd\u00fcren kahraman ordu birliklerimiz bug\u00fcn aralar\u0131nda yabanc\u0131 uyruklular\u0131n bulundu\u011fu \u00e7ok say\u0131da ter\u00f6risti \u00f6ld\u00fcr\u00fcp su\u00e7 edatlar\u0131n\u0131 da imha etti. \u015eam K\u0131rsal\u0131nda Ter\u00f6r Gruplar\u0131n Eleba\u015flar\u0131 Aralar\u0131nda Bulundu\u011fu Onlarca Ter\u00f6rist \u00d6ld\u00fcr\u00fcld\u00fc SANA muhabiri, ordu birliklerimizin \u015eam k\u0131rsal\u0131 Duma Kentinin el Hacariye Semtine ilaveten kent civar\u0131ndaki &hellip;<\/p>\n","protected":false},"author":1,"featured_media":29029,"comment_status":"closed","ping_status":"closed","sticky":false,"template":"","format":"standard","meta":{"footnotes":""},"categories":[575],"tags":[13426,13425],"class_list":["post-29028","post","type-post","status-publish","format-standard","has-post-thumbnail","","category-olaylar-ve-gercekler","tag-iller-turkiye-ve-al-suud-rejiminin-destekledikleri-teror-orgutleri-cetelerine-karsi-operasyonlarini-surduren-kahraman-ordu-birliklerimiz-bugun-aralarinda-yabanci-uyruklularin-bulundugu-cok-s","tag-terore-karsi-askeri-operasyonlari-basariyla-devam-ediyor"],"_links":{"self":[{"href":"https:\/\/archive.sana.sy\/tr\/index.php?rest_route=\/wp\/v2\/posts\/29028","targetHints":{"allow":["GET"]}}],"collection":[{"href":"https:\/\/archive.sana.sy\/tr\/index.php?rest_route=\/wp\/v2\/posts"}],"about":[{"href":"https:\/\/archive.sana.sy\/tr\/index.php?rest_route=\/wp\/v2\/types\/post"}],"author":[{"embeddable":true,"href":"https:\/\/archive.sana.sy\/tr\/index.php?rest_route=\/wp\/v2\/users\/1"}],"replies":[{"embeddable":true,"href":"https:\/\/archive.sana.sy\/tr\/index.php?rest_route=%2Fwp%2Fv2%2Fcomments&post=29028"}],"version-history":[{"count":0,"href":"https:\/\/archive.sana.sy\/tr\/index.php?rest_route=\/wp\/v2\/posts\/29028\/revisions"}],"wp:featuredmedia":[{"embeddable":true,"href":"https:\/\/archive.sana.sy\/tr\/index.php?rest_route=\/wp\/v2\/media\/29029"}],"wp:attachment":[{"href":"https:\/\/archive.sana.sy\/tr\/index.php?rest_route=%2Fwp%2Fv2%2Fmedia&parent=29028"}],"wp:term":[{"taxonomy":"category","embeddable":true,"href":"https:\/\/archive.sana.sy\/tr\/index.php?rest_route=%2Fwp%2Fv2%2Fcategories&post=29028"},{"taxonomy":"post_tag","embeddable":true,"href":"https:\/\/archive.sana.sy\/tr\/index.php?rest_route=%2Fwp%2Fv2%2Ftags&post=29028"}],"curies":[{"name":"wp","href":"https:\/\/api.w.org\/{rel}","templated":true}]}}