{"id":290337,"date":"2023-10-17T15:46:10","date_gmt":"2023-10-17T12:46:10","guid":{"rendered":"https:\/\/sana.sy\/tr\/?p=290337"},"modified":"2023-10-19T08:49:16","modified_gmt":"2023-10-19T05:49:16","slug":"buyukelci-bessam-sabbag-cumhurbaskani-esadin-onunde-disisleri-ve-gurbetciler-bakan-yardimcisi-olarak-anayasa-yeminini-etti","status":"publish","type":"post","link":"https:\/\/archive.sana.sy\/tr\/?p=290337","title":{"rendered":"B\u00fcy\u00fckel\u00e7i Bessam Sabba\u011f, Cumhurba\u015fkan\u0131 Esad&#8217;\u0131n \u00d6n\u00fcnde D\u0131\u015fi\u015fleri Ve Gurbet\u00e7iler Bakan Yard\u0131mc\u0131s\u0131 Olarak Anayasa Yeminini Etti"},"content":{"rendered":"<p style=\"text-align: justify;\"><strong>\u015eAM 17 EK\u0130M (SANA) &#8211;<\/strong> Cumhurba\u015fkan\u0131 Be\u015f\u015far Esad&#8217;\u0131n huzurunda B\u00fcy\u00fckel\u00e7i Bessam Sabba\u011f, D\u0131\u015fi\u015fleri ve G\u00f6\u00e7menler Bakan Yard\u0131mc\u0131s\u0131 olarak yemin etti.<\/p>\n<p style=\"text-align: center;\"><strong><a href=\"https:\/\/t.me\/SuriyeArapHaberAjansI\">Telegram Kanal\u0131m\u0131z\u00a0<\/a><span style=\"color: #ff0000;\">||<\/span><a href=\"https:\/\/twitter.com\/arap_ajans\">X Platformumuz\u00a0<\/a><span style=\"color: #ff0000;\">||<\/span><a href=\"https:\/\/www.facebook.com\/SANAHaberAjansi\/\">Facebook Sayfam\u0131z<\/a><\/strong><\/p>\n","protected":false},"excerpt":{"rendered":"<p>\u015eAM 17 EK\u0130M (SANA) &#8211; Cumhurba\u015fkan\u0131 Be\u015f\u015far Esad&#8217;\u0131n huzurunda B\u00fcy\u00fckel\u00e7i Bessam Sabba\u011f, D\u0131\u015fi\u015fleri ve G\u00f6\u00e7menler Bakan Yard\u0131mc\u0131s\u0131 olarak yemin etti. Telegram Kanal\u0131m\u0131z\u00a0||X Platformumuz\u00a0||Facebook Sayfam\u0131z<\/p>\n","protected":false},"author":41,"featured_media":290338,"comment_status":"closed","ping_status":"closed","sticky":false,"template":"","format":"standard","meta":{"footnotes":""},"categories":[606,605,17988],"tags":[40148,40149],"class_list":["post-290337","post","type-post","status-publish","format-standard","has-post-thumbnail","","category-cumhurbaskani","category-sayin-cumhurbaskani","category-son-haberler","tag-buyukelci-bessam-sabbag","tag-cumhurbaskani-esadin-onunde-disisleri-ve-gurbetciler-bakan-yardimcisi-olarak-anayasa-yeminini-etti"],"_links":{"self":[{"href":"https:\/\/archive.sana.sy\/tr\/index.php?rest_route=\/wp\/v2\/posts\/290337","targetHints":{"allow":["GET"]}}],"collection":[{"href":"https:\/\/archive.sana.sy\/tr\/index.php?rest_route=\/wp\/v2\/posts"}],"about":[{"href":"https:\/\/archive.sana.sy\/tr\/index.php?rest_route=\/wp\/v2\/types\/post"}],"author":[{"embeddable":true,"href":"https:\/\/archive.sana.sy\/tr\/index.php?rest_route=\/wp\/v2\/users\/41"}],"replies":[{"embeddable":true,"href":"https:\/\/archive.sana.sy\/tr\/index.php?rest_route=%2Fwp%2Fv2%2Fcomments&post=290337"}],"version-history":[{"count":3,"href":"https:\/\/archive.sana.sy\/tr\/index.php?rest_route=\/wp\/v2\/posts\/290337\/revisions"}],"predecessor-version":[{"id":290341,"href":"https:\/\/archive.sana.sy\/tr\/index.php?rest_route=\/wp\/v2\/posts\/290337\/revisions\/290341"}],"wp:featuredmedia":[{"embeddable":true,"href":"https:\/\/archive.sana.sy\/tr\/index.php?rest_route=\/wp\/v2\/media\/290338"}],"wp:attachment":[{"href":"https:\/\/archive.sana.sy\/tr\/index.php?rest_route=%2Fwp%2Fv2%2Fmedia&parent=290337"}],"wp:term":[{"taxonomy":"category","embeddable":true,"href":"https:\/\/archive.sana.sy\/tr\/index.php?rest_route=%2Fwp%2Fv2%2Fcategories&post=290337"},{"taxonomy":"post_tag","embeddable":true,"href":"https:\/\/archive.sana.sy\/tr\/index.php?rest_route=%2Fwp%2Fv2%2Ftags&post=290337"}],"curies":[{"name":"wp","href":"https:\/\/api.w.org\/{rel}","templated":true}]}}