{"id":290350,"date":"2023-10-17T15:00:31","date_gmt":"2023-10-17T12:00:31","guid":{"rendered":"https:\/\/sana.sy\/tr\/?p=290350"},"modified":"2023-10-18T14:27:00","modified_gmt":"2023-10-18T11:27:00","slug":"savunma-bakanligi-silahli-kuvvetlerimize-bagli-birimler-idlib-ve-halep-kirsalinda-cok-sayida-ihayi-dusurdu","status":"publish","type":"post","link":"https:\/\/archive.sana.sy\/tr\/?p=290350","title":{"rendered":"Savunma Bakanl\u0131\u011f\u0131: Silahl\u0131 Kuvvetlerimize Ba\u011fl\u0131 Birimler \u0130dlib Ve Halep K\u0131rsal\u0131nda \u00c7ok Say\u0131da \u0130HA\u2019y\u0131 D\u00fc\u015f\u00fcrd\u00fc"},"content":{"rendered":"<p style=\"text-align: justify;\"><strong>\u015eAM 17 EK\u0130M (SANA)<\/strong> &#8211; Silahl\u0131 kuvvetlerimize ba\u011fl\u0131 birimler \u0130dlib ve Halep k\u0131rsal\u0131nda 6 \u0130HA&#8217;y\u0131 vurarak imha etmeyi ba\u015fard\u0131.<\/p>\n<p style=\"text-align: justify;\">Savunma Bakanl\u0131\u011f\u0131 Facebook sayfas\u0131nda yapt\u0131\u011f\u0131 a\u00e7\u0131klamada, \u2018\u2019Silahl\u0131 kuvvetlerimizin \u0130dlib k\u0131rsal\u0131 ve Halep istikametinde harekat yapan birimler, bu b\u00f6lgelerde konu\u015flu silahl\u0131 ter\u00f6r \u00f6rg\u00fctlerinin g\u00fcvenli k\u00f6y ve kasabalar ile baz\u0131 askeri noktalar\u0131 hedef almak istedi\u011fi 6 \u0130HA&#8217;y\u0131 vurarak imha etti&#8221; ifadelerini kulland\u0131.<\/p>\n<div id='gallery-1' class='gallery galleryid-290350 gallery-columns-2 gallery-size-medium'><figure class='gallery-item'>\n\t\t\t<div class='gallery-icon portrait'>\n\t\t\t\t<a href='https:\/\/archive.sana.sy\/tr\/?attachment_id=290352'><img loading=\"lazy\" decoding=\"async\" width=\"225\" height=\"300\" src=\"https:\/\/archive.sana.sy\/tr\/wp-content\/uploads\/2023\/10\/photo_2023-10-17_18-55-38-2-225x300.jpg\" class=\"attachment-medium size-medium\" alt=\"\" srcset=\"https:\/\/archive.sana.sy\/tr\/wp-content\/uploads\/2023\/10\/photo_2023-10-17_18-55-38-2-225x300.jpg 225w, https:\/\/archive.sana.sy\/tr\/wp-content\/uploads\/2023\/10\/photo_2023-10-17_18-55-38-2-768x1024.jpg 768w, https:\/\/archive.sana.sy\/tr\/wp-content\/uploads\/2023\/10\/photo_2023-10-17_18-55-38-2.jpg 810w\" sizes=\"auto, (max-width: 225px) 100vw, 225px\" \/><\/a>\n\t\t\t<\/div><\/figure><figure class='gallery-item'>\n\t\t\t<div class='gallery-icon portrait'>\n\t\t\t\t<a href='https:\/\/archive.sana.sy\/tr\/?attachment_id=290353'><img loading=\"lazy\" decoding=\"async\" width=\"198\" height=\"300\" src=\"https:\/\/archive.sana.sy\/tr\/wp-content\/uploads\/2023\/10\/photo_2023-10-17_18-55-38-198x300.jpg\" class=\"attachment-medium size-medium\" alt=\"\" srcset=\"https:\/\/archive.sana.sy\/tr\/wp-content\/uploads\/2023\/10\/photo_2023-10-17_18-55-38-198x300.jpg 198w, https:\/\/archive.sana.sy\/tr\/wp-content\/uploads\/2023\/10\/photo_2023-10-17_18-55-38-674x1024.jpg 674w, https:\/\/archive.sana.sy\/tr\/wp-content\/uploads\/2023\/10\/photo_2023-10-17_18-55-38.jpg 711w\" sizes=\"auto, (max-width: 198px) 100vw, 198px\" \/><\/a>\n\t\t\t<\/div><\/figure>\n\t\t<\/div>\n\n<p style=\"text-align: center;\"><strong><a href=\"https:\/\/t.me\/SuriyeArapHaberAjansI\">Telegram Kanal\u0131m\u0131z\u00a0<\/a><span style=\"color: #ff0000;\">||<\/span><a href=\"https:\/\/twitter.com\/arap_ajans\">X Platformumuz\u00a0<\/a><span style=\"color: #ff0000;\">||<\/span><a href=\"https:\/\/www.facebook.com\/SANAHaberAjansi\/\">Facebook Sayfam\u0131z<\/a><\/strong><\/p>\n","protected":false},"excerpt":{"rendered":"<p>\u015eAM 17 EK\u0130M (SANA) &#8211; Silahl\u0131 kuvvetlerimize ba\u011fl\u0131 birimler \u0130dlib ve Halep k\u0131rsal\u0131nda 6 \u0130HA&#8217;y\u0131 vurarak imha etmeyi ba\u015fard\u0131. Savunma Bakanl\u0131\u011f\u0131 Facebook sayfas\u0131nda yapt\u0131\u011f\u0131 a\u00e7\u0131klamada, \u2018\u2019Silahl\u0131 kuvvetlerimizin \u0130dlib k\u0131rsal\u0131 ve Halep istikametinde harekat yapan birimler, bu b\u00f6lgelerde konu\u015flu silahl\u0131 ter\u00f6r \u00f6rg\u00fctlerinin g\u00fcvenli k\u00f6y ve kasabalar ile baz\u0131 askeri noktalar\u0131 hedef almak istedi\u011fi 6 \u0130HA&#8217;y\u0131 vurarak &hellip;<\/p>\n","protected":false},"author":41,"featured_media":290351,"comment_status":"closed","ping_status":"closed","sticky":false,"template":"","format":"standard","meta":{"footnotes":""},"categories":[479,575,17988,478],"tags":[40153],"class_list":["post-290350","post","type-post","status-publish","format-standard","has-post-thumbnail","","category-haberler-yerel","category-olaylar-ve-gercekler","category-son-haberler","category-yerel","tag-savunma-bakanligi-silahli-kuvvetlerimize-bagli-birimler-idlib-ve-halep-kirsalinda-cok-sayida-ihayi-dusurdu"],"_links":{"self":[{"href":"https:\/\/archive.sana.sy\/tr\/index.php?rest_route=\/wp\/v2\/posts\/290350","targetHints":{"allow":["GET"]}}],"collection":[{"href":"https:\/\/archive.sana.sy\/tr\/index.php?rest_route=\/wp\/v2\/posts"}],"about":[{"href":"https:\/\/archive.sana.sy\/tr\/index.php?rest_route=\/wp\/v2\/types\/post"}],"author":[{"embeddable":true,"href":"https:\/\/archive.sana.sy\/tr\/index.php?rest_route=\/wp\/v2\/users\/41"}],"replies":[{"embeddable":true,"href":"https:\/\/archive.sana.sy\/tr\/index.php?rest_route=%2Fwp%2Fv2%2Fcomments&post=290350"}],"version-history":[{"count":1,"href":"https:\/\/archive.sana.sy\/tr\/index.php?rest_route=\/wp\/v2\/posts\/290350\/revisions"}],"predecessor-version":[{"id":290354,"href":"https:\/\/archive.sana.sy\/tr\/index.php?rest_route=\/wp\/v2\/posts\/290350\/revisions\/290354"}],"wp:featuredmedia":[{"embeddable":true,"href":"https:\/\/archive.sana.sy\/tr\/index.php?rest_route=\/wp\/v2\/media\/290351"}],"wp:attachment":[{"href":"https:\/\/archive.sana.sy\/tr\/index.php?rest_route=%2Fwp%2Fv2%2Fmedia&parent=290350"}],"wp:term":[{"taxonomy":"category","embeddable":true,"href":"https:\/\/archive.sana.sy\/tr\/index.php?rest_route=%2Fwp%2Fv2%2Fcategories&post=290350"},{"taxonomy":"post_tag","embeddable":true,"href":"https:\/\/archive.sana.sy\/tr\/index.php?rest_route=%2Fwp%2Fv2%2Ftags&post=290350"}],"curies":[{"name":"wp","href":"https:\/\/api.w.org\/{rel}","templated":true}]}}