{"id":290355,"date":"2023-10-18T08:11:33","date_gmt":"2023-10-18T05:11:33","guid":{"rendered":"https:\/\/sana.sy\/tr\/?p=290355"},"modified":"2023-10-21T09:22:08","modified_gmt":"2023-10-21T06:22:08","slug":"suriye-el-mamadani-hastanesinde-yuzlerce-masum-insana-yonelik-siyonist-katliami-barbarca-bir-eylemdir","status":"publish","type":"post","link":"https:\/\/archive.sana.sy\/tr\/?p=290355","title":{"rendered":"Suriye: El Mamadani Hastanesi&#8217;nde Y\u00fczlerce Masum \u0130nsana Y\u00f6nelik Siyonist Katliam\u0131 Barbarca Bir Eylemdir"},"content":{"rendered":"<p style=\"text-align: justify;\"><strong>\u015eAM 17 EK\u0130M (SANA)<\/strong> &#8211; Suriye Arap Cumhuriyeti, Gazze \u015eeridi&#8217;ndeki El Mamadani Hastanesi&#8217;nde y\u00fczlerce masum insana y\u00f6nelik Siyonist katliam\u0131n\u0131n, i\u015fledi\u011fi su\u00e7larla sald\u0131rganl\u0131k ve cinayetin en \u00fcst d\u00fczeylerini a\u015fan Siyonist varl\u0131\u011fa y\u00f6nelik nefret d\u00fczeyini ifade eden barbarca bir eylem oldu\u011funu vurgulad\u0131.<\/p>\n<p style=\"text-align: justify;\">Suriye Arap Cumhuriyeti&#8217;nin a\u00e7\u0131klamas\u0131nda \u015fu ifadelere yer verildi: &#8221;Siyonist su\u00e7 g\u00fc\u00e7lerinin Gazze \u015eeridi&#8217;ndeki El Mamadani Hastanesi&#8217;ne y\u00f6nelik sald\u0131r\u0131lar\u0131, modern \u00e7a\u011fda insanl\u0131\u011fa kar\u015f\u0131 yap\u0131lan en i\u011fren\u00e7 ve en kanl\u0131 katliamlardan birini olu\u015fturmaktad\u0131r.&#8221;<\/p>\n<p style=\"text-align: justify;\">A\u00e7\u0131klamada ayr\u0131ca, &#8221;Suriye Arap Cumhuriyeti, Gazze&#8217;de y\u00fczlerce masum insan\u0131n katledildi\u011fi bu katliam\u0131, i\u015fledi\u011fi su\u00e7larla sald\u0131rganl\u0131k ve cinayetin en \u00fcst d\u00fczeylerini a\u015fan Siyonist varl\u0131\u011fa y\u00f6nelik nefret d\u00fczeyini ifade eden barbarca bir eylem olarak de\u011ferlendiriyor&#8221; de\u011ferlendirmesinde bulunuldu.<\/p>\n<p style=\"text-align: justify;\">Suriye Arap Cumhuriyeti, &#8221;Bu menfur su\u00e7, bize sadece katliamlar \u00fczerine kurulmu\u015f ve kurulmu\u015f olan bu olu\u015fumun su\u00e7lar\u0131n\u0131 hat\u0131rlatmakta, kriminal Siyonist yap\u0131lanmay\u0131 yaratan \u00e7etelerin yakla\u015f\u0131mlar\u0131n\u0131n devam etti\u011finin \u00e7arp\u0131c\u0131 bir resmini yans\u0131tmaktad\u0131r&#8221; ifadelerini a\u00e7\u0131kalmas\u0131na da ekledi.<\/p>\n<p style=\"text-align: justify;\">Suriye Arap Cumhuriyeti a\u00e7\u0131klamas\u0131n\u0131 \u015fu s\u00f6zlerle tamamlad\u0131: &#8221; Suriye Arap Cumhuriyeti, Filistin halk\u0131na y\u00f6nelik t\u00fcm organize katliam operasyonlar\u0131nda Siyonist olu\u015fumun orta\u011f\u0131 olmas\u0131 nedeniyle bu katliamdan ve di\u011fer katliamlardan ba\u015fta Amerika Birle\u015fik Devletleri olmak \u00fczere Bat\u0131l\u0131 \u00fclkeleri sorumlu tutmaktad\u0131r.&#8221;<\/p>\n<p style=\"text-align: center;\"><strong><a href=\"https:\/\/t.me\/SuriyeArapHaberAjansI\">Telegram Kanal\u0131m\u0131z\u00a0<\/a><span style=\"color: #ff0000;\">||<\/span><a href=\"https:\/\/twitter.com\/arap_ajans\">X Platformumuz\u00a0<\/a><span style=\"color: #ff0000;\">||<\/span><a href=\"https:\/\/www.facebook.com\/SANAHaberAjansi\/\">Facebook Sayfam\u0131z<\/a><\/strong><\/p>\n","protected":false},"excerpt":{"rendered":"<p>\u015eAM 17 EK\u0130M (SANA) &#8211; Suriye Arap Cumhuriyeti, Gazze \u015eeridi&#8217;ndeki El Mamadani Hastanesi&#8217;nde y\u00fczlerce masum insana y\u00f6nelik Siyonist katliam\u0131n\u0131n, i\u015fledi\u011fi su\u00e7larla sald\u0131rganl\u0131k ve cinayetin en \u00fcst d\u00fczeylerini a\u015fan Siyonist varl\u0131\u011fa y\u00f6nelik nefret d\u00fczeyini ifade eden barbarca bir eylem oldu\u011funu vurgulad\u0131. Suriye Arap Cumhuriyeti&#8217;nin a\u00e7\u0131klamas\u0131nda \u015fu ifadelere yer verildi: &#8221;Siyonist su\u00e7 g\u00fc\u00e7lerinin Gazze \u015eeridi&#8217;ndeki El Mamadani &hellip;<\/p>\n","protected":false},"author":36,"featured_media":290356,"comment_status":"closed","ping_status":"closed","sticky":false,"template":"","format":"standard","meta":{"footnotes":""},"categories":[479,17988,478],"tags":[],"class_list":["post-290355","post","type-post","status-publish","format-standard","has-post-thumbnail","","category-haberler-yerel","category-son-haberler","category-yerel"],"_links":{"self":[{"href":"https:\/\/archive.sana.sy\/tr\/index.php?rest_route=\/wp\/v2\/posts\/290355","targetHints":{"allow":["GET"]}}],"collection":[{"href":"https:\/\/archive.sana.sy\/tr\/index.php?rest_route=\/wp\/v2\/posts"}],"about":[{"href":"https:\/\/archive.sana.sy\/tr\/index.php?rest_route=\/wp\/v2\/types\/post"}],"author":[{"embeddable":true,"href":"https:\/\/archive.sana.sy\/tr\/index.php?rest_route=\/wp\/v2\/users\/36"}],"replies":[{"embeddable":true,"href":"https:\/\/archive.sana.sy\/tr\/index.php?rest_route=%2Fwp%2Fv2%2Fcomments&post=290355"}],"version-history":[{"count":2,"href":"https:\/\/archive.sana.sy\/tr\/index.php?rest_route=\/wp\/v2\/posts\/290355\/revisions"}],"predecessor-version":[{"id":290411,"href":"https:\/\/archive.sana.sy\/tr\/index.php?rest_route=\/wp\/v2\/posts\/290355\/revisions\/290411"}],"wp:featuredmedia":[{"embeddable":true,"href":"https:\/\/archive.sana.sy\/tr\/index.php?rest_route=\/wp\/v2\/media\/290356"}],"wp:attachment":[{"href":"https:\/\/archive.sana.sy\/tr\/index.php?rest_route=%2Fwp%2Fv2%2Fmedia&parent=290355"}],"wp:term":[{"taxonomy":"category","embeddable":true,"href":"https:\/\/archive.sana.sy\/tr\/index.php?rest_route=%2Fwp%2Fv2%2Fcategories&post=290355"},{"taxonomy":"post_tag","embeddable":true,"href":"https:\/\/archive.sana.sy\/tr\/index.php?rest_route=%2Fwp%2Fv2%2Ftags&post=290355"}],"curies":[{"name":"wp","href":"https:\/\/api.w.org\/{rel}","templated":true}]}}