{"id":290358,"date":"2023-10-18T08:18:22","date_gmt":"2023-10-18T05:18:22","guid":{"rendered":"https:\/\/sana.sy\/tr\/?p=290358"},"modified":"2023-10-19T08:49:01","modified_gmt":"2023-10-19T05:49:01","slug":"aksa-tufani-operasyonun-one-cikan-gelismeleri-5","status":"publish","type":"post","link":"https:\/\/archive.sana.sy\/tr\/?p=290358","title":{"rendered":"\u201cAksa Tufan\u0131\u201d Operasyonun \u00d6ne \u00c7\u0131kan Geli\u015fmeleri"},"content":{"rendered":"<p style=\"text-align: justify;\"><strong>\u0130\u015eGAL ED\u0130LEN KUD\u00dcS 18 EK\u0130M (SANA)<\/strong> \u2013Filistin direni\u015finin \u0130srail i\u015fgalinin sald\u0131rganl\u0131\u011f\u0131na tepki olarak ba\u015flatt\u0131\u011f\u0131 \u201cAksa Tufan\u0131\u201d operasyonun<strong> on ikinci g\u00fcn\u00fcnde<\/strong> \u00f6ne \u00e7\u0131kan geli\u015fmeler:<\/p>\n<ul>\n<li style=\"text-align: justify;\">Filistin direni\u015fi, Gazze \u015eeridi&#8217;nin biti\u015fi\u011findeki &#8220;Nir Am&#8221; b\u00f6lgesi yak\u0131n\u0131ndaki bir grup d\u00fc\u015fman askerini havan toplar\u0131yla bombalad\u0131.<\/li>\n<li style=\"text-align: justify;\">El Maliki: Uluslararas\u0131 toplum ve uluslararas\u0131 \u00f6rg\u00fctler, Filistin halk\u0131n\u0131 ve onlar\u0131n uluslararas\u0131 hukuka ve uluslararas\u0131 me\u015fruiyet kararlar\u0131na dayal\u0131 \u00e7\u00f6z\u00fcme ula\u015fma \u00e7abalar\u0131n\u0131 bo\u015fa \u00e7\u0131karm\u0131\u015f, s\u00f6m\u00fcrgecileri ba\u015f\u0131bo\u015f b\u0131rakm\u0131\u015ft\u0131r.<\/li>\n<li style=\"text-align: justify;\">El Maliki: &#8220;\u0130srail&#8221;, El Baptist Hastanesi&#8217;ni kasten bombalad\u0131 ve y\u00f6netimini bombalama niyeti konusunda \u00f6nceden bilgilendirdi.Gazze \u015eeridi&#8217;ndeki durumun k\u00f6t\u00fcle\u015fmesi ve ku\u015fatman\u0131n devam etmesi tehlikesi konusunda uyar\u0131yoruz.<\/li>\n<li style=\"text-align: justify;\">Filistin D\u0131\u015fi\u015fleri Bakan\u0131 Riyad El Maliki, \u0130slam \u0130\u015fbirli\u011fi Te\u015fkilat\u0131&#8217;n\u0131n Cidde&#8217;deki toplant\u0131s\u0131nda: Gazze e\u015fi benzeri g\u00f6r\u00fclmemi\u015f bir soyk\u0131r\u0131ma maruz kal\u0131yor ve &#8220;\u0130srail&#8221;e manda veren, ona silah sa\u011flayan herkes bu toplu katliam\u0131n sorumlulu\u011funu ta\u015f\u0131yor.<\/li>\n<li style=\"text-align: justify;\"><strong><a href=\"https:\/\/sana.sy\/tr\/?p=290432\">Filistin D\u0131\u015fi\u015fleri Bakanl\u0131\u011f\u0131: \u00c7ifte standartlar, \u0130srail&#8217;e sald\u0131r\u0131y\u0131 durdurma ve insani koridorlar\u0131 a\u00e7ma talepleri konusunda veto hakk\u0131 veriyor.<\/a><\/strong><\/li>\n<li style=\"text-align: justify;\">Filistin medyas\u0131: \u0130srail i\u015fgal u\u00e7aklar\u0131n\u0131n Gazze \u015eeridi&#8217;nin merkezindeki El-Mughraqa, kuzeyde Beyt Lahia ve g\u00fcneyde Han Yunus&#8217;ta \u00e7ok say\u0131da evi bombalamas\u0131 sonucu \u015fehitler ve yaral\u0131lar.<\/li>\n<li style=\"text-align: justify;\">Filistin direni\u015fi, \u0130srail i\u015fgalinin su\u00e7lar\u0131na tepki olarak (Nir Am) yak\u0131n\u0131ndaki \u0130srail d\u00fc\u015fman askerlerinin topland\u0131\u011f\u0131 b\u00f6lgeyi f\u00fcze bombard\u0131man\u0131yla hedef al\u0131yor.<\/li>\n<li style=\"text-align: justify;\">El Keyle: \u0130srail&#8217;in Gazze \u015eeridi&#8217;ne y\u00f6nelik i\u015fgal sald\u0131r\u0131lar\u0131n\u0131n 12&#8217;nci g\u00fcn\u00fcnde de devam etmesi sonucu 3 bin 300&#8217;den fazla \u015fehit ve binlerce ki\u015fi yaraland\u0131.<\/li>\n<li style=\"text-align: justify;\">El Kyle : Su kesintileri ve kanalizasyon sisteminin bozulmas\u0131 bula\u015f\u0131c\u0131 hastal\u0131klar\u0131n yay\u0131lma riskini art\u0131r\u0131yor.Gazze \u015eeridi&#8217;ne yard\u0131m giri\u015fi i\u00e7in g\u00fcvenli bir koridor a\u00e7\u0131lmas\u0131 i\u00e7in uluslararas\u0131 kurulu\u015flara \u00e7a\u011fr\u0131m\u0131z\u0131 yineliyoruz.<\/li>\n<li style=\"text-align: justify;\">Filistin Sa\u011fl\u0131k Bakan\u0131 Mai Alkaila, bas\u0131n toplant\u0131s\u0131nda: Gazze&#8217;deki sa\u011fl\u0131k durumu felaket durumda ve sa\u011fl\u0131k personeli, say\u0131lar\u0131 binlerle ifade edilen yaral\u0131lar\u0131n tamam\u0131n\u0131 tedavi edemiyor.<\/li>\n<li style=\"text-align: justify;\">Filistin direni\u015fi, \u0130srail i\u015fgalinin Gazze halk\u0131na y\u00f6nelik katliamlar\u0131na tepki olarak Nirim yerle\u015fimini havan toplar\u0131yla hedef ald\u0131.<\/li>\n<li style=\"text-align: justify;\">Filistin direni\u015fi, Gazze \u015eeridi&#8217;nin eteklerinde Kissufim yak\u0131nlar\u0131nda toplanan \u0130srail i\u015fgal askerlerini havan toplar\u0131yla hedef ald\u0131.<\/li>\n<li style=\"text-align: justify;\">Filistin Direni\u015fi: Birle\u015fmi\u015f Milletler ve t\u00fcm \u00fclkeler, \u0130srail i\u015fgal ordusunun i\u015fledi\u011fi bu menfur su\u00e7u k\u0131namal\u0131 ve i\u015fgal liderlerinin kararlar\u0131yla ger\u00e7ekle\u015ftirilen bu vah\u015fi sald\u0131r\u0131 ve soyk\u0131r\u0131m\u0131 durdurmal\u0131d\u0131r.<\/li>\n<li style=\"text-align: justify;\">Filistin Direni\u015fi: Katliam\u0131 ilk saatinden itibaren birden fazla \u015fekilde anlatan \u0130srail i\u015fgali, yaln\u0131zca \u0130srail i\u015fgalinin sahip oldu\u011fu Amerikan ate\u015f g\u00fcc\u00fcyle ger\u00e7ekle\u015ftirilen bu korkun\u00e7 katliam\u0131n do\u011frudan sorumlusudur.<\/li>\n<li style=\"text-align: justify;\">Filistin Direni\u015fi: Baptist Hastanesi&#8217;nin yan\u0131 s\u0131ra sa\u011fl\u0131k personeli, hastalar ve yaral\u0131lar\u0131n da aralar\u0131nda bulundu\u011fu 22 hastane ve t\u0131p merkezini bombalamakla tehdit eden fa\u015fist \u0130srail i\u015fgaliydi.<\/li>\n<li style=\"text-align: justify;\">Filistin Direni\u015fi: \u0130srail i\u015fgali, sahte bir anlat\u0131 sunarak ve bunu apa\u00e7\u0131k propaganda ve ger\u00e7ekli\u011fe hi\u00e7 dokunmayan konu\u015fmalarla pazarlayarak, Baptist Hastanesi katliam\u0131n\u0131 ger\u00e7ekle\u015ftirmekten bo\u015funa ka\u00e7maya \u00e7al\u0131\u015f\u0131yor.<\/li>\n<li style=\"text-align: justify;\">Filistin Direni\u015fi: \u0130srail i\u015fgali, Baptist Hastanesi katliam\u0131ndan do\u011frudan sorumludur ve onun bariz yalanlar\u0131 kimseyi aldatamaz.<\/li>\n<li style=\"text-align: justify;\"><strong><a href=\"https:\/\/sana.sy\/tr\/?p=290424\">\u0130\u015fgalin Gazze \u015eeridi&#8217;nde yeni katliamlar\u0131nda 50&#8217;den fazla \u015fehit<\/a>.<\/strong><\/li>\n<li style=\"text-align: justify;\">Filistin medyas\u0131: \u0130srail i\u015fgal u\u00e7aklar\u0131n\u0131n Gazze, Han Yunus ve Nuseyrat kamp\u0131ndaki evleri bombalamas\u0131 sonucu \u015fehitler ve yaral\u0131lar.<\/li>\n<li style=\"text-align: justify;\">Kaynaklar: Bu su\u00e7, i\u015fgalin ceza ve hesap verme korkusu olmadan \u00f6ld\u00fcrme ve y\u0131k\u0131ma son vermeyece\u011fini, daha fazla katliam ger\u00e7ekle\u015ftirece\u011fini kan\u0131tl\u0131yor.<\/li>\n<li style=\"text-align: justify;\">\u00a0Kaynaklar: Ya\u015fananlar ancak bir Holokost olarak tan\u0131mlanabilir ve i\u015fgalin sivillere, \u00e7ocuklara, sa\u011fl\u0131k personeline ve gazetecilere y\u00f6nelik ac\u0131mas\u0131z katliamlar\u0131 ve kas\u0131tl\u0131 \u00f6ld\u00fcrmeleri Nazilerin yapt\u0131klar\u0131n\u0131 a\u015fmaktad\u0131r.<\/li>\n<li style=\"text-align: justify;\">Filistin medyas\u0131, Gazze&#8217;deki kaynaklardan al\u0131nt\u0131 yaparak: \u015eu ana kadar, \u0130srail i\u015fgali taraf\u0131ndan ger\u00e7ekle\u015ftirilen ve t\u00fcm uluslararas\u0131 yasa ve normlar\u0131 ihlal ederek do\u011frudan kasten hedef al\u0131nan Baptist Hastanesi katliam\u0131n\u0131n ger\u00e7ekle\u015fti\u011fi b\u00f6lgeden ceset par\u00e7alar\u0131 \u00e7\u0131kar\u0131ld\u0131.<\/li>\n<li style=\"text-align: justify;\">Filistin medyas\u0131: \u0130srail i\u015fgalinin Gazze \u015eeridi&#8217;nin g\u00fcneyindeki Refah&#8217;ta bir evi bombalamas\u0131 sonucu 5 Filistinli \u00f6ld\u00fcr\u00fcld\u00fc.<\/li>\n<li style=\"text-align: justify;\">Filistin medyas\u0131: \u0130srail i\u015fgal u\u00e7aklar\u0131n\u0131n Gazze \u015eeridi&#8217;nin kuzeyindeki Cebeliye&#8217;deki El Kasaib b\u00f6lgesini bombalamas\u0131 sonucu 37 \u015fehit.<\/li>\n<li style=\"text-align: justify;\">Filistin Sa\u011fl\u0131k Bakanl\u0131\u011f\u0131: \u0130srail&#8217;in Gazze \u015eeridi&#8217;ne y\u00f6nelik devam eden i\u015fgal sald\u0131r\u0131s\u0131 sonucu \u00e7o\u011fu \u00e7ocuk ve kad\u0131n olmak \u00fczere 3.200&#8217;den fazla \u015fehit ve 11.000&#8217;den fazla yaral\u0131.<\/li>\n<li style=\"text-align: justify;\">Filistin medyas\u0131: \u0130srail i\u015fgal u\u00e7a\u011f\u0131n\u0131n Gazze \u015eeridi&#8217;nin merkezindeki Nuseyrat kamp\u0131n\u0131 bombalamas\u0131 sonucu iki Filistinli \u00f6ld\u00fcr\u00fcld\u00fc.<\/li>\n<li style=\"text-align: justify;\">Filistin medyas\u0131: \u0130srail i\u015fgal u\u00e7aklar\u0131n\u0131n Gazze \u015eeridi&#8217;nin g\u00fcneyindeki Refah \u015fehrinin bat\u0131s\u0131ndaki bir apartman dairesini bombalamas\u0131 sonucu \u00fc\u00e7 Filistinli \u00f6ld\u00fc, 12 ki\u015fi de yaraland\u0131.<\/li>\n<li style=\"text-align: justify;\">Filistin medyas\u0131: Gazze \u015eeridi&#8217;nin kuzeyindeki Jabalia al-Nazla, Sarari Caddesi ve Qasasib b\u00f6lgesindeki evleri hedef alan bombalamada 35 Filistinli \u00f6ld\u00fc, onlarcas\u0131 yaraland\u0131.<\/li>\n<li style=\"text-align: justify;\">Filistin medyas\u0131: \u0130srail i\u015fgal sald\u0131r\u0131lar\u0131 Gazze \u015fehrinin merkezini ve bat\u0131s\u0131n\u0131 hedef ald\u0131.<\/li>\n<\/ul>\n<p style=\"text-align: center;\"><strong><a href=\"https:\/\/t.me\/SuriyeArapHaberAjansI\">Telegram Kanal\u0131m\u0131z\u00a0<\/a><span style=\"color: #ff0000;\">||<\/span><a href=\"https:\/\/twitter.com\/arap_ajans\">X Platformumuz\u00a0<\/a><span style=\"color: #ff0000;\">||<\/span><a href=\"https:\/\/www.facebook.com\/SANAHaberAjansi\/\">Facebook Sayfam\u0131z<\/a><\/strong><\/p>\n","protected":false},"excerpt":{"rendered":"<p>\u0130\u015eGAL ED\u0130LEN KUD\u00dcS 18 EK\u0130M (SANA) \u2013Filistin direni\u015finin \u0130srail i\u015fgalinin sald\u0131rganl\u0131\u011f\u0131na tepki olarak ba\u015flatt\u0131\u011f\u0131 \u201cAksa Tufan\u0131\u201d operasyonun on ikinci g\u00fcn\u00fcnde \u00f6ne \u00e7\u0131kan geli\u015fmeler: Filistin direni\u015fi, Gazze \u015eeridi&#8217;nin biti\u015fi\u011findeki &#8220;Nir Am&#8221; b\u00f6lgesi yak\u0131n\u0131ndaki bir grup d\u00fc\u015fman askerini havan toplar\u0131yla bombalad\u0131. El Maliki: Uluslararas\u0131 toplum ve uluslararas\u0131 \u00f6rg\u00fctler, Filistin halk\u0131n\u0131 ve onlar\u0131n uluslararas\u0131 hukuka ve uluslararas\u0131 me\u015fruiyet &hellip;<\/p>\n","protected":false},"author":36,"featured_media":290359,"comment_status":"closed","ping_status":"closed","sticky":false,"template":"","format":"standard","meta":{"footnotes":""},"categories":[458,459,17988],"tags":[40113],"class_list":["post-290358","post","type-post","status-publish","format-standard","has-post-thumbnail","","category-dunya1","category-haberler-arap-uluslararasi-politika","category-son-haberler","tag-aksa-tufani-operasyonun-one-cikan-gelismeleri"],"_links":{"self":[{"href":"https:\/\/archive.sana.sy\/tr\/index.php?rest_route=\/wp\/v2\/posts\/290358","targetHints":{"allow":["GET"]}}],"collection":[{"href":"https:\/\/archive.sana.sy\/tr\/index.php?rest_route=\/wp\/v2\/posts"}],"about":[{"href":"https:\/\/archive.sana.sy\/tr\/index.php?rest_route=\/wp\/v2\/types\/post"}],"author":[{"embeddable":true,"href":"https:\/\/archive.sana.sy\/tr\/index.php?rest_route=\/wp\/v2\/users\/36"}],"replies":[{"embeddable":true,"href":"https:\/\/archive.sana.sy\/tr\/index.php?rest_route=%2Fwp%2Fv2%2Fcomments&post=290358"}],"version-history":[{"count":6,"href":"https:\/\/archive.sana.sy\/tr\/index.php?rest_route=\/wp\/v2\/posts\/290358\/revisions"}],"predecessor-version":[{"id":290435,"href":"https:\/\/archive.sana.sy\/tr\/index.php?rest_route=\/wp\/v2\/posts\/290358\/revisions\/290435"}],"wp:featuredmedia":[{"embeddable":true,"href":"https:\/\/archive.sana.sy\/tr\/index.php?rest_route=\/wp\/v2\/media\/290359"}],"wp:attachment":[{"href":"https:\/\/archive.sana.sy\/tr\/index.php?rest_route=%2Fwp%2Fv2%2Fmedia&parent=290358"}],"wp:term":[{"taxonomy":"category","embeddable":true,"href":"https:\/\/archive.sana.sy\/tr\/index.php?rest_route=%2Fwp%2Fv2%2Fcategories&post=290358"},{"taxonomy":"post_tag","embeddable":true,"href":"https:\/\/archive.sana.sy\/tr\/index.php?rest_route=%2Fwp%2Fv2%2Ftags&post=290358"}],"curies":[{"name":"wp","href":"https:\/\/api.w.org\/{rel}","templated":true}]}}