{"id":290362,"date":"2023-10-18T09:39:35","date_gmt":"2023-10-18T06:39:35","guid":{"rendered":"https:\/\/sana.sy\/tr\/?p=290362"},"modified":"2023-10-21T09:22:11","modified_gmt":"2023-10-21T06:22:11","slug":"suriye-gazze-seridindeki-el-mamadani-hastanesinde-hayatini-kaybedenler-icin-uc-gunluk-yas-ilan-etti","status":"publish","type":"post","link":"https:\/\/archive.sana.sy\/tr\/?p=290362","title":{"rendered":"Suriye, Gazze \u015eeridi&#8217;ndeki El Mamadani Hastanesi&#8217;nde Hayat\u0131n\u0131 Kaybedenler \u0130\u00e7in \u00dc\u00e7 G\u00fcnl\u00fck Yas \u0130lan Etti"},"content":{"rendered":"<p style=\"text-align: justify;\"><strong>\u015eAM<\/strong> <strong>18 EK\u0130M (SANA) <\/strong>\u2013 Suriye Arap Cumhuriyeti H\u00fck\u00fcmeti, Siyonist su\u00e7 g\u00fc\u00e7lerinin Karde\u015f Filistin\u2019in Gazze \u015eeridi\u2019indeki El \u00a0Mamadani Hastanesi&#8217;ni hedef alan sald\u0131r\u0131s\u0131 sonucu hayat\u0131n\u0131 kaybeden masum kurbanlar i\u00e7in 18 Ekim 2023&#8217;ten itibaren \u00fc\u00e7 g\u00fcnl\u00fck resmi yas ilan etti.<\/p>\n<p style=\"text-align: justify;\">Bu d\u00f6nem boyunca Suriye Arap Cumhuriyeti genelinde ve yurt d\u0131\u015f\u0131ndaki t\u00fcm b\u00fcy\u00fckel\u00e7iliklerde ve diplomatik kurumlarda bayraklar yar\u0131ya indirilecet\u0131r.<\/p>\n<p style=\"text-align: center;\"><strong><a href=\"https:\/\/t.me\/SuriyeArapHaberAjansI\">Telegram Kanal\u0131m\u0131z\u00a0<\/a><span style=\"color: #ff0000;\">||<\/span><a href=\"https:\/\/twitter.com\/arap_ajans\">X Platformumuz\u00a0<\/a><span style=\"color: #ff0000;\">||<\/span><a href=\"https:\/\/www.facebook.com\/SANAHaberAjansi\/\">Facebook Sayfam\u0131z<\/a><\/strong><\/p>\n","protected":false},"excerpt":{"rendered":"<p>\u015eAM 18 EK\u0130M (SANA) \u2013 Suriye Arap Cumhuriyeti H\u00fck\u00fcmeti, Siyonist su\u00e7 g\u00fc\u00e7lerinin Karde\u015f Filistin\u2019in Gazze \u015eeridi\u2019indeki El \u00a0Mamadani Hastanesi&#8217;ni hedef alan sald\u0131r\u0131s\u0131 sonucu hayat\u0131n\u0131 kaybeden masum kurbanlar i\u00e7in 18 Ekim 2023&#8217;ten itibaren \u00fc\u00e7 g\u00fcnl\u00fck resmi yas ilan etti. Bu d\u00f6nem boyunca Suriye Arap Cumhuriyeti genelinde ve yurt d\u0131\u015f\u0131ndaki t\u00fcm b\u00fcy\u00fckel\u00e7iliklerde ve diplomatik kurumlarda bayraklar yar\u0131ya &hellip;<\/p>\n","protected":false},"author":36,"featured_media":290363,"comment_status":"closed","ping_status":"closed","sticky":false,"template":"","format":"standard","meta":{"footnotes":""},"categories":[479,17988,478],"tags":[],"class_list":["post-290362","post","type-post","status-publish","format-standard","has-post-thumbnail","","category-haberler-yerel","category-son-haberler","category-yerel"],"_links":{"self":[{"href":"https:\/\/archive.sana.sy\/tr\/index.php?rest_route=\/wp\/v2\/posts\/290362","targetHints":{"allow":["GET"]}}],"collection":[{"href":"https:\/\/archive.sana.sy\/tr\/index.php?rest_route=\/wp\/v2\/posts"}],"about":[{"href":"https:\/\/archive.sana.sy\/tr\/index.php?rest_route=\/wp\/v2\/types\/post"}],"author":[{"embeddable":true,"href":"https:\/\/archive.sana.sy\/tr\/index.php?rest_route=\/wp\/v2\/users\/36"}],"replies":[{"embeddable":true,"href":"https:\/\/archive.sana.sy\/tr\/index.php?rest_route=%2Fwp%2Fv2%2Fcomments&post=290362"}],"version-history":[{"count":2,"href":"https:\/\/archive.sana.sy\/tr\/index.php?rest_route=\/wp\/v2\/posts\/290362\/revisions"}],"predecessor-version":[{"id":290412,"href":"https:\/\/archive.sana.sy\/tr\/index.php?rest_route=\/wp\/v2\/posts\/290362\/revisions\/290412"}],"wp:featuredmedia":[{"embeddable":true,"href":"https:\/\/archive.sana.sy\/tr\/index.php?rest_route=\/wp\/v2\/media\/290363"}],"wp:attachment":[{"href":"https:\/\/archive.sana.sy\/tr\/index.php?rest_route=%2Fwp%2Fv2%2Fmedia&parent=290362"}],"wp:term":[{"taxonomy":"category","embeddable":true,"href":"https:\/\/archive.sana.sy\/tr\/index.php?rest_route=%2Fwp%2Fv2%2Fcategories&post=290362"},{"taxonomy":"post_tag","embeddable":true,"href":"https:\/\/archive.sana.sy\/tr\/index.php?rest_route=%2Fwp%2Fv2%2Ftags&post=290362"}],"curies":[{"name":"wp","href":"https:\/\/api.w.org\/{rel}","templated":true}]}}