{"id":290365,"date":"2023-10-18T12:11:51","date_gmt":"2023-10-18T09:11:51","guid":{"rendered":"https:\/\/sana.sy\/tr\/?p=290365"},"modified":"2023-10-19T08:49:55","modified_gmt":"2023-10-19T05:49:55","slug":"lubnan-direnisi-israil-isgal-tankinin-hedef-aldigini-ve-murettebatinin-olduruldugunu-ve-yaralandigini-ilan-etti","status":"publish","type":"post","link":"https:\/\/archive.sana.sy\/tr\/?p=290365","title":{"rendered":"L\u00fcbnan Direni\u015fi, \u0130srail \u0130\u015fgal Tank\u0131n\u0131n Hedef Ald\u0131\u011f\u0131n\u0131 Ve M\u00fcrettebat\u0131n\u0131n \u00d6ld\u00fcr\u00fcld\u00fc\u011f\u00fcn\u00fc Ve Yaraland\u0131\u011f\u0131n\u0131 ilan etti"},"content":{"rendered":"<p style=\"text-align: justify;\"><strong>BEYRUT<\/strong> <strong>18 EK\u0130M (SANA)<\/strong>\u00a0\u2013 L\u00fcbnan Ulusal Direni\u015fi, bir grup sava\u015f\u00e7\u0131s\u0131n\u0131n Raheb b\u00f6lgesinde \u0130srail i\u015fgal g\u00fc\u00e7lerine ait bir tank\u0131 hedef ald\u0131\u011f\u0131n\u0131 ve m\u00fcrettebat\u0131n\u0131 \u00f6ld\u00fcr\u00fcp yaralad\u0131\u011f\u0131n\u0131 ilan etti.<\/p>\n<p style=\"text-align: justify;\">Direni\u015f bug\u00fcn yapt\u0131\u011f\u0131 a\u00e7\u0131klamada: \u201c\u00c7ar\u015famba sabah\u0131 saat \u00fc\u00e7\u00fc \u00e7eyrek ge\u00e7e, \u015fehit H\u00fcseyin Hani El Tavil ve Mehdi Muhammed Atvi grubu, El Rahib b\u00f6lgesinde i\u015fgal g\u00fc\u00e7lerine ait bir Merkava tank\u0131n\u0131 hedef ald\u0131 ve tank do\u011frudan vurularak m\u00fcrettebat\u0131n \u00f6lmesine ve yaralanmas\u0131na yol a\u00e7t\u0131&#8221; dedi.<\/p>\n<p style=\"text-align: justify;\">\u0130srail i\u015fgal g\u00fc\u00e7leri ise d\u00fcn gece direni\u015f\u00e7ilerin tanksavar ate\u015fine maruz kalmas\u0131 sonucu 4 askerinin yaraland\u0131\u011f\u0131n\u0131 itiraf etti.<\/p>\n<p style=\"text-align: center;\"><strong><a href=\"https:\/\/t.me\/SuriyeArapHaberAjansI\">Telegram Kanal\u0131m\u0131z\u00a0<\/a><span style=\"color: #ff0000;\">||<\/span><a href=\"https:\/\/twitter.com\/arap_ajans\">X Platformumuz\u00a0<\/a><span style=\"color: #ff0000;\">||<\/span><a href=\"https:\/\/www.facebook.com\/SANAHaberAjansi\/\">Facebook Sayfam\u0131z<\/a><\/strong><\/p>\n","protected":false},"excerpt":{"rendered":"<p>BEYRUT 18 EK\u0130M (SANA)\u00a0\u2013 L\u00fcbnan Ulusal Direni\u015fi, bir grup sava\u015f\u00e7\u0131s\u0131n\u0131n Raheb b\u00f6lgesinde \u0130srail i\u015fgal g\u00fc\u00e7lerine ait bir tank\u0131 hedef ald\u0131\u011f\u0131n\u0131 ve m\u00fcrettebat\u0131n\u0131 \u00f6ld\u00fcr\u00fcp yaralad\u0131\u011f\u0131n\u0131 ilan etti. Direni\u015f bug\u00fcn yapt\u0131\u011f\u0131 a\u00e7\u0131klamada: \u201c\u00c7ar\u015famba sabah\u0131 saat \u00fc\u00e7\u00fc \u00e7eyrek ge\u00e7e, \u015fehit H\u00fcseyin Hani El Tavil ve Mehdi Muhammed Atvi grubu, El Rahib b\u00f6lgesinde i\u015fgal g\u00fc\u00e7lerine ait bir Merkava tank\u0131n\u0131 &hellip;<\/p>\n","protected":false},"author":36,"featured_media":290366,"comment_status":"closed","ping_status":"closed","sticky":false,"template":"","format":"standard","meta":{"footnotes":""},"categories":[458,459,17988],"tags":[],"class_list":["post-290365","post","type-post","status-publish","format-standard","has-post-thumbnail","","category-dunya1","category-haberler-arap-uluslararasi-politika","category-son-haberler"],"_links":{"self":[{"href":"https:\/\/archive.sana.sy\/tr\/index.php?rest_route=\/wp\/v2\/posts\/290365","targetHints":{"allow":["GET"]}}],"collection":[{"href":"https:\/\/archive.sana.sy\/tr\/index.php?rest_route=\/wp\/v2\/posts"}],"about":[{"href":"https:\/\/archive.sana.sy\/tr\/index.php?rest_route=\/wp\/v2\/types\/post"}],"author":[{"embeddable":true,"href":"https:\/\/archive.sana.sy\/tr\/index.php?rest_route=\/wp\/v2\/users\/36"}],"replies":[{"embeddable":true,"href":"https:\/\/archive.sana.sy\/tr\/index.php?rest_route=%2Fwp%2Fv2%2Fcomments&post=290365"}],"version-history":[{"count":2,"href":"https:\/\/archive.sana.sy\/tr\/index.php?rest_route=\/wp\/v2\/posts\/290365\/revisions"}],"predecessor-version":[{"id":290410,"href":"https:\/\/archive.sana.sy\/tr\/index.php?rest_route=\/wp\/v2\/posts\/290365\/revisions\/290410"}],"wp:featuredmedia":[{"embeddable":true,"href":"https:\/\/archive.sana.sy\/tr\/index.php?rest_route=\/wp\/v2\/media\/290366"}],"wp:attachment":[{"href":"https:\/\/archive.sana.sy\/tr\/index.php?rest_route=%2Fwp%2Fv2%2Fmedia&parent=290365"}],"wp:term":[{"taxonomy":"category","embeddable":true,"href":"https:\/\/archive.sana.sy\/tr\/index.php?rest_route=%2Fwp%2Fv2%2Fcategories&post=290365"},{"taxonomy":"post_tag","embeddable":true,"href":"https:\/\/archive.sana.sy\/tr\/index.php?rest_route=%2Fwp%2Fv2%2Ftags&post=290365"}],"curies":[{"name":"wp","href":"https:\/\/api.w.org\/{rel}","templated":true}]}}