{"id":29045,"date":"2015-04-08T23:59:38","date_gmt":"2015-04-08T20:59:38","guid":{"rendered":"http:\/\/www.sana.sy\/tr\/?p=29045"},"modified":"2015-04-09T13:40:57","modified_gmt":"2015-04-09T10:40:57","slug":"herhangi-bir-cozum-ulusal-egemenlik-ve-halkin-iradesine-dayanmalidir","status":"publish","type":"post","link":"https:\/\/archive.sana.sy\/tr\/?p=29045","title":{"rendered":"Herhangi Bir \u00c7\u00f6z\u00fcm Ulusal Egemenlik ve Halk\u0131n \u0130radesine Dayanmal\u0131d\u0131r"},"content":{"rendered":"<p>MOSKOVA \u2013 Suriye Arap Cumhuriyetinin h\u00fck\u00fcmet heyeti ile muhalif \u015fahsiyetler heyeti aras\u0131nda Moskova\u2019da yap\u0131lan isti\u015fare g\u00f6r\u00fc\u015fmelerinin ikinci turunun ilk g\u00fcn g\u00f6r\u00fc\u015fmeleri sona erdi.<\/p>\n<p>\u0130kinci turun ilk g\u00fcn\u00fcnde iki heyet aras\u0131nda \u00fc\u00e7 oturum d\u00fczenlendi.<\/p>\n<p>SANA muhabiri g\u00f6r\u00fc\u015fmelere yak\u0131n kaynaklardan naklen; muhalif \u015fahsiyetlerin kendi aralar\u0131ndaki anla\u015fmazl\u0131klar\u0131 g\u00f6lgesinde h\u00fck\u00fcmet heyetinin, Rusya taraf\u0131ndan belirlenen g\u00f6r\u00fc\u015fmeler g\u00fcndem cetvelinin ilk bendi \u00e7er\u00e7evesinde ortak noktalar \u015feklinde bentler \u00f6ne s\u00fcrd\u00fc\u011f\u00fcn\u00fc aktard\u0131.<\/p>\n<p>Bu arada Rusya&#8217;n\u0131n takdim etti\u011fi g\u00f6r\u00fc\u015fmeler g\u00fcndemi cetvelinde ilk bent olarak Suriye&#8217;de durumlar\u0131n de\u011ferlendirilmesi yer al\u0131yor. Ard\u0131ndan s\u0131rayla ter\u00f6re kar\u015f\u0131 g\u00fc\u00e7lerin birle\u015ftirilmesi, taraflar ars\u0131nda g\u00fcvenin yap\u0131land\u0131r\u0131lmas\u0131 icraatlar\u0131n\u0131n tart\u0131\u015f\u0131lmas\u0131 ve siyasi s\u00fcre\u00e7te ilerlemek i\u00e7in at\u0131lmas\u0131 gereken ad\u0131mlar\u0131 ele almak yer al\u0131yor.<\/p>\n<p>G\u00f6r\u00fc\u015fmelere yak\u0131n kaynaklar Suriye h\u00fck\u00fcmetinin g\u00fcndem cetvelinin ilk bendi kapsam\u0131nda ortak noktalar niteli\u011finde sundu\u011fu bentlere i\u015faret etti.<\/p>\n<p>Kaynaklar s\u00f6z konusu bentlerin:<\/p>\n<p>Bir: Ba\u015fta Suriye&#8217;de ter\u00f6re desteklerini derhal ve ciddi bir \u015fekilde kesmeleri i\u00e7in T\u00fcrkiye, Katar, Suudi Arabistan ve daha ba\u015fka devletlere bask\u0131 yapmas\u0131, bu ba\u011flamda da etkin \u00e7abalar harcamas\u0131 y\u00f6n\u00fcnde uluslar aras\u0131 topluma \u00e7a\u011fr\u0131 yapmak,<\/p>\n<p>\u0130ki: Uluslar aras\u0131 toplumu; Suriye halk\u0131na uygulanmakta olan t\u00fcm ekonomik yapt\u0131r\u0131mlar\u0131n derhal ve tamamen kald\u0131rmaya \u00e7a\u011f\u0131rmak,<\/p>\n<p>\u00dc\u00e7: Suriye&#8217;deki krizi; Cenevre Deklarasyonundan hareketle uzla\u015fma yoluyla \u00e7\u00f6zmekle birlikte her hangi bir siyasi \u00e7\u00f6z\u00fcm\u00fcn mutlak bir \u015fekilde ulusal egemenlik ve ba\u011f\u0131ms\u0131zl\u0131\u011f\u0131n yan\u0131 s\u0131ra halk\u0131n iradesine dayanmas\u0131.<\/p>\n<p>G\u00f6r\u00fc\u015fmelere yak\u0131n s\u00f6z konusu kaynaklar ayr\u0131ca; siyasi s\u00fcrecin \u00fcst\u00fcne yap\u0131land\u0131r\u0131laca\u011f\u0131 temellerin Suriye&#8217;nin egemenli\u011fine ek olarak toprak ve halk b\u00fct\u00fcnl\u00fc\u011f\u00fc olmas\u0131 gere\u011finin alt\u0131 \u00e7izildi\u011fini, ulusal uzla\u015fmalar\u0131n peki\u015ftirilmesi ve desteklenilmesi, ter\u00f6rle m\u00fccadelede ordu ve silahl\u0131 kuvvetlere destek olma \u00f6nemine vurgu yap\u0131ld\u0131\u011f\u0131n\u0131 aktard\u0131.<\/p>\n<p>Ba\u015fka bir de\u011fi\u015fle ter\u00f6rle m\u00fccadelede t\u00fcm taraflar\u0131n ayn\u0131 safta yer almalar\u0131 gere\u011fine dikkat \u00e7eken kaynaklar; herhangi bir siyasi s\u00fcrecin uzla\u015fmayla sa\u011flanmas\u0131 \u00f6neminin vurguland\u0131\u011f\u0131n\u0131 aktard\u0131.<\/p>\n<p>A.A. &#8211; M.M.<\/p>\n","protected":false},"excerpt":{"rendered":"<p>MOSKOVA \u2013 Suriye Arap Cumhuriyetinin h\u00fck\u00fcmet heyeti ile muhalif \u015fahsiyetler heyeti aras\u0131nda Moskova\u2019da yap\u0131lan isti\u015fare g\u00f6r\u00fc\u015fmelerinin ikinci turunun ilk g\u00fcn g\u00f6r\u00fc\u015fmeleri sona erdi. \u0130kinci turun ilk g\u00fcn\u00fcnde iki heyet aras\u0131nda \u00fc\u00e7 oturum d\u00fczenlendi. SANA muhabiri g\u00f6r\u00fc\u015fmelere yak\u0131n kaynaklardan naklen; muhalif \u015fahsiyetlerin kendi aralar\u0131ndaki anla\u015fmazl\u0131klar\u0131 g\u00f6lgesinde h\u00fck\u00fcmet heyetinin, Rusya taraf\u0131ndan belirlenen g\u00f6r\u00fc\u015fmeler g\u00fcndem cetvelinin ilk bendi &hellip;<\/p>\n","protected":false},"author":1,"featured_media":29046,"comment_status":"closed","ping_status":"closed","sticky":false,"template":"","format":"standard","meta":{"footnotes":""},"categories":[458,459],"tags":[13435,13436],"class_list":["post-29045","post","type-post","status-publish","format-standard","has-post-thumbnail","","category-dunya1","category-haberler-arap-uluslararasi-politika","tag-herhangi-bir-cozum-ulusal-egemenlik-ve-halkin-iradesine-dayanmalidir","tag-moskova-suriye-arap-cumhuriyetinin-hukumet-heyeti-ile-muhalif-sahsiyetler-heyeti-arasinda-moskovada-yapilan-istisare-gorusmelerinin-ikinci-turunun-ilk-gun-gorusmeleri-sona-erdi"],"_links":{"self":[{"href":"https:\/\/archive.sana.sy\/tr\/index.php?rest_route=\/wp\/v2\/posts\/29045","targetHints":{"allow":["GET"]}}],"collection":[{"href":"https:\/\/archive.sana.sy\/tr\/index.php?rest_route=\/wp\/v2\/posts"}],"about":[{"href":"https:\/\/archive.sana.sy\/tr\/index.php?rest_route=\/wp\/v2\/types\/post"}],"author":[{"embeddable":true,"href":"https:\/\/archive.sana.sy\/tr\/index.php?rest_route=\/wp\/v2\/users\/1"}],"replies":[{"embeddable":true,"href":"https:\/\/archive.sana.sy\/tr\/index.php?rest_route=%2Fwp%2Fv2%2Fcomments&post=29045"}],"version-history":[{"count":0,"href":"https:\/\/archive.sana.sy\/tr\/index.php?rest_route=\/wp\/v2\/posts\/29045\/revisions"}],"wp:featuredmedia":[{"embeddable":true,"href":"https:\/\/archive.sana.sy\/tr\/index.php?rest_route=\/wp\/v2\/media\/29046"}],"wp:attachment":[{"href":"https:\/\/archive.sana.sy\/tr\/index.php?rest_route=%2Fwp%2Fv2%2Fmedia&parent=29045"}],"wp:term":[{"taxonomy":"category","embeddable":true,"href":"https:\/\/archive.sana.sy\/tr\/index.php?rest_route=%2Fwp%2Fv2%2Fcategories&post=29045"},{"taxonomy":"post_tag","embeddable":true,"href":"https:\/\/archive.sana.sy\/tr\/index.php?rest_route=%2Fwp%2Fv2%2Ftags&post=29045"}],"curies":[{"name":"wp","href":"https:\/\/api.w.org\/{rel}","templated":true}]}}