{"id":290489,"date":"2023-10-19T17:19:28","date_gmt":"2023-10-19T14:19:28","guid":{"rendered":"https:\/\/sana.sy\/tr\/?p=290489"},"modified":"2023-10-21T09:24:35","modified_gmt":"2023-10-21T06:24:35","slug":"mikdad-bm-nufus-fonunun-suriyedeki-yeni-mukim-temsilcisinin-guven-mektubunu-teslim-aldi","status":"publish","type":"post","link":"https:\/\/archive.sana.sy\/tr\/?p=290489","title":{"rendered":"Mikdad, BM N\u00fcfus Fonu&#8217;nun Suriye&#8217;deki Yeni Mukim Temsilcisinin G\u00fcven Mektubunu Teslim Ald\u0131"},"content":{"rendered":"<p style=\"text-align: justify;\"><strong>\u015eAM 19 EK\u0130M (SANA)<\/strong> &#8211; D\u0131\u015fi\u015fleri ve Gurbet\u00e7iler Bakan\u0131 Faysal Mikdad, Birle\u015fmi\u015f Milletler N\u00fcfus Fonu&#8217;nun Suriye&#8217;deki yeni mukim temsilcisi Muriel Mafico&#8217;nun itimatnamesini ald\u0131.<\/p>\n<p style=\"text-align: justify;\"><img loading=\"lazy\" decoding=\"async\" class=\"size-full wp-image-290491 alignright\" src=\"http:\/\/sana.sy\/tr\/wp-content\/uploads\/2023\/10\/MAH_2325-copy-300x197-1.jpg\" alt=\"\" width=\"300\" height=\"197\" \/>Bakan Mikdad, Suriye ile Birle\u015fmi\u015f Milletler N\u00fcfus Fonu aras\u0131ndaki verimli ve devam eden i\u015fbirli\u011fine ve Fon taraf\u0131ndan Katar&#8217;da Suriyeli yetkililerle i\u015fbirli\u011fi amac\u0131yla y\u00fcr\u00fct\u00fclen bir\u00e7ok projeye \u00f6vg\u00fcde bulunarak, Suriye&#8217;nin, kendisine verilen g\u00f6revleri en \u00fcst d\u00fczeyde yerine getirebilmesi i\u00e7in Fona her t\u00fcrl\u00fc imkan ve deste\u011fi sa\u011flayaca\u011f\u0131n\u0131 vurgulad\u0131.<\/p>\n<p style=\"text-align: justify;\">Bakan Mikdad ayr\u0131ca Suriye&#8217;deki ekonomik durumun ger\u00e7e\u011fini sunarak, Amerika Birle\u015fik Devletleri ve Bat\u0131l\u0131 \u00fclkelerin iddialar\u0131n\u0131n aksine, kendisine dayatt\u0131\u011f\u0131 tek tarafl\u0131 ekonomik tedbirlerin y\u0131k\u0131c\u0131 ve insanl\u0131k d\u0131\u015f\u0131 etkilerine dikkat \u00e7ekkti.<\/p>\n<p style=\"text-align: justify;\">Mafico da buna kar\u015f\u0131l\u0131k Suriye h\u00fck\u00fcmetine Fona sa\u011flad\u0131\u011f\u0131 kolayl\u0131klardan dolay\u0131 te\u015fekk\u00fcr ederek, Fonun Suriye halk\u0131na yard\u0131m etme ve bunun i\u00e7in kaynak ay\u0131rma konusundaki kararl\u0131l\u0131\u011f\u0131n\u0131 vurgulayarak, N\u00fcfus Fonu&#8217;na verilen g\u00f6revlerin yerine getirilmesi konusunda kendisiyle birlikte \u00e7al\u0131\u015fan ekiple birlikte g\u00f6revini yerine getirme arzusunu dile getirdi.<\/p>\n<div id='gallery-1' class='gallery galleryid-290489 gallery-columns-3 gallery-size-thumbnail'><figure class='gallery-item'>\n\t\t\t<div class='gallery-icon portrait'>\n\t\t\t\t<a href='https:\/\/archive.sana.sy\/tr\/?attachment_id=290492'><img loading=\"lazy\" decoding=\"async\" width=\"150\" height=\"150\" src=\"https:\/\/archive.sana.sy\/tr\/wp-content\/uploads\/2023\/10\/MAH_2370-copy-150x150.jpg\" class=\"attachment-thumbnail size-thumbnail\" alt=\"\" \/><\/a>\n\t\t\t<\/div><\/figure><figure class='gallery-item'>\n\t\t\t<div class='gallery-icon landscape'>\n\t\t\t\t<a href='https:\/\/archive.sana.sy\/tr\/?attachment_id=290493'><img loading=\"lazy\" decoding=\"async\" width=\"150\" height=\"150\" src=\"https:\/\/archive.sana.sy\/tr\/wp-content\/uploads\/2023\/10\/MAH_2355-copy-150x150.jpg\" class=\"attachment-thumbnail size-thumbnail\" alt=\"\" \/><\/a>\n\t\t\t<\/div><\/figure><figure class='gallery-item'>\n\t\t\t<div class='gallery-icon landscape'>\n\t\t\t\t<a href='https:\/\/archive.sana.sy\/tr\/?attachment_id=290494'><img loading=\"lazy\" decoding=\"async\" width=\"150\" height=\"150\" src=\"https:\/\/archive.sana.sy\/tr\/wp-content\/uploads\/2023\/10\/MAH_2324-copy-150x150.jpg\" class=\"attachment-thumbnail size-thumbnail\" alt=\"\" \/><\/a>\n\t\t\t<\/div><\/figure>\n\t\t<\/div>\n\n<p style=\"text-align: center;\"><strong><a href=\"https:\/\/t.me\/SuriyeArapHaberAjansI\">Telegram Kanal\u0131m\u0131z\u00a0<\/a>||<a href=\"https:\/\/twitter.com\/arap_ajans\">X Platformumuz\u00a0<\/a>||<a href=\"https:\/\/www.facebook.com\/SANAHaberAjansi\/\">Facebook Sayfam\u0131z<\/a><\/strong><\/p>\n","protected":false},"excerpt":{"rendered":"<p>\u015eAM 19 EK\u0130M (SANA) &#8211; D\u0131\u015fi\u015fleri ve Gurbet\u00e7iler Bakan\u0131 Faysal Mikdad, Birle\u015fmi\u015f Milletler N\u00fcfus Fonu&#8217;nun Suriye&#8217;deki yeni mukim temsilcisi Muriel Mafico&#8217;nun itimatnamesini ald\u0131. Bakan Mikdad, Suriye ile Birle\u015fmi\u015f Milletler N\u00fcfus Fonu aras\u0131ndaki verimli ve devam eden i\u015fbirli\u011fine ve Fon taraf\u0131ndan Katar&#8217;da Suriyeli yetkililerle i\u015fbirli\u011fi amac\u0131yla y\u00fcr\u00fct\u00fclen bir\u00e7ok projeye \u00f6vg\u00fcde bulunarak, Suriye&#8217;nin, kendisine verilen g\u00f6revleri en &hellip;<\/p>\n","protected":false},"author":1,"featured_media":290490,"comment_status":"closed","ping_status":"closed","sticky":false,"template":"","format":"standard","meta":{"footnotes":""},"categories":[479,17988,478],"tags":[40164,38328],"class_list":["post-290489","post","type-post","status-publish","format-standard","has-post-thumbnail","","category-haberler-yerel","category-son-haberler","category-yerel","tag-bm-nufus-fonunun-suriyedeki-yeni-mukim-temsilcisinin-guven-mektubunu-teslim-aldi","tag-mikdad"],"_links":{"self":[{"href":"https:\/\/archive.sana.sy\/tr\/index.php?rest_route=\/wp\/v2\/posts\/290489","targetHints":{"allow":["GET"]}}],"collection":[{"href":"https:\/\/archive.sana.sy\/tr\/index.php?rest_route=\/wp\/v2\/posts"}],"about":[{"href":"https:\/\/archive.sana.sy\/tr\/index.php?rest_route=\/wp\/v2\/types\/post"}],"author":[{"embeddable":true,"href":"https:\/\/archive.sana.sy\/tr\/index.php?rest_route=\/wp\/v2\/users\/1"}],"replies":[{"embeddable":true,"href":"https:\/\/archive.sana.sy\/tr\/index.php?rest_route=%2Fwp%2Fv2%2Fcomments&post=290489"}],"version-history":[{"count":1,"href":"https:\/\/archive.sana.sy\/tr\/index.php?rest_route=\/wp\/v2\/posts\/290489\/revisions"}],"predecessor-version":[{"id":290495,"href":"https:\/\/archive.sana.sy\/tr\/index.php?rest_route=\/wp\/v2\/posts\/290489\/revisions\/290495"}],"wp:featuredmedia":[{"embeddable":true,"href":"https:\/\/archive.sana.sy\/tr\/index.php?rest_route=\/wp\/v2\/media\/290490"}],"wp:attachment":[{"href":"https:\/\/archive.sana.sy\/tr\/index.php?rest_route=%2Fwp%2Fv2%2Fmedia&parent=290489"}],"wp:term":[{"taxonomy":"category","embeddable":true,"href":"https:\/\/archive.sana.sy\/tr\/index.php?rest_route=%2Fwp%2Fv2%2Fcategories&post=290489"},{"taxonomy":"post_tag","embeddable":true,"href":"https:\/\/archive.sana.sy\/tr\/index.php?rest_route=%2Fwp%2Fv2%2Ftags&post=290489"}],"curies":[{"name":"wp","href":"https:\/\/api.w.org\/{rel}","templated":true}]}}