{"id":290497,"date":"2023-10-20T09:34:34","date_gmt":"2023-10-20T06:34:34","guid":{"rendered":"https:\/\/sana.sy\/tr\/?p=290497"},"modified":"2023-10-21T09:24:40","modified_gmt":"2023-10-21T06:24:40","slug":"gazze-seridinde-devam-eden-isgal-katliamlari-sonucunda-21-filistinli-sehit-dustu","status":"publish","type":"post","link":"https:\/\/archive.sana.sy\/tr\/?p=290497","title":{"rendered":"Gazze \u015eeridi&#8217;nde Devam Eden \u0130\u015fgal Katliamlar\u0131 Sonucunda 21 Filistinli \u015eehit D\u00fc\u015ft\u00fc"},"content":{"rendered":"<p><strong>\u0130\u015eGAL ED\u0130LEN KUD\u00dcS 20 Ekim (SANA)\u00a0 \u2013<\/strong> \u0130srail i\u015fgal u\u00e7aklar\u0131n\u0131n Gazze \u015eeridi&#8217;nin g\u00fcneyindeki ku\u015fatma alt\u0131ndaki Han Yunus kentine bug\u00fcn \u015fafak vakti ger\u00e7ekle\u015ftirdi\u011fi yo\u011fun bask\u0131n sonucu 21 Filistinli \u015fehit d\u00fc\u015ft\u00fc, onlarca ki\u015fi de yaraland\u0131.<strong><br \/>\n<\/strong><\/p>\n<p>WAFA Haber Ajans\u0131, \u0130srail i\u015fgal u\u00e7aklar\u0131n\u0131n bir dizi yo\u011fun bask\u0131nla alt\u0131 ev hedef ald\u0131\u011f\u0131n\u0131, bunun sekizi ayn\u0131 aileden olmak \u00fczere 21 Filistinlinin \u00f6l\u00fcm\u00fcne ve \u00e7o\u011fu \u00e7ocuk ve kad\u0131n olmak \u00fczere 79 Filistinlinin yaralanmas\u0131na yol a\u00e7t\u0131\u011f\u0131n\u0131 bildirdi.<\/p>\n<p>\u0130\u015fgal u\u00e7aklar\u0131 ayr\u0131ca, Gazze \u015eehri&#8217;nin g\u00fcneyindeki Al-Zahraa \u015eehrindeki konut kulelerini bombalayarak 20 kuleyi yok etti ve \u015eeridi&#8217;nin farkl\u0131 yerlerindeki d\u00fczinelerce meskun evi hedef ald\u0131.<\/p>\n<p style=\"text-align: center;\"><strong><a href=\"https:\/\/t.me\/SuriyeArapHaberAjansI\">Telegram Kanal\u0131m\u0131z\u00a0<\/a>||<a href=\"https:\/\/twitter.com\/arap_ajans\">X Platformumuz\u00a0<\/a>||<a href=\"https:\/\/www.facebook.com\/SANAHaberAjansi\/\">Facebook Sayfam\u0131z<\/a><\/strong><\/p>\n<p>&nbsp;<\/p>\n","protected":false},"excerpt":{"rendered":"<p>\u0130\u015eGAL ED\u0130LEN KUD\u00dcS 20 Ekim (SANA)\u00a0 \u2013 \u0130srail i\u015fgal u\u00e7aklar\u0131n\u0131n Gazze \u015eeridi&#8217;nin g\u00fcneyindeki ku\u015fatma alt\u0131ndaki Han Yunus kentine bug\u00fcn \u015fafak vakti ger\u00e7ekle\u015ftirdi\u011fi yo\u011fun bask\u0131n sonucu 21 Filistinli \u015fehit d\u00fc\u015ft\u00fc, onlarca ki\u015fi de yaraland\u0131. WAFA Haber Ajans\u0131, \u0130srail i\u015fgal u\u00e7aklar\u0131n\u0131n bir dizi yo\u011fun bask\u0131nla alt\u0131 ev hedef ald\u0131\u011f\u0131n\u0131, bunun sekizi ayn\u0131 aileden olmak \u00fczere 21 Filistinlinin &hellip;<\/p>\n","protected":false},"author":36,"featured_media":290501,"comment_status":"closed","ping_status":"closed","sticky":false,"template":"","format":"standard","meta":{"footnotes":""},"categories":[458,459,17988],"tags":[],"class_list":["post-290497","post","type-post","status-publish","format-standard","has-post-thumbnail","","category-dunya1","category-haberler-arap-uluslararasi-politika","category-son-haberler"],"_links":{"self":[{"href":"https:\/\/archive.sana.sy\/tr\/index.php?rest_route=\/wp\/v2\/posts\/290497","targetHints":{"allow":["GET"]}}],"collection":[{"href":"https:\/\/archive.sana.sy\/tr\/index.php?rest_route=\/wp\/v2\/posts"}],"about":[{"href":"https:\/\/archive.sana.sy\/tr\/index.php?rest_route=\/wp\/v2\/types\/post"}],"author":[{"embeddable":true,"href":"https:\/\/archive.sana.sy\/tr\/index.php?rest_route=\/wp\/v2\/users\/36"}],"replies":[{"embeddable":true,"href":"https:\/\/archive.sana.sy\/tr\/index.php?rest_route=%2Fwp%2Fv2%2Fcomments&post=290497"}],"version-history":[{"count":2,"href":"https:\/\/archive.sana.sy\/tr\/index.php?rest_route=\/wp\/v2\/posts\/290497\/revisions"}],"predecessor-version":[{"id":290507,"href":"https:\/\/archive.sana.sy\/tr\/index.php?rest_route=\/wp\/v2\/posts\/290497\/revisions\/290507"}],"wp:featuredmedia":[{"embeddable":true,"href":"https:\/\/archive.sana.sy\/tr\/index.php?rest_route=\/wp\/v2\/media\/290501"}],"wp:attachment":[{"href":"https:\/\/archive.sana.sy\/tr\/index.php?rest_route=%2Fwp%2Fv2%2Fmedia&parent=290497"}],"wp:term":[{"taxonomy":"category","embeddable":true,"href":"https:\/\/archive.sana.sy\/tr\/index.php?rest_route=%2Fwp%2Fv2%2Fcategories&post=290497"},{"taxonomy":"post_tag","embeddable":true,"href":"https:\/\/archive.sana.sy\/tr\/index.php?rest_route=%2Fwp%2Fv2%2Ftags&post=290497"}],"curies":[{"name":"wp","href":"https:\/\/api.w.org\/{rel}","templated":true}]}}