{"id":290503,"date":"2023-10-20T09:37:59","date_gmt":"2023-10-20T06:37:59","guid":{"rendered":"https:\/\/sana.sy\/tr\/?p=290503"},"modified":"2023-10-21T09:28:41","modified_gmt":"2023-10-21T06:28:41","slug":"aksa-tufani-operasyonun-one-cikan-gelismeleri-7","status":"publish","type":"post","link":"https:\/\/archive.sana.sy\/tr\/?p=290503","title":{"rendered":"\u201cAksa Tufan\u0131\u201d Operasyonun \u00d6ne \u00c7\u0131kan Geli\u015fmeleri"},"content":{"rendered":"<p style=\"text-align: justify;\"><strong>\u0130\u015eGAL ED\u0130LEN KUD\u00dcS 20 EK\u0130M (SANA)<\/strong> &#8211; Filistin direni\u015finin \u0130srail i\u015fgalinin sald\u0131r\u0131lar\u0131na tepki olarak 14&#8217;\u00fcnc\u00fc g\u00fcn\u00fcnde ba\u015flatt\u0131\u011f\u0131 Mescid-i Aksa Tufan\u0131 Operasyonu&#8217;nda \u00f6ne \u00e7\u0131kan geli\u015fmeler:<\/p>\n<p style=\"text-align: justify;\">_ Filistin medyas\u0131: \u0130srail i\u015fgal u\u00e7aklar\u0131n\u0131n Gazze \u015eeridi&#8217;nin merkezindeki Nuseyrat kamp\u0131ndaki bir evi bombalamas\u0131 sonucu \u00e7o\u011fu \u00e7ocuk \u00e7ok say\u0131da Filistinli \u00f6ld\u00fc ve yaraland\u0131.<\/p>\n<p style=\"text-align: justify;\">_ Filistin medyas\u0131: \u0130srail i\u015fgal u\u00e7a\u011f\u0131n\u0131n Gazze \u015eeridi&#8217;nin g\u00fcneyindeki Han Yunus&#8217;ta bir okulu bombalamas\u0131 sonucu \u015fehitler ve yaral\u0131lar.<\/p>\n<p style=\"text-align: justify;\">&#8211; Filistin Direni\u015fi: Yaral\u0131lar\u0131n tedavi i\u00e7in nakledilmesi ve Birle\u015fmi\u015f Milletler, UNRWA ve Filistin K\u0131z\u0131lay\u0131&#8217;n\u0131n himayesinde Gazze \u015eeridi&#8217;nin t\u00fcm b\u00f6lgelerine yard\u0131m ak\u0131\u015f\u0131n\u0131n sa\u011flanmas\u0131 i\u00e7in Refah kap\u0131s\u0131n\u0131n kal\u0131c\u0131 olarak a\u00e7\u0131lmas\u0131 \u00e7a\u011fr\u0131s\u0131nda bulunuyoruz.<\/p>\n<p style=\"text-align: justify;\">_ Filistin direni\u015fi, i\u015fgalin Gazze \u015eeridi halk\u0131na y\u00f6nelik katliamlar\u0131na tepki olarak i\u015fgal alt\u0131ndaki Kud\u00fcs&#8217;teki \u0130srail d\u00fc\u015fman mevzilerini f\u00fcze salvosu ile hedef almay\u0131 yeniledi.<\/p>\n<p style=\"text-align: justify;\">_ Filistin medyas\u0131: \u0130srail i\u015fgal u\u00e7aklar\u0131n\u0131n Gazze \u015fehrinin Al-Sabra mahallesindeki bir evi bombalamas\u0131 sonucu \u015fehitler ve yaral\u0131lar.<\/p>\n<p style=\"text-align: justify;\">_ Filistin medyas\u0131: \u0130srail i\u015fgal u\u00e7a\u011f\u0131n\u0131n Gazze&#8217;nin Yerm\u00fck mahallesini bombalamas\u0131 sonucu bir aileden 8 Filistinli \u015fehit d\u00fc\u015ft\u00fc, di\u011ferleri de yaraland\u0131.<\/p>\n<p style=\"text-align: justify;\">_ Filistin medyas\u0131: \u0130srail i\u015fgal u\u00e7aklar\u0131, yo\u011fun bask\u0131nlarla Gazze \u015eeridi&#8217;nin do\u011fusundaki El-Tuffah mahallesindeki Cebel El Rayes b\u00f6lgesini hedef ald\u0131.<\/p>\n<p style=\"text-align: justify;\">_ Filistin direni\u015f hedefleri, Siyonistlerin Gazze halk\u0131na y\u00f6nelik katliamlar\u0131na tepki olarak Kud\u00fcs&#8217;\u00fc f\u00fcze bombard\u0131manlar\u0131yla i\u015fgal etti.<\/p>\n<p style=\"text-align: justify;\">_ Filistin Sa\u011fl\u0131k Bakanl\u0131\u011f\u0131: Gazze \u015eeridi&#8217;ndeki 7 hastane hizmet d\u0131\u015f\u0131.<\/p>\n<p style=\"text-align: justify;\">_ Filistin Sa\u011fl\u0131k Bakanl\u0131\u011f\u0131: \u0130srail i\u015fgal u\u00e7aklar\u0131n\u0131n Gazze \u015eeridi&#8217;ni on d\u00f6rd\u00fcnc\u00fc g\u00fcn\u00fcnde aral\u0131ks\u0131z bombalamas\u0131 sonucu 4.137 \u015fehit ve 13.000&#8217;den fazla yaral\u0131.<\/p>\n<p style=\"text-align: justify;\">_ Filistin medyas\u0131: \u0130srail i\u015fgal u\u00e7aklar\u0131n\u0131n Gazze \u015eeridi&#8217;nin g\u00fcneyinde Refah&#8217;\u0131n do\u011fusunu bombalamas\u0131 sonucu 7 Filistinli \u00f6ld\u00fcr\u00fcld\u00fc.<\/p>\n<p style=\"text-align: justify;\">_ Filistin direni\u015fi, Mescid-i Aksa Tufan\u0131 Harekat\u0131 kapsam\u0131nda \u201cKfar Azza\u201dda toplanan \u0130srail i\u015fgal askerlerini havan toplar\u0131yla hedef ald\u0131.<\/p>\n<p style=\"text-align: justify;\">_ Filistin direni\u015f hedefleri, \u0130srail i\u015fgalinin Filistinlilere y\u00f6nelik sald\u0131r\u0131lar\u0131na tepki olarak A\u015fdod&#8217;u f\u00fcze bombard\u0131man\u0131yla i\u015fgal etti.<\/p>\n<p style=\"text-align: justify;\">_ \u0130srail d\u00fc\u015fman medyas\u0131: Sava\u015f \u201c\u0130srail\u201di resesyona soktu ve ticaret \u015fu anda s\u0131f\u0131r.<\/p>\n<p style=\"text-align: justify;\">_ Filistin medyas\u0131: \u0130srail i\u015fgal u\u00e7aklar\u0131 Gazze \u015eeridi&#8217;nin \u00e7e\u015fitli b\u00f6lgelerini yo\u011fun bask\u0131nlarla bombalad\u0131.<\/p>\n<p style=\"text-align: justify;\">_ Filistin direni\u015fi Mescid-i Aksa Tufan\u0131 kapsam\u0131nda \u201cDotan\u201d yerle\u015fimini yo\u011fun ve konsantre mermilerle hedef ald\u0131.<\/p>\n<p style=\"text-align: justify;\">_ Filistin Direni\u015fi: Filistin halk\u0131, i\u015fgalin Gazze&#8217;yi veya \u00fclkenin herhangi bir b\u00f6l\u00fcm\u00fcn\u00fc tekelle\u015ftirmesine izin vermeyecek, i\u015fgalin kendi davas\u0131n\u0131 tasfiye etmeye ve haklar\u0131n\u0131 baltalamaya y\u00f6nelik t\u00fcm politika ve planlar\u0131na kar\u015f\u0131 \u00e7\u0131kacakt\u0131r.<\/p>\n<p style=\"text-align: justify;\">_ Filistin Direni\u015fi: \u015eanl\u0131 Bat\u0131 \u015eeria&#8217;da Mescid-i Aksa&#8217;ya kat\u0131lmak i\u00e7in aya\u011fa kalkan halk\u0131m\u0131z\u0131 selaml\u0131yoruz; \u0130\u015fgalle ve onun yerle\u015fimcileriyle y\u00fczle\u015fme \u00e7a\u011fr\u0131s\u0131na yan\u0131t vererek t\u00fcm b\u00f6lgelerde onunla \u00e7at\u0131\u015fma ve temas noktalar\u0131n\u0131 ate\u015flediler.<\/p>\n<p style=\"text-align: justify;\">_ Filistin Direni\u015fi: D\u00fcn direni\u015f sava\u015f\u00e7\u0131lar\u0131, \u0130srail i\u015fgalinin Tulkarm \u015fehrindeki Nur \u015eems kamp\u0131na y\u00f6nelik sald\u0131r\u0131s\u0131na kahramanca kar\u015f\u0131 \u00e7\u0131kt\u0131 ve d\u00fc\u015fmana sert bir ders verdi.<\/p>\n<p style=\"text-align: justify;\">_ Filistin direni\u015fi, Mescid-i Aksa Tufan\u0131 Harekat\u0131 kapsam\u0131nda \u201cSderot\u201d yerle\u015fimini f\u00fcze sald\u0131r\u0131lar\u0131yla hedef al\u0131yor.<\/p>\n<p style=\"text-align: justify;\">_ Filistin medyas\u0131, Gazze&#8217;deki t\u0131bbi kaynaklardan al\u0131nt\u0131 yap\u0131yor: \u0130srail&#8217;in i\u015fgal bombard\u0131man\u0131 sonucu yaralananlara y\u00f6nelik t\u0131bbi operasyonlar\u0131n \u00e7o\u011fu art\u0131k anestezi olmadan ger\u00e7ekle\u015ftiriliyor.<\/p>\n<p style=\"text-align: justify;\">_ Filistin medyas\u0131: \u0130srail i\u015fgal u\u00e7aklar\u0131n\u0131n Gazze \u015eeridi&#8217;nin g\u00fcneyindeki Han Yunus&#8217;ta 6 evi bombalamas\u0131 sonucu 22 Filistinli \u00f6ld\u00fc, onlarca Filistinli yaraland\u0131.<\/p>\n<p style=\"text-align: justify;\">_ Filistin Sa\u011fl\u0131k Bakanl\u0131\u011f\u0131: \u0130srail i\u015fgal g\u00fc\u00e7leri d\u00fcn Tulkarm&#8217;daki Nur \u015eems kamp\u0131na y\u00f6nelik sald\u0131r\u0131s\u0131nda katliam yaparak 5&#8217;i \u00e7ocuk 13 Filistinli&#8217;yi \u015fehit etti.<\/p>\n<p style=\"text-align: justify;\">_ Medya: \u0130srail i\u015fgal g\u00fc\u00e7leri, direni\u015f sava\u015f\u00e7\u0131lar\u0131yla 27 saat s\u00fcren \u00e7at\u0131\u015fmalar\u0131n ard\u0131ndan Tulkarm&#8217;\u0131n do\u011fusundaki Nur \u015eems kamp\u0131ndan \u00e7ekiliyor.<\/p>\n<p style=\"text-align: justify;\">_ Filistin medyas\u0131: \u0130srail i\u015fgal u\u00e7aklar\u0131 Gazze \u015fehrinin g\u00fcneyindeki El Zahraa&#8217;da 20 konut kulesini yok etti.<\/p>\n<p style=\"text-align: justify;\">_ Filistin medyas\u0131: \u0130srail i\u015fgal u\u00e7aklar\u0131n\u0131n Gazze \u015eeridi&#8217;nin g\u00fcneyindeki Han Yunus&#8217;ta \u00e7ok say\u0131da eve d\u00fczenledi\u011fi yo\u011fun bask\u0131nlarda 20 \u015fehit ve onlarca yaral\u0131.<\/p>\n<p style=\"text-align: center;\"><strong><a href=\"https:\/\/t.me\/SuriyeArapHaberAjansI\">Telegram Kanal\u0131m\u0131z\u00a0<\/a>||<a href=\"https:\/\/twitter.com\/arap_ajans\">X Platformumuz\u00a0<\/a>||<a href=\"https:\/\/www.facebook.com\/SANAHaberAjansi\/\">Facebook Sayfam\u0131z<\/a><\/strong><\/p>\n","protected":false},"excerpt":{"rendered":"<p>\u0130\u015eGAL ED\u0130LEN KUD\u00dcS 20 EK\u0130M (SANA) &#8211; Filistin direni\u015finin \u0130srail i\u015fgalinin sald\u0131r\u0131lar\u0131na tepki olarak 14&#8217;\u00fcnc\u00fc g\u00fcn\u00fcnde ba\u015flatt\u0131\u011f\u0131 Mescid-i Aksa Tufan\u0131 Operasyonu&#8217;nda \u00f6ne \u00e7\u0131kan geli\u015fmeler: _ Filistin medyas\u0131: \u0130srail i\u015fgal u\u00e7aklar\u0131n\u0131n Gazze \u015eeridi&#8217;nin merkezindeki Nuseyrat kamp\u0131ndaki bir evi bombalamas\u0131 sonucu \u00e7o\u011fu \u00e7ocuk \u00e7ok say\u0131da Filistinli \u00f6ld\u00fc ve yaraland\u0131. _ Filistin medyas\u0131: \u0130srail i\u015fgal u\u00e7a\u011f\u0131n\u0131n Gazze \u015eeridi&#8217;nin &hellip;<\/p>\n","protected":false},"author":36,"featured_media":290504,"comment_status":"closed","ping_status":"closed","sticky":false,"template":"","format":"standard","meta":{"footnotes":""},"categories":[458,459,17988],"tags":[],"class_list":["post-290503","post","type-post","status-publish","format-standard","has-post-thumbnail","","category-dunya1","category-haberler-arap-uluslararasi-politika","category-son-haberler"],"_links":{"self":[{"href":"https:\/\/archive.sana.sy\/tr\/index.php?rest_route=\/wp\/v2\/posts\/290503","targetHints":{"allow":["GET"]}}],"collection":[{"href":"https:\/\/archive.sana.sy\/tr\/index.php?rest_route=\/wp\/v2\/posts"}],"about":[{"href":"https:\/\/archive.sana.sy\/tr\/index.php?rest_route=\/wp\/v2\/types\/post"}],"author":[{"embeddable":true,"href":"https:\/\/archive.sana.sy\/tr\/index.php?rest_route=\/wp\/v2\/users\/36"}],"replies":[{"embeddable":true,"href":"https:\/\/archive.sana.sy\/tr\/index.php?rest_route=%2Fwp%2Fv2%2Fcomments&post=290503"}],"version-history":[{"count":4,"href":"https:\/\/archive.sana.sy\/tr\/index.php?rest_route=\/wp\/v2\/posts\/290503\/revisions"}],"predecessor-version":[{"id":290545,"href":"https:\/\/archive.sana.sy\/tr\/index.php?rest_route=\/wp\/v2\/posts\/290503\/revisions\/290545"}],"wp:featuredmedia":[{"embeddable":true,"href":"https:\/\/archive.sana.sy\/tr\/index.php?rest_route=\/wp\/v2\/media\/290504"}],"wp:attachment":[{"href":"https:\/\/archive.sana.sy\/tr\/index.php?rest_route=%2Fwp%2Fv2%2Fmedia&parent=290503"}],"wp:term":[{"taxonomy":"category","embeddable":true,"href":"https:\/\/archive.sana.sy\/tr\/index.php?rest_route=%2Fwp%2Fv2%2Fcategories&post=290503"},{"taxonomy":"post_tag","embeddable":true,"href":"https:\/\/archive.sana.sy\/tr\/index.php?rest_route=%2Fwp%2Fv2%2Ftags&post=290503"}],"curies":[{"name":"wp","href":"https:\/\/api.w.org\/{rel}","templated":true}]}}