{"id":290514,"date":"2023-10-19T23:00:51","date_gmt":"2023-10-19T20:00:51","guid":{"rendered":"https:\/\/sana.sy\/tr\/?p=290514"},"modified":"2023-10-21T09:24:37","modified_gmt":"2023-10-21T06:24:37","slug":"omer-petrol-sahasindaki-amerikan-isgal-ussu-ve-deyrezzor-kirsalindaki-koniko-sahasina-baglanan-gaz-hatti-fuzelerle-hedef-alindi","status":"publish","type":"post","link":"https:\/\/archive.sana.sy\/tr\/?p=290514","title":{"rendered":"\u00d6mer Petrol Sahas\u0131ndaki Amerikan \u0130\u015fgal \u00dcss\u00fc Ve Deyrezzor K\u0131rsal\u0131ndaki Koniko Sahas\u0131na Ba\u011flanan Gaz Hatt\u0131 F\u00fczelerle Hedef Al\u0131nd\u0131"},"content":{"rendered":"<p style=\"text-align: justify;\"><strong>DEYREZZOR 19 EK\u0130M (SANA)<\/strong> &#8211; \u0130ki ayr\u0131 f\u00fcze sald\u0131r\u0131s\u0131, \u00d6mer petrol sahas\u0131n\u0131 ve Amerikan i\u015fgal g\u00fc\u00e7lerinin Deyrizor k\u0131rsal\u0131nda \u00fcsleri bulunan Koniko do\u011fal gaz tesisine ba\u011flanan gaz hatt\u0131n\u0131 hedef ald\u0131.<\/p>\n<p style=\"text-align: justify;\">Yerel kaynaklar SANA muhabirine, &#8220;Amerikan i\u015fgal g\u00fc\u00e7leri ve ona ba\u011fl\u0131 &#8221;SDG&#8221; milisleri taraf\u0131ndan Koniko tesisinden do\u011fal gaz \u00e7almak i\u00e7in kullan\u0131lan gaz ta\u015f\u0131ma boru hatt\u0131, bat\u0131 k\u0131rsal\u0131ndaki Ebu Ha\u015fab \u00e7\u00f6l b\u00f6lgesinde hedef al\u0131nd\u0131&#8221; diyerek, Boru hatt\u0131nda b\u00fcy\u00fck bir patlaman\u0131n meydana gelerek b\u00f6lgede b\u00fcy\u00fck sese yol a\u00e7t\u0131\u011f\u0131n\u0131, ard\u0131ndan yo\u011fun helikopter u\u00e7u\u015flar\u0131 ve Amerika&#8217;n\u0131n b\u00f6lge hava sahas\u0131ndaki y\u00fcr\u00fcy\u00fc\u015f\u00fcyle \u200b\u200bbirlikte Amerikan i\u015fgal g\u00fc\u00e7leri ve &#8221;SDG&#8221; milisleri taraf\u0131ndan tam alarma ge\u00e7ildi\u011fine dikkat \u00e7ekti.<\/p>\n<p style=\"text-align: justify;\">Kaynaklar ayr\u0131ca, &#8221;Bir ba\u015fka f\u00fcze sald\u0131r\u0131s\u0131 da, i\u015fgal g\u00fc\u00e7lerinin kay\u0131plar\u0131na ili\u015fkin herhangi bir bilgi al\u0131namadan, Amerikan i\u015fgaline y\u00f6nelik askeri \u00fcss\u00fcn bulundu\u011fu El \u00d6mer petrol sahas\u0131n\u0131 hedef ald\u0131&#8221; a\u00e7\u0131klamada bulundu.<\/p>\n<p>Irak&#8217;ta baz\u0131 \u00fcslerinin benzer sald\u0131r\u0131lara maruz kalmas\u0131ndan saatler sonra, bug\u00fcn erken saatlerde ABD&#8217;nin Suriye-\u00dcrd\u00fcn s\u0131n\u0131r\u0131ndaki Deyrezzor k\u0131rsal\u0131ndaki Koniko sahas\u0131ndaki i\u015fgal \u00fcslerini ve Suriye-\u00dcrd\u00fcn s\u0131n\u0131r\u0131ndaki El Tanf&#8217;\u0131 iki ayr\u0131 drone sald\u0131r\u0131s\u0131 hedef ald\u0131.<\/p>\n<p><strong><a href=\"https:\/\/t.me\/SuriyeArapHaberAjansI\">Telegram Kanal\u0131m\u0131z\u00a0<\/a><span style=\"color: #993300;\">||<\/span><a href=\"https:\/\/twitter.com\/arap_ajans\">X Platformumuz\u00a0<\/a><span style=\"color: #993300;\">||<\/span><a href=\"https:\/\/www.facebook.com\/SANAHaberAjansi\/\">Facebook Sayfam\u0131z<\/a><\/strong><\/p>\n<p style=\"text-align: justify;\">\n","protected":false},"excerpt":{"rendered":"<p>DEYREZZOR 19 EK\u0130M (SANA) &#8211; \u0130ki ayr\u0131 f\u00fcze sald\u0131r\u0131s\u0131, \u00d6mer petrol sahas\u0131n\u0131 ve Amerikan i\u015fgal g\u00fc\u00e7lerinin Deyrizor k\u0131rsal\u0131nda \u00fcsleri bulunan Koniko do\u011fal gaz tesisine ba\u011flanan gaz hatt\u0131n\u0131 hedef ald\u0131. Yerel kaynaklar SANA muhabirine, &#8220;Amerikan i\u015fgal g\u00fc\u00e7leri ve ona ba\u011fl\u0131 &#8221;SDG&#8221; milisleri taraf\u0131ndan Koniko tesisinden do\u011fal gaz \u00e7almak i\u00e7in kullan\u0131lan gaz ta\u015f\u0131ma boru hatt\u0131, bat\u0131 k\u0131rsal\u0131ndaki &hellip;<\/p>\n","protected":false},"author":1,"featured_media":290515,"comment_status":"closed","ping_status":"closed","sticky":false,"template":"","format":"standard","meta":{"footnotes":""},"categories":[479,575,17988,478],"tags":[40165],"class_list":["post-290514","post","type-post","status-publish","format-standard","has-post-thumbnail","","category-haberler-yerel","category-olaylar-ve-gercekler","category-son-haberler","category-yerel","tag-omer-petrol-sahasindaki-amerikan-isgal-ussu-ve-deyrezzor-kirsalindaki-koniko-sahasina-baglanan-gaz-hatti-fuzelerle-hedef-alindi"],"_links":{"self":[{"href":"https:\/\/archive.sana.sy\/tr\/index.php?rest_route=\/wp\/v2\/posts\/290514","targetHints":{"allow":["GET"]}}],"collection":[{"href":"https:\/\/archive.sana.sy\/tr\/index.php?rest_route=\/wp\/v2\/posts"}],"about":[{"href":"https:\/\/archive.sana.sy\/tr\/index.php?rest_route=\/wp\/v2\/types\/post"}],"author":[{"embeddable":true,"href":"https:\/\/archive.sana.sy\/tr\/index.php?rest_route=\/wp\/v2\/users\/1"}],"replies":[{"embeddable":true,"href":"https:\/\/archive.sana.sy\/tr\/index.php?rest_route=%2Fwp%2Fv2%2Fcomments&post=290514"}],"version-history":[{"count":1,"href":"https:\/\/archive.sana.sy\/tr\/index.php?rest_route=\/wp\/v2\/posts\/290514\/revisions"}],"predecessor-version":[{"id":290516,"href":"https:\/\/archive.sana.sy\/tr\/index.php?rest_route=\/wp\/v2\/posts\/290514\/revisions\/290516"}],"wp:featuredmedia":[{"embeddable":true,"href":"https:\/\/archive.sana.sy\/tr\/index.php?rest_route=\/wp\/v2\/media\/290515"}],"wp:attachment":[{"href":"https:\/\/archive.sana.sy\/tr\/index.php?rest_route=%2Fwp%2Fv2%2Fmedia&parent=290514"}],"wp:term":[{"taxonomy":"category","embeddable":true,"href":"https:\/\/archive.sana.sy\/tr\/index.php?rest_route=%2Fwp%2Fv2%2Fcategories&post=290514"},{"taxonomy":"post_tag","embeddable":true,"href":"https:\/\/archive.sana.sy\/tr\/index.php?rest_route=%2Fwp%2Fv2%2Ftags&post=290514"}],"curies":[{"name":"wp","href":"https:\/\/api.w.org\/{rel}","templated":true}]}}