{"id":290567,"date":"2023-10-20T23:17:41","date_gmt":"2023-10-20T20:17:41","guid":{"rendered":"https:\/\/sana.sy\/tr\/?p=290567"},"modified":"2023-10-22T08:20:25","modified_gmt":"2023-10-22T05:20:25","slug":"silahli-kuvvetlerimiz-idlib-kirsalindaki-teror-bolgelerine-topcu-ve-fuze-saldirilari-duzenledi-video","status":"publish","type":"post","link":"https:\/\/archive.sana.sy\/tr\/?p=290567","title":{"rendered":"Silahl\u0131 Kuvvetlerimiz \u0130dlib K\u0131rsal\u0131ndaki Ter\u00f6r B\u00f6lgelerine Top\u00e7u Ve F\u00fcze Sald\u0131r\u0131lar\u0131 D\u00fczenledi\u2013 Video"},"content":{"rendered":"<p style=\"text-align: justify;\"><strong>\u015eAM\u00a0 21 EK\u0130M (SANA<\/strong> &#8211; \u0130dlib k\u0131rsal\u0131ndaki ter\u00f6r hareketlerinin ve e\u011fitimlerin dikkatli bir \u015fekilde takip edilmesi ve izlenmesinin ve vu do\u011frultuda faaliyet g\u00f6steren g\u00fc\u00e7lerimizin baz\u0131 mevzilerine sald\u0131r\u0131 haz\u0131rl\u0131\u011f\u0131nda olan ter\u00f6ristlere ili\u015fkin ke\u015fif bilgilerinin al\u0131nmas\u0131n\u0131n ard\u0131ndan, silahl\u0131 kuvvetlerimizin birimleri, dost Rus havac\u0131l\u0131\u011f\u0131yla i\u015fbirli\u011fi i\u00e7inde top\u00e7u ve f\u00fcze sald\u0131r\u0131lar\u0131 ger\u00e7ekle\u015ftirdi.<\/p>\n<p style=\"text-align: justify;\">Silahl\u0131 kuvvetlerimiz, ter\u00f6ristlerin kararg\u00e2hlar\u0131n\u0131, komuta ve e\u011fitim kararg\u00e2h\u0131, te\u00e7hizat ve m\u00fchimmat deposu olarak kulland\u0131klar\u0131 ma\u011faralar\u0131 imha etmeyi ba\u015fard\u0131 ve g\u00fc\u00e7lerimizin mevzilerine y\u00f6nelik ter\u00f6r operasyonlar\u0131 y\u00fcr\u00fctmek amac\u0131yla e\u011fitim ve haz\u0131rl\u0131k amac\u0131yla kullan\u0131lan ter\u00f6r sahalar\u0131n\u0131 da hedef ald\u0131.<\/p>\n<p style=\"text-align: justify;\">Bu sald\u0131r\u0131larda \u00e7o\u011funlu\u011fu \u201cHeyet Tahrir El \u015eam\u201d ve \u201cT\u00fcrkistan \u0130slam Partisi\u201d adl\u0131 \u00f6rg\u00fctlere mensup onlarca ter\u00f6ristin \u00f6l\u00fcm\u00fc ve yaralanmas\u0131yla sonu\u00e7land\u0131.<\/p>\n<p style=\"text-align: justify;\">\u00d6ld\u00fcr\u00fclen ter\u00f6ristlerden: &#8220;Ebu S\u00fcleyman El Homsi, Ebu Akal Ma\u011fara, Ebu Abdullah El Halabi, Salah Havva\u015f, Ebu Mahmud Karrum El T\u00fcrkistani, Ebu Madin El Azri, Musa Hallus, Sair Samer El \u015eamali, Be\u015f\u015far El \u015eahada, Mahmud El Han\u015ful, Ahmed El Faysal, Ebu T\u00fcrki Fahim ve \u0130slam Ali.<\/p>\n<p><iframe loading=\"lazy\" title=\"\u0642\u0648\u0627\u062a\u0646\u0627 \u0627\u0644\u0645\u0633\u0644\u062d\u0629 \u062a\u0646\u0641\u0630 \u0636\u0631\u0628\u0627\u062a \u0645\u062f\u0641\u0639\u064a\u0629 \u0648\u0635\u0627\u0631\u0648\u062e\u064a\u0629 \u0644\u0645\u0648\u0627\u0642\u0639 \u0627\u0644\u0625\u0631\u0647\u0627\u0628\u064a\u064a\u0646 \u0641\u064a \u0631\u064a\u0641 \u0625\u062f\u0644\u0628\" width=\"618\" height=\"348\" src=\"https:\/\/www.youtube.com\/embed\/ns-Zrf2PUfg?feature=oembed\" frameborder=\"0\" allow=\"accelerometer; autoplay; clipboard-write; encrypted-media; gyroscope; picture-in-picture; web-share\" referrerpolicy=\"strict-origin-when-cross-origin\" allowfullscreen><\/iframe><\/p>\n<p style=\"text-align: center;\"><strong><a href=\"https:\/\/t.me\/SuriyeArapHaberAjansI\">Telegram Kanal\u0131m\u0131z\u00a0<\/a>||<a href=\"https:\/\/twitter.com\/arap_ajans\">X Platformumuz\u00a0<\/a>||<a href=\"https:\/\/www.facebook.com\/SANAHaberAjansi\/\">Facebook Sayfam\u0131z<\/a><\/strong><\/p>\n","protected":false},"excerpt":{"rendered":"<p>\u015eAM\u00a0 21 EK\u0130M (SANA &#8211; \u0130dlib k\u0131rsal\u0131ndaki ter\u00f6r hareketlerinin ve e\u011fitimlerin dikkatli bir \u015fekilde takip edilmesi ve izlenmesinin ve vu do\u011frultuda faaliyet g\u00f6steren g\u00fc\u00e7lerimizin baz\u0131 mevzilerine sald\u0131r\u0131 haz\u0131rl\u0131\u011f\u0131nda olan ter\u00f6ristlere ili\u015fkin ke\u015fif bilgilerinin al\u0131nmas\u0131n\u0131n ard\u0131ndan, silahl\u0131 kuvvetlerimizin birimleri, dost Rus havac\u0131l\u0131\u011f\u0131yla i\u015fbirli\u011fi i\u00e7inde top\u00e7u ve f\u00fcze sald\u0131r\u0131lar\u0131 ger\u00e7ekle\u015ftirdi. Silahl\u0131 kuvvetlerimiz, ter\u00f6ristlerin kararg\u00e2hlar\u0131n\u0131, komuta ve e\u011fitim &hellip;<\/p>\n","protected":false},"author":41,"featured_media":290568,"comment_status":"closed","ping_status":"closed","sticky":false,"template":"","format":"standard","meta":{"footnotes":""},"categories":[479,575,17988,478],"tags":[40175],"class_list":["post-290567","post","type-post","status-publish","format-standard","has-post-thumbnail","","category-haberler-yerel","category-olaylar-ve-gercekler","category-son-haberler","category-yerel","tag-silahli-kuvvetlerimiz-idlib-kirsalindaki-teror-bolgelerine-topcu-ve-fuze-saldirilari-duzenledi-video"],"_links":{"self":[{"href":"https:\/\/archive.sana.sy\/tr\/index.php?rest_route=\/wp\/v2\/posts\/290567","targetHints":{"allow":["GET"]}}],"collection":[{"href":"https:\/\/archive.sana.sy\/tr\/index.php?rest_route=\/wp\/v2\/posts"}],"about":[{"href":"https:\/\/archive.sana.sy\/tr\/index.php?rest_route=\/wp\/v2\/types\/post"}],"author":[{"embeddable":true,"href":"https:\/\/archive.sana.sy\/tr\/index.php?rest_route=\/wp\/v2\/users\/41"}],"replies":[{"embeddable":true,"href":"https:\/\/archive.sana.sy\/tr\/index.php?rest_route=%2Fwp%2Fv2%2Fcomments&post=290567"}],"version-history":[{"count":5,"href":"https:\/\/archive.sana.sy\/tr\/index.php?rest_route=\/wp\/v2\/posts\/290567\/revisions"}],"predecessor-version":[{"id":290597,"href":"https:\/\/archive.sana.sy\/tr\/index.php?rest_route=\/wp\/v2\/posts\/290567\/revisions\/290597"}],"wp:featuredmedia":[{"embeddable":true,"href":"https:\/\/archive.sana.sy\/tr\/index.php?rest_route=\/wp\/v2\/media\/290568"}],"wp:attachment":[{"href":"https:\/\/archive.sana.sy\/tr\/index.php?rest_route=%2Fwp%2Fv2%2Fmedia&parent=290567"}],"wp:term":[{"taxonomy":"category","embeddable":true,"href":"https:\/\/archive.sana.sy\/tr\/index.php?rest_route=%2Fwp%2Fv2%2Fcategories&post=290567"},{"taxonomy":"post_tag","embeddable":true,"href":"https:\/\/archive.sana.sy\/tr\/index.php?rest_route=%2Fwp%2Fv2%2Ftags&post=290567"}],"curies":[{"name":"wp","href":"https:\/\/api.w.org\/{rel}","templated":true}]}}