{"id":290598,"date":"2023-10-22T08:07:42","date_gmt":"2023-10-22T05:07:42","guid":{"rendered":"https:\/\/sana.sy\/tr\/?p=290598"},"modified":"2023-10-23T08:25:05","modified_gmt":"2023-10-23T05:25:05","slug":"dusman-israil-sam-ve-halep-uluslararasi-havalimanlarini-hedef-alarak-bu-havalimanlarinin-hizmet-disi-kalmasina-neden-oldu","status":"publish","type":"post","link":"https:\/\/archive.sana.sy\/tr\/?p=290598","title":{"rendered":"D\u00fc\u015fman \u0130srail \u015eam Ve Halep Uluslararas\u0131 Havalimanlar\u0131n\u0131 Hedef Alarak Bu Havalimanlar\u0131n\u0131n Hizmet D\u0131\u015f\u0131 Kalmas\u0131na Neden Oldu"},"content":{"rendered":"<p style=\"text-align: justify;\"><strong>\u015eAM 22 EK\u0130M (SANA)<\/strong> \u2013 D\u00fc\u015fman \u0130srail bu sabah \u015eam ve Halep uluslararas\u0131 havalimanlar\u0131n\u0131 hedef alarak bu havalimanlar\u0131n\u0131n hizmet d\u0131\u015f\u0131 kalmas\u0131na neden oldu.<\/p>\n<p style=\"text-align: justify;\">Askeri bir kaynak, &#8221; Bu sabah saat 05.25 s\u0131ralar\u0131nda d\u00fc\u015fman \u0130srail, Akdeniz&#8217;den, Lazkiye&#8217;nin bat\u0131s\u0131ndan ve i\u015fgal alt\u0131ndaki Suriye Golan y\u00f6n\u00fcnden e\u015f zamanl\u0131 olarak \u015eam ve Halep&#8217;teki uluslararas\u0131 havaalanlar\u0131n\u0131 hedef alan f\u00fczelerle hava sald\u0131rganl\u0131\u011f\u0131 d\u00fczenledi. Bu da \u015eam Havaliman\u0131&#8217;nda bir sivil i\u015f\u00e7inin \u015fehit olmas\u0131na, bir i\u015f\u00e7inin de yaralanmas\u0131na, iki havaliman\u0131n\u0131n pistlerinde maddi hasara yol a\u00e7arak hizmet d\u0131\u015f\u0131 kalmas\u0131na neden oldu&#8221; ifadelerini kulland\u0131.<\/p>\n<p style=\"text-align: center;\"><strong><a href=\"https:\/\/t.me\/SuriyeArapHaberAjansI\">Telegram Kanal\u0131m\u0131z\u00a0<\/a>||<a href=\"https:\/\/twitter.com\/arap_ajans\">X Platformumuz\u00a0<\/a>||<a href=\"https:\/\/www.facebook.com\/SANAHaberAjansi\/\">Facebook Sayfam\u0131z<\/a><\/strong><\/p>\n","protected":false},"excerpt":{"rendered":"<p>\u015eAM 22 EK\u0130M (SANA) \u2013 D\u00fc\u015fman \u0130srail bu sabah \u015eam ve Halep uluslararas\u0131 havalimanlar\u0131n\u0131 hedef alarak bu havalimanlar\u0131n\u0131n hizmet d\u0131\u015f\u0131 kalmas\u0131na neden oldu. Askeri bir kaynak, &#8221; Bu sabah saat 05.25 s\u0131ralar\u0131nda d\u00fc\u015fman \u0130srail, Akdeniz&#8217;den, Lazkiye&#8217;nin bat\u0131s\u0131ndan ve i\u015fgal alt\u0131ndaki Suriye Golan y\u00f6n\u00fcnden e\u015f zamanl\u0131 olarak \u015eam ve Halep&#8217;teki uluslararas\u0131 havaalanlar\u0131n\u0131 hedef alan f\u00fczelerle hava &hellip;<\/p>\n","protected":false},"author":39,"featured_media":290599,"comment_status":"closed","ping_status":"closed","sticky":false,"template":"","format":"standard","meta":{"footnotes":""},"categories":[479,575,17988,478],"tags":[],"class_list":["post-290598","post","type-post","status-publish","format-standard","has-post-thumbnail","","category-haberler-yerel","category-olaylar-ve-gercekler","category-son-haberler","category-yerel"],"_links":{"self":[{"href":"https:\/\/archive.sana.sy\/tr\/index.php?rest_route=\/wp\/v2\/posts\/290598","targetHints":{"allow":["GET"]}}],"collection":[{"href":"https:\/\/archive.sana.sy\/tr\/index.php?rest_route=\/wp\/v2\/posts"}],"about":[{"href":"https:\/\/archive.sana.sy\/tr\/index.php?rest_route=\/wp\/v2\/types\/post"}],"author":[{"embeddable":true,"href":"https:\/\/archive.sana.sy\/tr\/index.php?rest_route=\/wp\/v2\/users\/39"}],"replies":[{"embeddable":true,"href":"https:\/\/archive.sana.sy\/tr\/index.php?rest_route=%2Fwp%2Fv2%2Fcomments&post=290598"}],"version-history":[{"count":1,"href":"https:\/\/archive.sana.sy\/tr\/index.php?rest_route=\/wp\/v2\/posts\/290598\/revisions"}],"predecessor-version":[{"id":290600,"href":"https:\/\/archive.sana.sy\/tr\/index.php?rest_route=\/wp\/v2\/posts\/290598\/revisions\/290600"}],"wp:featuredmedia":[{"embeddable":true,"href":"https:\/\/archive.sana.sy\/tr\/index.php?rest_route=\/wp\/v2\/media\/290599"}],"wp:attachment":[{"href":"https:\/\/archive.sana.sy\/tr\/index.php?rest_route=%2Fwp%2Fv2%2Fmedia&parent=290598"}],"wp:term":[{"taxonomy":"category","embeddable":true,"href":"https:\/\/archive.sana.sy\/tr\/index.php?rest_route=%2Fwp%2Fv2%2Fcategories&post=290598"},{"taxonomy":"post_tag","embeddable":true,"href":"https:\/\/archive.sana.sy\/tr\/index.php?rest_route=%2Fwp%2Fv2%2Ftags&post=290598"}],"curies":[{"name":"wp","href":"https:\/\/api.w.org\/{rel}","templated":true}]}}