{"id":290603,"date":"2023-10-22T08:50:17","date_gmt":"2023-10-22T05:50:17","guid":{"rendered":"https:\/\/sana.sy\/tr\/?p=290603"},"modified":"2023-10-23T08:25:20","modified_gmt":"2023-10-23T05:25:20","slug":"aksa-tufani-operasyonun-one-cikan-gelismeleri-9","status":"publish","type":"post","link":"https:\/\/archive.sana.sy\/tr\/?p=290603","title":{"rendered":"\u201cAksa Tufan\u0131\u201d Operasyonun \u00d6ne \u00c7\u0131kan Geli\u015fmeleri"},"content":{"rendered":"<p style=\"text-align: justify;\"><strong>\u0130\u015eGAL ED\u0130LEN KUD\u00dcS 22 EK\u0130M (SANA)<\/strong> \u2013 Filistin direni\u015finin \u0130srail i\u015fgalinin sald\u0131r\u0131lar\u0131na tepki olarak 16\u2019nc\u0131 g\u00fcn\u00fcnde ba\u015flatt\u0131\u011f\u0131\u00a0 Aksa Tufan\u0131 Operasyonu\u2019nda \u00f6ne \u00e7\u0131kan geli\u015fmeler:<\/p>\n<p style=\"text-align: justify;\">&#8211; Filistin direni\u015fi, Gazze \u015eeridi&#8217;ndeki katliamlara tepki olarak \u201cNetivot\u201dtaki i\u015fgal alanlar\u0131na onlarca f\u00fczeyle f\u00fcze sald\u0131r\u0131s\u0131 d\u00fczenledi.<\/p>\n<p style=\"text-align: justify;\">&#8211; Filistin Direni\u015fi: Siyonist bir z\u0131rhl\u0131 kuvvet, g\u00fcney Gazze \u015eeridi&#8217;ndeki Han Yunus&#8217;un do\u011fusunda, ge\u00e7ici \u00e7itleri birka\u00e7 metre ge\u00e7tikten sonra s\u0131k\u0131 bir pusuya d\u00fc\u015f\u00fcr\u00fcld\u00fc.<\/p>\n<p style=\"text-align: justify;\">&#8211; Filistin medyas\u0131: \u0130\u015fgal u\u00e7a\u011f\u0131n\u0131n Gazze&#8217;nin \u015eeyh R\u0131dvan mahallesinde bir evi bombalamas\u0131 sonucu \u015fehit ve yaral\u0131lar.<\/p>\n<p style=\"text-align: justify;\">&#8211; Medya: 17 yard\u0131m kamyonunu i\u00e7eren ikinci bir yard\u0131m konvoyu Refah kap\u0131s\u0131ndan Gazze \u015eeridi&#8217;ne girdi.<\/p>\n<p style=\"text-align: justify;\">-Filistin direni\u015fi, devam eden katliamlara tepki olarak i\u015fgal alt\u0131ndaki Kud\u00fcs&#8217;\u00fcn bat\u0131s\u0131ndaki \u201cBeyt \u015eeme\u015f\u201d ve Gazze \u015eeridi eteklerindeki \u201cSderot\u201d yerle\u015fim yerlerindeki i\u015fgal alanlar\u0131n\u0131 f\u00fczelerle bombalad\u0131.<\/p>\n<p style=\"text-align: justify;\">Filistin direni\u015fi, Nirim yerle\u015fimindeki i\u015fgal alanlar\u0131n\u0131 havan toplar\u0131yla bombalad\u0131.<\/p>\n<p style=\"text-align: justify;\">&#8211; Filistin medyas\u0131 UNRWA hakk\u0131nda: Gazze \u015eeridi&#8217;nde yak\u0131t t\u00fckeniyor ve o olmadan insani yard\u0131m da duracak.<\/p>\n<p style=\"text-align: justify;\">&#8211; Filistin medyas\u0131: \u0130\u015fgal u\u00e7a\u011f\u0131n\u0131n Gazze \u015eeridi&#8217;nin kuzeyindeki Beyt Lahiya&#8217;da bir evi bombalamas\u0131 sonucu iki Filistinli \u00f6ld\u00fc, di\u011ferleri de yaraland\u0131.<\/p>\n<p style=\"text-align: justify;\">&#8211; Filistin direni\u015fi havan toplar\u0131yla askeri i\u015fgal b\u00f6lgesi \u201cMars\u201d\u0131 hedef ald\u0131.<\/p>\n<p style=\"text-align: justify;\">&#8211; Filistin Sa\u011fl\u0131k Bakanl\u0131\u011f\u0131: \u0130srail i\u015fgali son 24 saatte 24 katliam ger\u00e7ekle\u015ftirerek 117&#8217;si \u00e7ocuk 266 \u015fehidin hayat\u0131n\u0131 kaybetmesine neden oldu.<\/p>\n<p style=\"text-align: justify;\">&#8211; Filistin Sa\u011fl\u0131k Bakanl\u0131\u011f\u0131: \u0130\u015fgal, Gazze \u015eeridi&#8217;ndeki Filistinli ailelere kar\u015f\u0131 574 katliam ger\u00e7ekle\u015ftirdi, hastanelere ula\u015fan 3.600 \u015fehidi \u00f6ld\u00fcrd\u00fc ve bu say\u0131n\u0131n \u00e7o\u011fu h\u00e2l\u00e2 enkaz alt\u0131nda.<\/p>\n<p style=\"text-align: justify;\">&#8211; Filistin Sa\u011fl\u0131k Bakanl\u0131\u011f\u0131: \u0130srail&#8217;in Gazze \u015eeridi&#8217;ne y\u00f6nelik 16. g\u00fcn\u00fcnde devam eden i\u015fgal sald\u0131r\u0131s\u0131 sonucunda 1.873&#8217;\u00fc \u00e7ocuk 4.651 \u015fehit ve 14.245 yaral\u0131.<\/p>\n<p style=\"text-align: justify;\">&#8211; Filistin direni\u015fi, Mescid-i Aksa Tufan\u0131 Harekat\u0131 kapsam\u0131nda \u0130srail d\u00fc\u015fman\u0131n\u0131n (Ra&#8217;im) do\u011fusundaki top\u00e7u bataryalar\u0131n\u0131 f\u00fcze patlamalar\u0131yla bombalad\u0131.<\/p>\n<p style=\"text-align: justify;\">&#8211; Filistin medyas\u0131: \u0130\u015fgal u\u00e7aklar\u0131n\u0131n Gazze \u015eeridi&#8217;nin kuzeyindeki evleri bombalamas\u0131 sonucu Filistinli \u015fehit say\u0131s\u0131 16&#8217;ya y\u00fckseldi, onlarca ki\u015fi de yaraland\u0131.<\/p>\n<p style=\"text-align: justify;\">Filistin direni\u015fi i\u015fgal alt\u0131ndaki Filistin&#8217;in g\u00fcneyindeki bir\u00e7ok yerle\u015fime a\u011f\u0131r f\u00fcze bombard\u0131man\u0131 yap\u0131yor.<\/p>\n<p style=\"text-align: justify;\">&#8211; Filistin medyas\u0131: \u0130\u015fgal u\u00e7aklar\u0131n\u0131n Gazze \u015eeridi&#8217;nin kuzeyindeki El Alami b\u00f6lgesinde bir evi bombalamas\u0131 sonucu 5 Filistinli \u00f6ld\u00fc, 15 Filistinli yaraland\u0131.<\/p>\n<p style=\"text-align: justify;\">&#8211; Filistin medyas\u0131: Gazze \u015eeridi&#8217;nin g\u00fcneyindeki Refah&#8217;ta i\u015fgal u\u00e7aklar\u0131n\u0131n evleri bombalamas\u0131 sonucu 15 Filistinli \u00f6ld\u00fc, onlarca Filistinli yaraland\u0131.<\/p>\n<p style=\"text-align: justify;\">&#8211; Filistin Direni\u015fi: Mescid-i Aksa Tufan\u0131 Harekat\u0131 kapsam\u0131nda direni\u015f sava\u015f\u00e7\u0131lar\u0131m\u0131z, bug\u00fcn \u015fafak vakti Nablus&#8217;taki yeni Askar kamp\u0131na bask\u0131n yapan i\u015fgal g\u00fc\u00e7lerini a\u011f\u0131r kur\u015funlar ve patlay\u0131c\u0131larla hedef almay\u0131 ba\u015fard\u0131.<\/p>\n<p style=\"text-align: justify;\">&#8211; Filistin medyas\u0131: \u0130srail i\u015fgalinin Gazze \u015eeridi&#8217;nin \u00e7e\u015fitli b\u00f6lgelerine hava sald\u0131r\u0131lar\u0131 devam ediyor.<\/p>\n<p style=\"text-align: justify;\">&#8211; Filistin direni\u015fi, Mescid-i Aksa Tufan\u0131 kapsam\u0131nda bir kez daha \u0130srail&#8217;in &#8220;Mafkaim&#8221; yak\u0131nlar\u0131ndaki d\u00fc\u015fman yo\u011funla\u015fmalar\u0131n\u0131 f\u00fcze bombard\u0131manlar\u0131yla hedef al\u0131yor.<\/p>\n<p style=\"text-align: justify;\">&#8211; Filistin medyas\u0131, UNRWA&#8217;n\u0131n Gazze operasyonlar\u0131 direkt\u00f6r\u00fcn\u00fcn s\u00f6zlerini aktar\u0131yor: Durum berbat, insani yard\u0131m malzemeleri \u00e7ok s\u0131n\u0131rl\u0131, yiyecek ve i\u00e7me suyu da k\u0131tla\u015ft\u0131. \u015eeride s\u00fcrd\u00fcr\u00fclebilir bir yard\u0131m tedarik hatt\u0131na ihtiyac\u0131m\u0131z var.<\/p>\n<p style=\"text-align: justify;\">-Filistin Sa\u011fl\u0131k Bakanl\u0131\u011f\u0131: Gazze \u015eeridi&#8217;ndeki sa\u011fl\u0131k sistemi t\u00fcm tedavi kabiliyetini ve onu \u00e7al\u0131\u015ft\u0131rmak i\u00e7in gereken yak\u0131t\u0131 kaybetmi\u015f durumda, \u015eeride&#8217;ye gelen s\u0131n\u0131rl\u0131 yard\u0131m da yetersiz ve hastanelere ula\u015fmad\u0131.<\/p>\n<p style=\"text-align: justify;\">&#8211; Filistin direni\u015fi, Mescid-i Aksa Tufan\u0131 Operasyonu kapsam\u0131nda f\u00fcze bombard\u0131manlar\u0131yla \u201cMafkaim\u201d yak\u0131nlar\u0131ndaki d\u00fc\u015fman yo\u011funla\u015fmalar\u0131n\u0131 hedef al\u0131yor.<\/p>\n<p style=\"text-align: justify;\">-Filistin medyas\u0131: \u0130srail i\u015fgal u\u00e7aklar\u0131 Gazze&#8217;deki Zafer Kulesi&#8217;ni bombalayarak tamamen yok etti.<\/p>\n<p style=\"text-align: justify;\"><strong><a href=\"https:\/\/www.sana.sy\/tr\/?p=290613\">Gazze \u015eeridi&#8217;nde i\u015fgalden yeni bir katliam&#8230; \u00c7o\u011fu \u00e7ocuk 80&#8217;den fazla \u015fehit.<\/a><\/strong><\/p>\n<p style=\"text-align: justify;\">&#8211; \u0130srail d\u00fc\u015fman medyas\u0131, i\u015fgal alt\u0131ndaki Filistin&#8217;in kuzeyindeki Baram&#8217;\u0131 hedef alan tanksavar f\u00fczesi sonucu i\u015fgal g\u00fc\u00e7lerinden biri a\u011f\u0131r olmak \u00fczere 3 ki\u015finin yaraland\u0131\u011f\u0131n\u0131 itiraf etti.<\/p>\n<p style=\"text-align: justify;\">Filistin direni\u015fi, Gazze \u015eeridi halk\u0131na y\u00f6nelik Siyonist katliamlara yan\u0131t olarak f\u00fcze bombard\u0131man\u0131yla Tel Aviv&#8217;i hedef ald\u0131.<\/p>\n<p style=\"text-align: justify;\">&#8211; Filistin Direni\u015fi: Mescid-i Aksa Tufan\u0131 Harekat\u0131 kapsam\u0131nda kahraman direni\u015f sava\u015f\u00e7\u0131lar\u0131m\u0131z, Cenin&#8217;in g\u00fcneyindeki Kabatiya kasabas\u0131n\u0131 basan i\u015fgal g\u00fc\u00e7leriyle \u015fiddetli \u00e7at\u0131\u015fmalara giriyor ve a\u011f\u0131r kur\u015funlarla hedef ald\u0131.<\/p>\n<p style=\"text-align: justify;\">&#8211; Filistin medyas\u0131: \u0130srail u\u00e7aklar\u0131, Gazze \u015eeridi&#8217;nin merkezindeki Deir El Balah&#8217;taki El Aksa \u015eehitleri Hastanesi yak\u0131nlar\u0131na bir dizi bask\u0131n d\u00fczenledi.<\/p>\n<p style=\"text-align: justify;\">&#8211; Filistin medyas\u0131: \u0130srail i\u015fgal g\u00fc\u00e7leri Cenin&#8217;in g\u00fcneyindeki Kabatiya kasabas\u0131na sald\u0131r\u0131yor ve b\u00f6lgede \u00e7at\u0131\u015fmalar ya\u015fan\u0131yor.<\/p>\n<p style=\"text-align: justify;\">&#8211; Filistin medyas\u0131: \u0130srail i\u015fgal u\u00e7aklar\u0131 Gazze \u015eeridi&#8217;nin g\u00fcneyindeki Refah \u015fehrine bir dizi bask\u0131n d\u00fczenledi.<\/p>\n<p style=\"text-align: justify;\">&#8211; Filistin medyas\u0131: Kuzey Gazze \u015eeridi&#8217;ne \u015fiddetli \u0130srail top\u00e7u bombard\u0131man\u0131.<\/p>\n<p style=\"text-align: justify;\">&#8211; Filistin medyas\u0131: \u0130srail i\u015fgal u\u00e7aklar\u0131 Gazze \u015eeridi&#8217;nin g\u00fcneyindeki Han Yunus&#8217;a bir dizi sald\u0131r\u0131 d\u00fczenledi.<\/p>\n<p style=\"text-align: justify;\">&#8211; Filistin medyas\u0131: \u0130srail&#8217;in Gazze \u015eeridi&#8217;nde geceden bu yana s\u00fcrd\u00fcrd\u00fc\u011f\u00fc sald\u0131r\u0131larda \u00f6lenlerin say\u0131s\u0131 50&#8217;den fazla.<\/p>\n<p style=\"text-align: justify;\">&#8211; Filistin K\u0131z\u0131lay\u0131: \u0130srail i\u015fgal u\u00e7aklar\u0131n\u0131n Bat\u0131 \u015eeria&#8217;daki Cenin kamp\u0131ndaki bir camiyi bombalamas\u0131 sonucu 2 Filistinli \u00f6ld\u00fc, \u00e7ok say\u0131da ki\u015fi de yaraland\u0131.<\/p>\n<p style=\"text-align: center;\"><strong><a href=\"https:\/\/t.me\/SuriyeArapHaberAjansI\">Telegram Kanal\u0131m\u0131z\u00a0<\/a><span style=\"color: #ff0000;\">||<\/span><a href=\"https:\/\/twitter.com\/arap_ajans\">X Platformumuz\u00a0<\/a><span style=\"color: #ff0000;\">||<\/span><a href=\"https:\/\/www.facebook.com\/SANAHaberAjansi\/\">Facebook Sayfam\u0131z<\/a><\/strong><\/p>\n","protected":false},"excerpt":{"rendered":"<p>\u0130\u015eGAL ED\u0130LEN KUD\u00dcS 22 EK\u0130M (SANA) \u2013 Filistin direni\u015finin \u0130srail i\u015fgalinin sald\u0131r\u0131lar\u0131na tepki olarak 16\u2019nc\u0131 g\u00fcn\u00fcnde ba\u015flatt\u0131\u011f\u0131\u00a0 Aksa Tufan\u0131 Operasyonu\u2019nda \u00f6ne \u00e7\u0131kan geli\u015fmeler: &#8211; Filistin direni\u015fi, Gazze \u015eeridi&#8217;ndeki katliamlara tepki olarak \u201cNetivot\u201dtaki i\u015fgal alanlar\u0131na onlarca f\u00fczeyle f\u00fcze sald\u0131r\u0131s\u0131 d\u00fczenledi. &#8211; Filistin Direni\u015fi: Siyonist bir z\u0131rhl\u0131 kuvvet, g\u00fcney Gazze \u015eeridi&#8217;ndeki Han Yunus&#8217;un do\u011fusunda, ge\u00e7ici \u00e7itleri birka\u00e7 &hellip;<\/p>\n","protected":false},"author":39,"featured_media":290646,"comment_status":"closed","ping_status":"closed","sticky":false,"template":"","format":"standard","meta":{"footnotes":""},"categories":[458,459,17988],"tags":[40113],"class_list":["post-290603","post","type-post","status-publish","format-standard","has-post-thumbnail","","category-dunya1","category-haberler-arap-uluslararasi-politika","category-son-haberler","tag-aksa-tufani-operasyonun-one-cikan-gelismeleri"],"_links":{"self":[{"href":"https:\/\/archive.sana.sy\/tr\/index.php?rest_route=\/wp\/v2\/posts\/290603","targetHints":{"allow":["GET"]}}],"collection":[{"href":"https:\/\/archive.sana.sy\/tr\/index.php?rest_route=\/wp\/v2\/posts"}],"about":[{"href":"https:\/\/archive.sana.sy\/tr\/index.php?rest_route=\/wp\/v2\/types\/post"}],"author":[{"embeddable":true,"href":"https:\/\/archive.sana.sy\/tr\/index.php?rest_route=\/wp\/v2\/users\/39"}],"replies":[{"embeddable":true,"href":"https:\/\/archive.sana.sy\/tr\/index.php?rest_route=%2Fwp%2Fv2%2Fcomments&post=290603"}],"version-history":[{"count":11,"href":"https:\/\/archive.sana.sy\/tr\/index.php?rest_route=\/wp\/v2\/posts\/290603\/revisions"}],"predecessor-version":[{"id":290653,"href":"https:\/\/archive.sana.sy\/tr\/index.php?rest_route=\/wp\/v2\/posts\/290603\/revisions\/290653"}],"wp:featuredmedia":[{"embeddable":true,"href":"https:\/\/archive.sana.sy\/tr\/index.php?rest_route=\/wp\/v2\/media\/290646"}],"wp:attachment":[{"href":"https:\/\/archive.sana.sy\/tr\/index.php?rest_route=%2Fwp%2Fv2%2Fmedia&parent=290603"}],"wp:term":[{"taxonomy":"category","embeddable":true,"href":"https:\/\/archive.sana.sy\/tr\/index.php?rest_route=%2Fwp%2Fv2%2Fcategories&post=290603"},{"taxonomy":"post_tag","embeddable":true,"href":"https:\/\/archive.sana.sy\/tr\/index.php?rest_route=%2Fwp%2Fv2%2Ftags&post=290603"}],"curies":[{"name":"wp","href":"https:\/\/api.w.org\/{rel}","templated":true}]}}