{"id":290606,"date":"2023-10-22T10:03:56","date_gmt":"2023-10-22T07:03:56","guid":{"rendered":"https:\/\/sana.sy\/tr\/?p=290606"},"modified":"2023-10-23T08:25:47","modified_gmt":"2023-10-23T05:25:47","slug":"suriyeli-ogrenciler-ve-ogretmenler-siyonist-varligin-saldirganligini-ve-gazzeli-cocuklara-karsi-isledigi-suclari-kinanmak-icin-dayanisma-durusu","status":"publish","type":"post","link":"https:\/\/archive.sana.sy\/tr\/?p=290606","title":{"rendered":"Suriyeli \u00d6\u011frenciler Ve \u00d6\u011fretmenler, Siyonist Varl\u0131\u011f\u0131n Sald\u0131rganl\u0131\u011f\u0131n\u0131 Ve Gazzeli \u00c7ocuklara Kar\u015f\u0131 \u0130\u015fledi\u011fi Su\u00e7lar\u0131 K\u0131nanmak \u0130\u00e7in Dayan\u0131\u015fma Duru\u015fu D\u00fczenledi"},"content":{"rendered":"<p style=\"text-align: justify;\"><strong>\u0130LLER 22 Ekim (SANA) \u2013<\/strong> \u00dclkedeki t\u00fcm okullardaki Suriyeli \u00f6\u011frenciler ve \u00f6\u011fretmenler, Filistin halk\u0131n\u0131 desteklemek ve Siyonist varl\u0131\u011f\u0131n Gazze \u015eeridi&#8217;ndeki \u00e7ocuklara y\u00f6nelik sald\u0131rganl\u0131\u011f\u0131n\u0131 ve su\u00e7lar\u0131n\u0131 k\u0131namak i\u00e7in bir dayan\u0131\u015fma duru\u015fu d\u00fczenledi.<\/p>\n<p style=\"text-align: center;\"><span style=\"color: #0000ff;\"><strong><a style=\"color: #0000ff;\" href=\"https:\/\/t.me\/SuriyeArapHaberAjansI\">Telegram Kanal\u0131m\u0131z\u00a0<\/a><span style=\"color: #ff0000;\">||<\/span><a style=\"color: #0000ff;\" href=\"https:\/\/twitter.com\/arap_ajans\">X Platformumuz\u00a0<\/a><span style=\"color: #ff0000;\">||<\/span><a style=\"color: #0000ff;\" href=\"https:\/\/www.facebook.com\/SANAHaberAjansi\/\">Facebook Sayfam\u0131z<\/a><\/strong><\/span><\/p>\n<div id='gallery-1' class='gallery galleryid-290606 gallery-columns-3 gallery-size-full'><figure class='gallery-item'>\n\t\t\t<div class='gallery-icon landscape'>\n\t\t\t\t<a href='https:\/\/archive.sana.sy\/tr\/wp-content\/uploads\/2023\/10\/photo_2023-10-22_09-30-30.jpg'><img loading=\"lazy\" decoding=\"async\" width=\"660\" height=\"377\" src=\"https:\/\/archive.sana.sy\/tr\/wp-content\/uploads\/2023\/10\/photo_2023-10-22_09-30-30.jpg\" class=\"attachment-full size-full\" alt=\"\" srcset=\"https:\/\/archive.sana.sy\/tr\/wp-content\/uploads\/2023\/10\/photo_2023-10-22_09-30-30.jpg 660w, https:\/\/archive.sana.sy\/tr\/wp-content\/uploads\/2023\/10\/photo_2023-10-22_09-30-30-300x171.jpg 300w\" sizes=\"auto, (max-width: 660px) 100vw, 660px\" \/><\/a>\n\t\t\t<\/div><\/figure><figure class='gallery-item'>\n\t\t\t<div class='gallery-icon landscape'>\n\t\t\t\t<a href='https:\/\/archive.sana.sy\/tr\/wp-content\/uploads\/2023\/10\/photo_2023-10-22_09-30-32.jpg'><img loading=\"lazy\" decoding=\"async\" width=\"660\" height=\"371\" src=\"https:\/\/archive.sana.sy\/tr\/wp-content\/uploads\/2023\/10\/photo_2023-10-22_09-30-32.jpg\" class=\"attachment-full size-full\" alt=\"\" srcset=\"https:\/\/archive.sana.sy\/tr\/wp-content\/uploads\/2023\/10\/photo_2023-10-22_09-30-32.jpg 660w, https:\/\/archive.sana.sy\/tr\/wp-content\/uploads\/2023\/10\/photo_2023-10-22_09-30-32-300x169.jpg 300w\" sizes=\"auto, (max-width: 660px) 100vw, 660px\" \/><\/a>\n\t\t\t<\/div><\/figure><figure class='gallery-item'>\n\t\t\t<div class='gallery-icon landscape'>\n\t\t\t\t<a href='https:\/\/archive.sana.sy\/tr\/wp-content\/uploads\/2023\/10\/photo_2023-10-22_09-30-35.jpg'><img loading=\"lazy\" decoding=\"async\" width=\"660\" height=\"383\" src=\"https:\/\/archive.sana.sy\/tr\/wp-content\/uploads\/2023\/10\/photo_2023-10-22_09-30-35.jpg\" class=\"attachment-full size-full\" alt=\"\" srcset=\"https:\/\/archive.sana.sy\/tr\/wp-content\/uploads\/2023\/10\/photo_2023-10-22_09-30-35.jpg 660w, https:\/\/archive.sana.sy\/tr\/wp-content\/uploads\/2023\/10\/photo_2023-10-22_09-30-35-300x174.jpg 300w\" sizes=\"auto, (max-width: 660px) 100vw, 660px\" \/><\/a>\n\t\t\t<\/div><\/figure>\n\t\t<\/div>\n\n","protected":false},"excerpt":{"rendered":"<p>\u0130LLER 22 Ekim (SANA) \u2013 \u00dclkedeki t\u00fcm okullardaki Suriyeli \u00f6\u011frenciler ve \u00f6\u011fretmenler, Filistin halk\u0131n\u0131 desteklemek ve Siyonist varl\u0131\u011f\u0131n Gazze \u015eeridi&#8217;ndeki \u00e7ocuklara y\u00f6nelik sald\u0131rganl\u0131\u011f\u0131n\u0131 ve su\u00e7lar\u0131n\u0131 k\u0131namak i\u00e7in bir dayan\u0131\u015fma duru\u015fu d\u00fczenledi. Telegram Kanal\u0131m\u0131z\u00a0||X Platformumuz\u00a0||Facebook Sayfam\u0131z<\/p>\n","protected":false},"author":39,"featured_media":290610,"comment_status":"closed","ping_status":"closed","sticky":false,"template":"","format":"standard","meta":{"footnotes":""},"categories":[479,17988,478],"tags":[40182,40181],"class_list":["post-290606","post","type-post","status-publish","format-standard","has-post-thumbnail","","category-haberler-yerel","category-son-haberler","category-yerel","tag-siyonist-varligin-saldirganligini-ve-gazzeli-cocuklara-karsi-isledigi-suclari-kinanmak-icin-dayanisma-durusu-duzenledi","tag-suriyeli-ogrenciler-ve-ogretmenler"],"_links":{"self":[{"href":"https:\/\/archive.sana.sy\/tr\/index.php?rest_route=\/wp\/v2\/posts\/290606","targetHints":{"allow":["GET"]}}],"collection":[{"href":"https:\/\/archive.sana.sy\/tr\/index.php?rest_route=\/wp\/v2\/posts"}],"about":[{"href":"https:\/\/archive.sana.sy\/tr\/index.php?rest_route=\/wp\/v2\/types\/post"}],"author":[{"embeddable":true,"href":"https:\/\/archive.sana.sy\/tr\/index.php?rest_route=\/wp\/v2\/users\/39"}],"replies":[{"embeddable":true,"href":"https:\/\/archive.sana.sy\/tr\/index.php?rest_route=%2Fwp%2Fv2%2Fcomments&post=290606"}],"version-history":[{"count":3,"href":"https:\/\/archive.sana.sy\/tr\/index.php?rest_route=\/wp\/v2\/posts\/290606\/revisions"}],"predecessor-version":[{"id":290635,"href":"https:\/\/archive.sana.sy\/tr\/index.php?rest_route=\/wp\/v2\/posts\/290606\/revisions\/290635"}],"wp:featuredmedia":[{"embeddable":true,"href":"https:\/\/archive.sana.sy\/tr\/index.php?rest_route=\/wp\/v2\/media\/290610"}],"wp:attachment":[{"href":"https:\/\/archive.sana.sy\/tr\/index.php?rest_route=%2Fwp%2Fv2%2Fmedia&parent=290606"}],"wp:term":[{"taxonomy":"category","embeddable":true,"href":"https:\/\/archive.sana.sy\/tr\/index.php?rest_route=%2Fwp%2Fv2%2Fcategories&post=290606"},{"taxonomy":"post_tag","embeddable":true,"href":"https:\/\/archive.sana.sy\/tr\/index.php?rest_route=%2Fwp%2Fv2%2Ftags&post=290606"}],"curies":[{"name":"wp","href":"https:\/\/api.w.org\/{rel}","templated":true}]}}