{"id":290630,"date":"2023-10-22T09:57:44","date_gmt":"2023-10-22T06:57:44","guid":{"rendered":"https:\/\/sana.sy\/tr\/?p=290630"},"modified":"2023-10-23T08:25:25","modified_gmt":"2023-10-23T05:25:25","slug":"abdullahyan-filistinlilerin-isgale-karsi-direnis-tedbirleri-uluslararasi-hukuka-dayaniyor","status":"publish","type":"post","link":"https:\/\/archive.sana.sy\/tr\/?p=290630","title":{"rendered":"Abdullahiyan: Filistinlilerin \u0130\u015fgale Kar\u015f\u0131 Direni\u015f Tedbirleri Uluslararas\u0131 Hukuka Dayan\u0131yor"},"content":{"rendered":"<p style=\"text-align: justify;\"><strong>TAHRAN 22 Ekim (SANA)<\/strong> \u2013 \u0130ran D\u0131\u015fi\u015fleri Bakan\u0131 H\u00fcseyin Emir Abdullahiyan, \u0130srail i\u015fgaline kar\u015f\u0131 Filistin ulusal direni\u015f tedbirlerinin yasall\u0131\u011f\u0131n\u0131 yineledi.<\/p>\n<p style=\"text-align: justify;\">Abdullahyan, L\u00fcksemburg D\u0131\u015fi\u015fleri Bakan\u0131 Jean Asselborn ile yapt\u0131\u011f\u0131 telefon g\u00f6r\u00fc\u015fmesinde, &#8220;Filistin direni\u015f gruplar\u0131n\u0131n i\u015fgale kar\u015f\u0131 koyma konusundaki eylemleri uluslararas\u0131 hukuka dayanmaktad\u0131r&#8221; dedi.<\/p>\n<p style=\"text-align: justify;\">Abdullahiyan, Filistin direni\u015f gruplar\u0131n\u0131n i\u015fgalle m\u00fccadelede ald\u0131\u011f\u0131 \u00f6nlemlerin, Siyonist varl\u0131\u011f\u0131n bu ay\u0131n 7&#8217;sinden bu yana Gazze \u015eeridi halk\u0131na kar\u015f\u0131 i\u015fledi\u011fi sava\u015f su\u00e7lar\u0131yla m\u00fccadelede uluslararas\u0131 hukuka dayand\u0131\u011f\u0131n\u0131 a\u00e7\u0131klad\u0131.<\/p>\n<p style=\"text-align: justify;\">Abdullahiyan ayr\u0131ca, Bu su\u00e7lar\u0131n bug\u00fcne kadar \u00e7o\u011funlu\u011fu \u00e7ocuk ve kad\u0131n olmak \u00fczere 4 bin 500&#8217;den fazla ki\u015finin \u00f6l\u00fcm\u00fcne, y\u00fczbinlerce sakinin yerinden edilmesine, Gazze hastanelerinin bombalanmas\u0131na ve b\u00f6lgeye su, yiyecek, ila\u00e7 ve yak\u0131t ula\u015ft\u0131r\u0131lmas\u0131n\u0131 engellemek amac\u0131yla bu b\u00f6lgenin ku\u015fatmaya devam etmesine yol a\u00e7t\u0131\u011f\u0131na i\u015faret etti.<\/p>\n<p style=\"text-align: justify;\">L\u00fcksemburg D\u0131\u015fi\u015fleri Bakan\u0131 iseGazze&#8217;deki kritik durumun bir an \u00f6nce sona ermesini ve \u00f6nceli\u011fin siyasi \u00e7\u00f6z\u00fcm olmas\u0131n\u0131 umdu\u011funu ifade etti.<\/p>\n<p style=\"text-align: center;\"><strong><a href=\"https:\/\/t.me\/SuriyeArapHaberAjansI\">Telegram Kanal\u0131m\u0131z\u00a0<\/a>||<a href=\"https:\/\/twitter.com\/arap_ajans\">X Platformumuz\u00a0<\/a>||<a href=\"https:\/\/www.facebook.com\/SANAHaberAjansi\/\">Facebook Sayfam\u0131z<\/a><\/strong><\/p>\n<div id=\"gallery-1\" class=\"gallery galleryid-290624 gallery-columns-1 gallery-size-full\"><\/div>\n","protected":false},"excerpt":{"rendered":"<p>TAHRAN 22 Ekim (SANA) \u2013 \u0130ran D\u0131\u015fi\u015fleri Bakan\u0131 H\u00fcseyin Emir Abdullahiyan, \u0130srail i\u015fgaline kar\u015f\u0131 Filistin ulusal direni\u015f tedbirlerinin yasall\u0131\u011f\u0131n\u0131 yineledi. Abdullahyan, L\u00fcksemburg D\u0131\u015fi\u015fleri Bakan\u0131 Jean Asselborn ile yapt\u0131\u011f\u0131 telefon g\u00f6r\u00fc\u015fmesinde, &#8220;Filistin direni\u015f gruplar\u0131n\u0131n i\u015fgale kar\u015f\u0131 koyma konusundaki eylemleri uluslararas\u0131 hukuka dayanmaktad\u0131r&#8221; dedi. Abdullahiyan, Filistin direni\u015f gruplar\u0131n\u0131n i\u015fgalle m\u00fccadelede ald\u0131\u011f\u0131 \u00f6nlemlerin, Siyonist varl\u0131\u011f\u0131n bu ay\u0131n 7&#8217;sinden &hellip;<\/p>\n","protected":false},"author":39,"featured_media":290631,"comment_status":"closed","ping_status":"closed","sticky":false,"template":"","format":"standard","meta":{"footnotes":""},"categories":[458,459,17988],"tags":[],"class_list":["post-290630","post","type-post","status-publish","format-standard","has-post-thumbnail","","category-dunya1","category-haberler-arap-uluslararasi-politika","category-son-haberler"],"_links":{"self":[{"href":"https:\/\/archive.sana.sy\/tr\/index.php?rest_route=\/wp\/v2\/posts\/290630","targetHints":{"allow":["GET"]}}],"collection":[{"href":"https:\/\/archive.sana.sy\/tr\/index.php?rest_route=\/wp\/v2\/posts"}],"about":[{"href":"https:\/\/archive.sana.sy\/tr\/index.php?rest_route=\/wp\/v2\/types\/post"}],"author":[{"embeddable":true,"href":"https:\/\/archive.sana.sy\/tr\/index.php?rest_route=\/wp\/v2\/users\/39"}],"replies":[{"embeddable":true,"href":"https:\/\/archive.sana.sy\/tr\/index.php?rest_route=%2Fwp%2Fv2%2Fcomments&post=290630"}],"version-history":[{"count":3,"href":"https:\/\/archive.sana.sy\/tr\/index.php?rest_route=\/wp\/v2\/posts\/290630\/revisions"}],"predecessor-version":[{"id":290659,"href":"https:\/\/archive.sana.sy\/tr\/index.php?rest_route=\/wp\/v2\/posts\/290630\/revisions\/290659"}],"wp:featuredmedia":[{"embeddable":true,"href":"https:\/\/archive.sana.sy\/tr\/index.php?rest_route=\/wp\/v2\/media\/290631"}],"wp:attachment":[{"href":"https:\/\/archive.sana.sy\/tr\/index.php?rest_route=%2Fwp%2Fv2%2Fmedia&parent=290630"}],"wp:term":[{"taxonomy":"category","embeddable":true,"href":"https:\/\/archive.sana.sy\/tr\/index.php?rest_route=%2Fwp%2Fv2%2Fcategories&post=290630"},{"taxonomy":"post_tag","embeddable":true,"href":"https:\/\/archive.sana.sy\/tr\/index.php?rest_route=%2Fwp%2Fv2%2Ftags&post=290630"}],"curies":[{"name":"wp","href":"https:\/\/api.w.org\/{rel}","templated":true}]}}