{"id":290770,"date":"2023-10-24T16:04:15","date_gmt":"2023-10-24T13:04:15","guid":{"rendered":"https:\/\/sana.sy\/tr\/?p=290770"},"modified":"2023-10-25T15:25:02","modified_gmt":"2023-10-25T12:25:02","slug":"ordu-hama-kirsalinda-iki-teroristi-etkisiz-hale-getirdi-digerlerini-de-yaraladi","status":"publish","type":"post","link":"https:\/\/archive.sana.sy\/tr\/?p=290770","title":{"rendered":"Ordu, Hama K\u0131rsal\u0131nda \u0130ki Ter\u00f6risti Etkisiz Hale Getirdi, Di\u011ferlerini De Yaralad\u0131"},"content":{"rendered":"<p style=\"text-align: justify;\"><strong>HAMA 24 EK\u0130M (SANA)<\/strong> &#8211; Hama k\u0131rsal\u0131nda faaliyet g\u00f6steren Suriye Arap Ordusu birlikleri, Hama k\u0131rsal\u0131nda Esriya&#8217;n\u0131n do\u011fusundaki ana yol \u00fczerinde pusu kurdu\u011fu s\u0131rada ter\u00f6r \u00f6rg\u00fct\u00fc mensuplar\u0131n\u0131 \u00f6ld\u00fcr\u00fcp yaralad\u0131.<\/p>\n<p style=\"text-align: justify;\">Savunma Bakanl\u0131\u011f\u0131 bug\u00fcn Facebook sayfas\u0131ndan yapt\u0131\u011f\u0131 a\u00e7\u0131klamada, \u2018\u2019Silahl\u0131 kuvvetlerimizin ter\u00f6r \u00f6rg\u00fctlerinin hareketlerini ve s\u00fcrekli olarak masum sivillere y\u00f6nelik sald\u0131r\u0131 giri\u015fimlerini seyir ve takip ederek, ter\u00f6r \u00f6rg\u00fct\u00fc I\u015e\u0130D&#8217;e ait bir grup, bug\u00fcn \u015fafak vakti Esriya&#8217;n\u0131n do\u011fusundaki ana yola pusu kurarken tespit edildi. Uygun ate\u015f ara\u00e7lar\u0131yla derhal m\u00fcdahale edildi, bu da iki ter\u00f6ristin \u00f6l\u00fcm\u00fcne ve di\u011ferlerinin de yaralanmas\u0131na yol a\u00e7t\u0131&#8221; dedi.<\/p>\n<p style=\"text-align: justify;\">Ordu birliklerimiz, bu ay\u0131n 17&#8217;sinde Halep ve \u0130dlib k\u0131rsal\u0131nda ter\u00f6r \u00f6rg\u00fctlerinin \u00e7ok say\u0131da \u0130HA ile d\u00fczenledi\u011fi sald\u0131r\u0131ya\u00a0 kar\u015f\u0131l\u0131k vererek, 6 \u0130HA&#8217;y\u0131 vurarak imha etmeyi ba\u015farm\u0131\u015ft\u0131<\/p>\n<div id='gallery-1' class='gallery galleryid-290770 gallery-columns-3 gallery-size-thumbnail'><figure class='gallery-item'>\n\t\t\t<div class='gallery-icon portrait'>\n\t\t\t\t<a href='https:\/\/archive.sana.sy\/tr\/?attachment_id=290772'><img loading=\"lazy\" decoding=\"async\" width=\"150\" height=\"150\" src=\"https:\/\/archive.sana.sy\/tr\/wp-content\/uploads\/2023\/10\/394673373_663992345877655_4993105736945263061_n-150x150.jpg\" class=\"attachment-thumbnail size-thumbnail\" alt=\"\" \/><\/a>\n\t\t\t<\/div><\/figure><figure class='gallery-item'>\n\t\t\t<div class='gallery-icon landscape'>\n\t\t\t\t<a href='https:\/\/archive.sana.sy\/tr\/?attachment_id=290773'><img loading=\"lazy\" decoding=\"async\" width=\"150\" height=\"150\" src=\"https:\/\/archive.sana.sy\/tr\/wp-content\/uploads\/2023\/10\/394751798_663992359210987_6483424422771683765_n-1-150x150.jpg\" class=\"attachment-thumbnail size-thumbnail\" alt=\"\" \/><\/a>\n\t\t\t<\/div><\/figure><figure class='gallery-item'>\n\t\t\t<div class='gallery-icon landscape'>\n\t\t\t\t<a href='https:\/\/archive.sana.sy\/tr\/?attachment_id=290774'><img loading=\"lazy\" decoding=\"async\" width=\"150\" height=\"150\" src=\"https:\/\/archive.sana.sy\/tr\/wp-content\/uploads\/2023\/10\/394761723_663992355877654_2039454573136148445_n-150x150.jpg\" class=\"attachment-thumbnail size-thumbnail\" alt=\"\" \/><\/a>\n\t\t\t<\/div><\/figure>\n\t\t<\/div>\n\n<p style=\"text-align: center;\"><strong><a href=\"https:\/\/t.me\/SuriyeArapHaberAjansI\">Telegram Kanal\u0131m\u0131z\u00a0<\/a><span style=\"color: #ff0000;\">||<\/span><a href=\"https:\/\/twitter.com\/arap_ajans\">X Platformumuz\u00a0<\/a><span style=\"color: #ff0000;\">||<\/span><a href=\"https:\/\/www.facebook.com\/SANAHaberAjansi\/\">Facebook Sayfam\u0131z<\/a><\/strong><\/p>\n","protected":false},"excerpt":{"rendered":"<p>HAMA 24 EK\u0130M (SANA) &#8211; Hama k\u0131rsal\u0131nda faaliyet g\u00f6steren Suriye Arap Ordusu birlikleri, Hama k\u0131rsal\u0131nda Esriya&#8217;n\u0131n do\u011fusundaki ana yol \u00fczerinde pusu kurdu\u011fu s\u0131rada ter\u00f6r \u00f6rg\u00fct\u00fc mensuplar\u0131n\u0131 \u00f6ld\u00fcr\u00fcp yaralad\u0131. Savunma Bakanl\u0131\u011f\u0131 bug\u00fcn Facebook sayfas\u0131ndan yapt\u0131\u011f\u0131 a\u00e7\u0131klamada, \u2018\u2019Silahl\u0131 kuvvetlerimizin ter\u00f6r \u00f6rg\u00fctlerinin hareketlerini ve s\u00fcrekli olarak masum sivillere y\u00f6nelik sald\u0131r\u0131 giri\u015fimlerini seyir ve takip ederek, ter\u00f6r \u00f6rg\u00fct\u00fc I\u015e\u0130D&#8217;e &hellip;<\/p>\n","protected":false},"author":41,"featured_media":290771,"comment_status":"closed","ping_status":"closed","sticky":false,"template":"","format":"standard","meta":{"footnotes":""},"categories":[479,575,17988,478],"tags":[40207,40206,18468],"class_list":["post-290770","post","type-post","status-publish","format-standard","has-post-thumbnail","","category-haberler-yerel","category-olaylar-ve-gercekler","category-son-haberler","category-yerel","tag-digerlerini-de-yaraladi","tag-hama-kirsalinda-iki-teroristi-etkisiz-hale-getirdi","tag-ordu"],"_links":{"self":[{"href":"https:\/\/archive.sana.sy\/tr\/index.php?rest_route=\/wp\/v2\/posts\/290770","targetHints":{"allow":["GET"]}}],"collection":[{"href":"https:\/\/archive.sana.sy\/tr\/index.php?rest_route=\/wp\/v2\/posts"}],"about":[{"href":"https:\/\/archive.sana.sy\/tr\/index.php?rest_route=\/wp\/v2\/types\/post"}],"author":[{"embeddable":true,"href":"https:\/\/archive.sana.sy\/tr\/index.php?rest_route=\/wp\/v2\/users\/41"}],"replies":[{"embeddable":true,"href":"https:\/\/archive.sana.sy\/tr\/index.php?rest_route=%2Fwp%2Fv2%2Fcomments&post=290770"}],"version-history":[{"count":4,"href":"https:\/\/archive.sana.sy\/tr\/index.php?rest_route=\/wp\/v2\/posts\/290770\/revisions"}],"predecessor-version":[{"id":290792,"href":"https:\/\/archive.sana.sy\/tr\/index.php?rest_route=\/wp\/v2\/posts\/290770\/revisions\/290792"}],"wp:featuredmedia":[{"embeddable":true,"href":"https:\/\/archive.sana.sy\/tr\/index.php?rest_route=\/wp\/v2\/media\/290771"}],"wp:attachment":[{"href":"https:\/\/archive.sana.sy\/tr\/index.php?rest_route=%2Fwp%2Fv2%2Fmedia&parent=290770"}],"wp:term":[{"taxonomy":"category","embeddable":true,"href":"https:\/\/archive.sana.sy\/tr\/index.php?rest_route=%2Fwp%2Fv2%2Fcategories&post=290770"},{"taxonomy":"post_tag","embeddable":true,"href":"https:\/\/archive.sana.sy\/tr\/index.php?rest_route=%2Fwp%2Fv2%2Ftags&post=290770"}],"curies":[{"name":"wp","href":"https:\/\/api.w.org\/{rel}","templated":true}]}}