{"id":29078,"date":"2015-04-09T10:33:42","date_gmt":"2015-04-09T07:33:42","guid":{"rendered":"http:\/\/www.sana.sy\/tr\/?p=29078"},"modified":"2015-04-09T13:21:15","modified_gmt":"2015-04-09T10:21:15","slug":"brojerdi-turkiyenin-suriyeye-yonelik-hatali-politikasi-siyonist-varliga-calisan-teror-orgutlerinin-bulunmasi-ve-guclendirilmesine-yol-acti","status":"publish","type":"post","link":"https:\/\/archive.sana.sy\/tr\/?p=29078","title":{"rendered":"Brojerdi: T\u00fcrkiye\u2019nin Suriye\u2019ye Y\u00f6nelik Hatal\u0131 Politikas\u0131, Siyonist Varl\u0131\u011fa \u00c7al\u0131\u015fan Ter\u00f6r \u00d6rg\u00fctlerinin Bulunmas\u0131 ve G\u00fc\u00e7lendirilmesine Yol A\u00e7t\u0131"},"content":{"rendered":"<p>TAHRAN \u2013 \u0130ran \u015eura Meclisinde Ulusal G\u00fcvenlik ve D\u0131\u015f Politika Konsey Ba\u015fkan\u0131 Alaaddin Brojerdi, T\u00fcrkiye\u2019nin Suriye\u2019ye y\u00f6nelik hatal\u0131 politika izledi\u011fini belirtti.<\/p>\n<p>Brojerdi, s\u00f6z konusu politikalar\u0131n Siyonist varl\u0131k hesab\u0131na \u00e7al\u0131\u015fan ter\u00f6rist \u00f6rg\u00fctlerin bulunmas\u0131 ve g\u00fc\u00e7lendirilmesi yan\u0131 s\u0131ra, Suriye topraklar\u0131 \u00fczerinde ve orta do\u011fuda 80 \u00fclkeden tekfiri ter\u00f6ristlerin bulunmas\u0131na yol a\u00e7t\u0131\u011f\u0131na i\u015faret etti.<\/p>\n<p>\u0130ran Haber Ajans\u0131 \u0130RNA Brojerdi\u2019nin bug\u00fcnk\u00fc a\u00e7\u0131klamalar\u0131ndan naklen, Suriye\u2019deki geli\u015fmeler ve halihaz\u0131rdaki \u015fartlara i\u015faret ederek; \u201cAmerika Suriye h\u00fck\u00fcmetiyle g\u00f6r\u00fc\u015fmeler yapmaya istekli hale geldi, bir\u00e7ok \u00fclke de \u015eam\u2019da b\u00fcy\u00fckel\u00e7iliklerini yeniden a\u00e7ma ra\u011fbetini dile getirdi\u201d dedi.<\/p>\n<p>Yemen\u2019deki durumlarla ilgili ise Brojerdi, Suudi Arabistan\u2019\u0131n Yemen\u2019e sald\u0131rmakla stratejik bir hata i\u015fledi\u011fini, ve bu sald\u0131r\u0131n\u0131n kendisine zarar getirece\u011fini belirtti.<\/p>\n<p>Brojerdi, Yemen halk\u0131n\u0131 kahraman ve cesur olarak nitelendirerek, M\u0131s\u0131rl\u0131lar\u0131n \u00f6nceki tecr\u00fcbelerine nazaran Suudi Arabistan\u2019\u0131n b\u00f6ylesi bir stratejik hataya d\u00fc\u015fmemesi gerekti\u011fini ifade etti.<\/p>\n<p>T\u00fcrkiye ba\u015fkan\u0131n\u0131n \u0130ran\u2019a d\u00fczenledi\u011fi ziyaret konusunda ise Brojerdi, \u0130ran\u2019\u0131n temel politikalar\u0131ndan birinin kom\u015fularla kar\u015f\u0131l\u0131kl\u0131 m\u00fcnasip ili\u015fkiler kurmak oldu\u011funu ifade ederek, \u0130ran\u2019dan korkutma politikalar\u0131n\u0131n \u00f6zellikle \u0130ngiltere olmak \u00fczere orta do\u011fuda daima yabanc\u0131 \u00fclkeler taraf\u0131ndan izlendi\u011fini s\u00f6yledi.<\/p>\n<p>S.\u015e. &#8211; R.H.<\/p>\n","protected":false},"excerpt":{"rendered":"<p>TAHRAN \u2013 \u0130ran \u015eura Meclisinde Ulusal G\u00fcvenlik ve D\u0131\u015f Politika Konsey Ba\u015fkan\u0131 Alaaddin Brojerdi, T\u00fcrkiye\u2019nin Suriye\u2019ye y\u00f6nelik hatal\u0131 politika izledi\u011fini belirtti. Brojerdi, s\u00f6z konusu politikalar\u0131n Siyonist varl\u0131k hesab\u0131na \u00e7al\u0131\u015fan ter\u00f6rist \u00f6rg\u00fctlerin bulunmas\u0131 ve g\u00fc\u00e7lendirilmesi yan\u0131 s\u0131ra, Suriye topraklar\u0131 \u00fczerinde ve orta do\u011fuda 80 \u00fclkeden tekfiri ter\u00f6ristlerin bulunmas\u0131na yol a\u00e7t\u0131\u011f\u0131na i\u015faret etti. \u0130ran Haber Ajans\u0131 \u0130RNA &hellip;<\/p>\n","protected":false},"author":1,"featured_media":29079,"comment_status":"closed","ping_status":"closed","sticky":false,"template":"","format":"standard","meta":{"footnotes":""},"categories":[458,459,447,2554,2555],"tags":[13448,13449,13450],"class_list":["post-29078","post","type-post","status-publish","format-standard","has-post-thumbnail","","category-dunya1","category-haberler-arap-uluslararasi-politika","category-politika","category-suriye-ve-dunya","category-suriye-ve-turkiye","tag-brojerdi-turkiyenin-suriyeye-yonelik-hatali-politikasi","tag-siyonist-varliga-calisan-teror-orgutlerinin-bulunmasi-ve-guclendirilmesine-yol-acti-tahran-iran-sura-meclisinde-ulusal-guvenlik-ve-dis-politika-konsey-baskani-alaaddin-brojerdi","tag-turkiyenin-suriyeye-yonelik-hatali-politika-izledigini-belirtti"],"_links":{"self":[{"href":"https:\/\/archive.sana.sy\/tr\/index.php?rest_route=\/wp\/v2\/posts\/29078","targetHints":{"allow":["GET"]}}],"collection":[{"href":"https:\/\/archive.sana.sy\/tr\/index.php?rest_route=\/wp\/v2\/posts"}],"about":[{"href":"https:\/\/archive.sana.sy\/tr\/index.php?rest_route=\/wp\/v2\/types\/post"}],"author":[{"embeddable":true,"href":"https:\/\/archive.sana.sy\/tr\/index.php?rest_route=\/wp\/v2\/users\/1"}],"replies":[{"embeddable":true,"href":"https:\/\/archive.sana.sy\/tr\/index.php?rest_route=%2Fwp%2Fv2%2Fcomments&post=29078"}],"version-history":[{"count":0,"href":"https:\/\/archive.sana.sy\/tr\/index.php?rest_route=\/wp\/v2\/posts\/29078\/revisions"}],"wp:featuredmedia":[{"embeddable":true,"href":"https:\/\/archive.sana.sy\/tr\/index.php?rest_route=\/wp\/v2\/media\/29079"}],"wp:attachment":[{"href":"https:\/\/archive.sana.sy\/tr\/index.php?rest_route=%2Fwp%2Fv2%2Fmedia&parent=29078"}],"wp:term":[{"taxonomy":"category","embeddable":true,"href":"https:\/\/archive.sana.sy\/tr\/index.php?rest_route=%2Fwp%2Fv2%2Fcategories&post=29078"},{"taxonomy":"post_tag","embeddable":true,"href":"https:\/\/archive.sana.sy\/tr\/index.php?rest_route=%2Fwp%2Fv2%2Ftags&post=29078"}],"curies":[{"name":"wp","href":"https:\/\/api.w.org\/{rel}","templated":true}]}}