{"id":290786,"date":"2023-10-24T19:08:11","date_gmt":"2023-10-24T16:08:11","guid":{"rendered":"https:\/\/sana.sy\/tr\/?p=290786"},"modified":"2023-10-26T08:08:31","modified_gmt":"2023-10-26T05:08:31","slug":"cumhurbaskani-esad-cek-cumhuriyetinin-sam-buyukelcisi-eva-filippiyi-suriye-liyakat-nisani-mukemmel-sinif-ile-odullendirdi","status":"publish","type":"post","link":"https:\/\/archive.sana.sy\/tr\/?p=290786","title":{"rendered":"Cumhurba\u015fkan\u0131 Esad, \u00c7ek Cumhuriyeti&#8217;nin \u015eam B\u00fcy\u00fckel\u00e7isi Eva Filippi&#8217;yi Suriye Liyakat Ni\u015fan\u0131, M\u00fckemmel S\u0131n\u0131f \u0130le \u00d6d\u00fcllendirdi"},"content":{"rendered":"<p style=\"text-align: justify;\"><strong>\u015eAM 24 EK\u0130M (SANA)<\/strong> \u2013 Bug\u00fcn Cumhurba\u015fkan\u0131 Be\u015f\u015far Esad, \u00c7ek Cumhuriyeti&#8217;nin \u015eam B\u00fcy\u00fckel\u00e7isi Eva <img loading=\"lazy\" decoding=\"async\" class=\"size-full wp-image-290827 alignright\" src=\"http:\/\/sana.sy\/tr\/wp-content\/uploads\/2023\/10\/DSC_5817-copy-300x200-1.jpg\" alt=\"\" width=\"300\" height=\"200\" \/>Filippi&#8217;yi, onun Suriye-\u00c7ek ili\u015fkilerini geli\u015ftirme \u00e7abalar\u0131n\u0131n onuruna ve \u00fclkesinin Suriye b\u00fcy\u00fckel\u00e7isi olarak g\u00f6revlerini yerine getirmeye olan ba\u011fl\u0131l\u0131\u011f\u0131n\u0131n takdirine, \u00a0Suriye Liyakat Ni\u015fan\u0131, M\u00fckemmel S\u0131n\u0131f ile \u00f6d\u00fcllendirdi.<\/p>\n<p style=\"text-align: justify;\">\u00a0 \u00dclkesinin Suriye B\u00fcy\u00fckel\u00e7ili\u011fi g\u00f6revinin sona ermesi m\u00fcnasebetiyle, D\u0131\u015fi\u015fleri ve Gurbet\u00e7iler Bakanl\u0131\u011f\u0131 taraf\u0131ndan bug\u00fcn \u015eam&#8217;da d\u00fczenlenen veda t\u00f6reninde \u00c7ek B\u00fcy\u00fckel\u00e7isine madalyas\u0131n\u0131 takdim eden D\u0131\u015fi\u015fleri ve Gurbet\u00e7iler Faysal Mikdad, \u2018\u2019Cumhurba\u015fkan\u0131 Be\u015f\u015far Esad, Suriye&#8217;deki \u00e7al\u0131\u015fmalar\u0131 s\u0131ras\u0131nda iki dost \u00fclkenin halklar\u0131 i\u00e7in g\u00f6sterdi\u011fi \u00e7abalar ve elde etti\u011fi ba\u015far\u0131lar nedeniyle B\u00fcy\u00fckel\u00e7i Philippi&#8217;ye m\u00fckemmel bir s\u0131n\u0131f olan Suriye Liyakat Ni\u015fan\u0131&#8217;n\u0131 vermeye karar verdi\u2019\u2019 dedi.<\/p>\n<p style=\"text-align: justify;\">Mikdad, B\u00fcy\u00fckel\u00e7i Philippi&#8217;nin, Suriye&#8217;nin ya\u015fad\u0131\u011f\u0131 ve ge\u00e7irmekte oldu\u011fu zor ko\u015fullar \u0131\u015f\u0131\u011f\u0131nda, anavatan\u0131n hizmetinde ve Suriye-\u00c7ek ili\u015fkilerinin \u00e7e\u015fitli y\u00f6nlerinin geli\u015ftirilmesinde oynad\u0131\u011f\u0131 \u00f6nemli role dikkat \u00e7ekerken, b\u00fcy\u00fckel\u00e7inin, Suriye&#8217;deki diplomatik aile i\u00e7indeki ezici varl\u0131\u011f\u0131yla, \u00fclkesindeki medeniyet, tarih, sanat ve yarat\u0131c\u0131l\u0131kla <img loading=\"lazy\" decoding=\"async\" class=\"size-full wp-image-290828 alignright\" src=\"http:\/\/sana.sy\/tr\/wp-content\/uploads\/2023\/10\/DSC_5891-copy-300x204-1.jpg\" alt=\"\" width=\"300\" height=\"204\" srcset=\"https:\/\/archive.sana.sy\/tr\/wp-content\/uploads\/2023\/10\/DSC_5891-copy-300x204-1.jpg 300w, https:\/\/archive.sana.sy\/tr\/wp-content\/uploads\/2023\/10\/DSC_5891-copy-300x204-1-110x75.jpg 110w\" sizes=\"auto, (max-width: 300px) 100vw, 300px\" \/>ilgili g\u00fczel olan her \u015feyi yans\u0131tt\u0131\u011f\u0131na i\u015faret etti.<\/p>\n<p style=\"text-align: justify;\">Bakan Mikdad ayr\u0131ca, \u00c7ek Cumhuriyeti&#8217;nin Suriye&#8217;ye kar\u015f\u0131 ba\u015flat\u0131lan ve k\u00fclt\u00fcrel miras\u0131n\u0131 ve kazan\u0131mlar\u0131n\u0131 yok etmeye \u00e7al\u0131\u015fan ter\u00f6r sava\u015f\u0131 s\u0131ras\u0131nda \u015eam&#8217;daki b\u00fcy\u00fckel\u00e7ili\u011fini a\u00e7\u0131k tutma konusundaki tutumunu takdir ederken, B\u00fcy\u00fckel\u00e7i Filippi&#8217;nin, \u00c7ek Cumhuriyeti&#8217;ndeki insani vizyonun hayata ge\u00e7irilmesi i\u00e7in h\u00fck\u00fcmetini ve insani kurulu\u015flar\u0131n\u0131 Suriye&#8217;ye m\u00fcmk\u00fcn oldu\u011funca fazla yard\u0131m sa\u011flamaya te\u015fvik etti\u011fine dikkat \u00e7ekti.<\/p>\n<p style=\"text-align: justify;\">Madalyay\u0131 ald\u0131ktan sonra B\u00fcy\u00fckel\u00e7i Philippi, Cumhurba\u015fkan\u0131 Be\u015far Esad&#8217;a bu madalyay\u0131 vererek kendisini onurland\u0131rd\u0131\u011f\u0131 i\u00e7in i\u00e7ten te\u015fekk\u00fcrlerini ve \u015f\u00fckranlar\u0131n\u0131 sunarak, \u00fclkesinin b\u00fcy\u00fckel\u00e7ilik g\u00f6revini yerine getirirken g\u00f6sterdikleri i\u015fbirli\u011fi i\u00e7in Suriye halk\u0131na, D\u0131\u015fi\u015fleri Bakanl\u0131\u011f\u0131na ve Gurbet\u00e7ilere te\u015fekk\u00fcr etti.<\/p>\n<p style=\"text-align: justify;\">B\u00fcy\u00fckel\u00e7i Felipe Sawabia, \u00fclkesinin \u015eam&#8217;daki b\u00fcy\u00fckel\u00e7ili\u011fini a\u00e7\u0131k tutma karar\u0131n\u0131 do\u011frulad\u0131; bu, iki \u00fclke aras\u0131ndaki ileti\u015fimin g\u00fc\u00e7lenmesine ve Suriye&#8217;deki durumun ger\u00e7ekli\u011finin objektif ve do\u011fru bir \u015fekilde bilinmesine katk\u0131 sa\u011flad\u0131.<\/p>\n<p style=\"text-align: justify;\">B\u00fcy\u00fckel\u00e7i Filippi ayr\u0131ca \u00c7ek-Suriye ili\u015fkilerinin son y\u0131llardaki geli\u015fim a\u015famalar\u0131n\u0131 da inceledi.<\/p>\n<p style=\"text-align: justify;\">2016 y\u0131l\u0131nda insani yard\u0131m ve kalk\u0131nma yard\u0131mlar\u0131na y\u00f6nelik ikili bir program olu\u015fturulmu\u015f olup, ba\u015fta i\u00e7me suyu ve sa\u011fl\u0131k hizmetleri olmak \u00fczere 126 projenin uygulanmas\u0131na ek olarak g\u00fcn\u00fcm\u00fcze kadar devam etmektedir.<\/p>\n<p style=\"text-align: justify;\">\u00c7ek \u015firketleri \u015fu anda Do\u011fu Guta&#8217;da 35.000&#8217;den fazla ki\u015fiye i\u00e7me suyu sa\u011flama projesini tamaml\u0131yor ve uyguluyor.<\/p>\n<div id='gallery-1' class='gallery galleryid-290786 gallery-columns-4 gallery-size-medium'><figure class='gallery-item'>\n\t\t\t<div class='gallery-icon landscape'>\n\t\t\t\t<a href='https:\/\/archive.sana.sy\/tr\/?attachment_id=290829'><img loading=\"lazy\" decoding=\"async\" width=\"300\" height=\"195\" src=\"https:\/\/archive.sana.sy\/tr\/wp-content\/uploads\/2023\/10\/DSC_5916-copy-300x195.jpg\" class=\"attachment-medium size-medium\" alt=\"\" srcset=\"https:\/\/archive.sana.sy\/tr\/wp-content\/uploads\/2023\/10\/DSC_5916-copy-300x195.jpg 300w, https:\/\/archive.sana.sy\/tr\/wp-content\/uploads\/2023\/10\/DSC_5916-copy.jpg 660w\" sizes=\"auto, (max-width: 300px) 100vw, 300px\" \/><\/a>\n\t\t\t<\/div><\/figure><figure class='gallery-item'>\n\t\t\t<div class='gallery-icon landscape'>\n\t\t\t\t<a href='https:\/\/archive.sana.sy\/tr\/?attachment_id=290830'><img loading=\"lazy\" decoding=\"async\" width=\"300\" height=\"204\" src=\"https:\/\/archive.sana.sy\/tr\/wp-content\/uploads\/2023\/10\/DSC_5905-copy-300x204.jpg\" class=\"attachment-medium size-medium\" alt=\"\" srcset=\"https:\/\/archive.sana.sy\/tr\/wp-content\/uploads\/2023\/10\/DSC_5905-copy-300x204.jpg 300w, https:\/\/archive.sana.sy\/tr\/wp-content\/uploads\/2023\/10\/DSC_5905-copy-110x75.jpg 110w, https:\/\/archive.sana.sy\/tr\/wp-content\/uploads\/2023\/10\/DSC_5905-copy.jpg 660w\" sizes=\"auto, (max-width: 300px) 100vw, 300px\" \/><\/a>\n\t\t\t<\/div><\/figure><figure class='gallery-item'>\n\t\t\t<div class='gallery-icon landscape'>\n\t\t\t\t<a href='https:\/\/archive.sana.sy\/tr\/?attachment_id=290831'><img loading=\"lazy\" decoding=\"async\" width=\"300\" height=\"200\" src=\"https:\/\/archive.sana.sy\/tr\/wp-content\/uploads\/2023\/10\/DSC_5881-copy-300x200.jpg\" class=\"attachment-medium size-medium\" alt=\"\" srcset=\"https:\/\/archive.sana.sy\/tr\/wp-content\/uploads\/2023\/10\/DSC_5881-copy-300x200.jpg 300w, https:\/\/archive.sana.sy\/tr\/wp-content\/uploads\/2023\/10\/DSC_5881-copy.jpg 660w\" sizes=\"auto, (max-width: 300px) 100vw, 300px\" \/><\/a>\n\t\t\t<\/div><\/figure><figure class='gallery-item'>\n\t\t\t<div class='gallery-icon landscape'>\n\t\t\t\t<a href='https:\/\/archive.sana.sy\/tr\/?attachment_id=290832'><img loading=\"lazy\" decoding=\"async\" width=\"300\" height=\"195\" src=\"https:\/\/archive.sana.sy\/tr\/wp-content\/uploads\/2023\/10\/DSC_5875-copy-300x195.jpg\" class=\"attachment-medium size-medium\" alt=\"\" srcset=\"https:\/\/archive.sana.sy\/tr\/wp-content\/uploads\/2023\/10\/DSC_5875-copy-300x195.jpg 300w, https:\/\/archive.sana.sy\/tr\/wp-content\/uploads\/2023\/10\/DSC_5875-copy.jpg 660w\" sizes=\"auto, (max-width: 300px) 100vw, 300px\" \/><\/a>\n\t\t\t<\/div><\/figure>\n\t\t<\/div>\n\n<p style=\"text-align: center;\"><strong><a href=\"https:\/\/t.me\/SuriyeArapHaberAjansI\">Telegram Kanal\u0131m\u0131z\u00a0<\/a><span style=\"color: #ff0000;\">||<\/span><a href=\"https:\/\/twitter.com\/arap_ajans\">X Platformumuz\u00a0<\/a><span style=\"color: #ff0000;\">||<\/span><a href=\"https:\/\/www.facebook.com\/SANAHaberAjansi\/\">Facebook Sayfam\u0131z<\/a><\/strong><\/p>\n","protected":false},"excerpt":{"rendered":"<p>\u015eAM 24 EK\u0130M (SANA) \u2013 Bug\u00fcn Cumhurba\u015fkan\u0131 Be\u015f\u015far Esad, \u00c7ek Cumhuriyeti&#8217;nin \u015eam B\u00fcy\u00fckel\u00e7isi Eva Filippi&#8217;yi, onun Suriye-\u00c7ek ili\u015fkilerini geli\u015ftirme \u00e7abalar\u0131n\u0131n onuruna ve \u00fclkesinin Suriye b\u00fcy\u00fckel\u00e7isi olarak g\u00f6revlerini yerine getirmeye olan ba\u011fl\u0131l\u0131\u011f\u0131n\u0131n takdirine, \u00a0Suriye Liyakat Ni\u015fan\u0131, M\u00fckemmel S\u0131n\u0131f ile \u00f6d\u00fcllendirdi. \u00a0 \u00dclkesinin Suriye B\u00fcy\u00fckel\u00e7ili\u011fi g\u00f6revinin sona ermesi m\u00fcnasebetiyle, D\u0131\u015fi\u015fleri ve Gurbet\u00e7iler Bakanl\u0131\u011f\u0131 taraf\u0131ndan bug\u00fcn \u015eam&#8217;da d\u00fczenlenen &hellip;<\/p>\n","protected":false},"author":41,"featured_media":290787,"comment_status":"closed","ping_status":"closed","sticky":false,"template":"","format":"standard","meta":{"footnotes":""},"categories":[606,479,605,17988,478],"tags":[40213,38219,40214],"class_list":["post-290786","post","type-post","status-publish","format-standard","has-post-thumbnail","","category-cumhurbaskani","category-haberler-yerel","category-sayin-cumhurbaskani","category-son-haberler","category-yerel","tag-cek-cumhuriyetinin-sam-buyukelcisi-eva-filippiyi-suriye-liyakat-nisani","tag-cumhurbaskani-esad","tag-mukemmel-sinif-ile-odullendirdi"],"_links":{"self":[{"href":"https:\/\/archive.sana.sy\/tr\/index.php?rest_route=\/wp\/v2\/posts\/290786","targetHints":{"allow":["GET"]}}],"collection":[{"href":"https:\/\/archive.sana.sy\/tr\/index.php?rest_route=\/wp\/v2\/posts"}],"about":[{"href":"https:\/\/archive.sana.sy\/tr\/index.php?rest_route=\/wp\/v2\/types\/post"}],"author":[{"embeddable":true,"href":"https:\/\/archive.sana.sy\/tr\/index.php?rest_route=\/wp\/v2\/users\/41"}],"replies":[{"embeddable":true,"href":"https:\/\/archive.sana.sy\/tr\/index.php?rest_route=%2Fwp%2Fv2%2Fcomments&post=290786"}],"version-history":[{"count":3,"href":"https:\/\/archive.sana.sy\/tr\/index.php?rest_route=\/wp\/v2\/posts\/290786\/revisions"}],"predecessor-version":[{"id":290833,"href":"https:\/\/archive.sana.sy\/tr\/index.php?rest_route=\/wp\/v2\/posts\/290786\/revisions\/290833"}],"wp:featuredmedia":[{"embeddable":true,"href":"https:\/\/archive.sana.sy\/tr\/index.php?rest_route=\/wp\/v2\/media\/290787"}],"wp:attachment":[{"href":"https:\/\/archive.sana.sy\/tr\/index.php?rest_route=%2Fwp%2Fv2%2Fmedia&parent=290786"}],"wp:term":[{"taxonomy":"category","embeddable":true,"href":"https:\/\/archive.sana.sy\/tr\/index.php?rest_route=%2Fwp%2Fv2%2Fcategories&post=290786"},{"taxonomy":"post_tag","embeddable":true,"href":"https:\/\/archive.sana.sy\/tr\/index.php?rest_route=%2Fwp%2Fv2%2Ftags&post=290786"}],"curies":[{"name":"wp","href":"https:\/\/api.w.org\/{rel}","templated":true}]}}