{"id":290794,"date":"2023-10-25T09:11:07","date_gmt":"2023-10-25T06:11:07","guid":{"rendered":"https:\/\/sana.sy\/tr\/?p=290794"},"modified":"2023-10-28T09:08:17","modified_gmt":"2023-10-28T06:08:17","slug":"israilin-dera-kirsalindaki-noktalara-yonelik-saldirisi-sonucu-8-asker-sehit-dustu-7-asker-de-yaralandi","status":"publish","type":"post","link":"https:\/\/archive.sana.sy\/tr\/?p=290794","title":{"rendered":"\u0130srail&#8217;in Dera K\u0131rsal\u0131ndaki Noktalara Y\u00f6nelik Sald\u0131r\u0131s\u0131 Sonucu 8 Asker \u015eehit D\u00fc\u015ft\u00fc, 7 Asker De Yaraland\u0131"},"content":{"rendered":"<p style=\"text-align: justify;\"><strong>DERA 25\u00a0EK\u0130M (SANA) &#8211;\u00a0<\/strong>\u0130srail&#8217;in bug\u00fcn \u015fafak vakti Dera k\u0131rsal\u0131nda bir\u00e7ok noktay\u0131 hedef alan sald\u0131r\u0131s\u0131 sonucu 8 asker \u015fehit d\u00fc\u015ft\u00fc, 7 asker de yaraland\u0131.<\/p>\n<p style=\"text-align: justify;\">Askeri bir kaynak SANA&#8217;ya yapt\u0131\u011f\u0131 a\u00e7\u0131klamada, &#8220;Bug\u00fcn saat 01.45 s\u0131ralar\u0131nda d\u00fc\u015fman \u0130srail&#8217;in, i\u015fgal alt\u0131ndaki Suriye Golan y\u00f6n\u00fcnden Dera k\u0131rsal\u0131ndaki baz\u0131 askeri noktalar\u0131m\u0131z\u0131 hedef alan bir hava sald\u0131r\u0131s\u0131 d\u00fczenledi&#8221; dedi.<\/p>\n<p style=\"text-align: justify;\">Kaynak ayr\u0131ca, &#8220;Sald\u0131rganl\u0131k, baz\u0131 maddi kay\u0131plar\u0131n yan\u0131 s\u0131ra sekiz askerin \u015fehit d\u00fc\u015fmesine ve di\u011fer yedi ki\u015finin de yaralanmas\u0131na yol a\u00e7t\u0131&#8221; ifadelerini s\u00f6zlerine ekledi..<\/p>\n<p style=\"text-align: center;\"><strong><a href=\"https:\/\/t.me\/SuriyeArapHaberAjansI\">Telegram Kanal\u0131m\u0131z\u00a0<\/a><span style=\"color: #ff0000;\">||<\/span><a href=\"https:\/\/twitter.com\/arap_ajans\">X Platformumuz\u00a0<\/a><span style=\"color: #ff0000;\">||<\/span><a href=\"https:\/\/www.facebook.com\/SANAHaberAjansi\/\">Facebook Sayfam\u0131z<\/a><\/strong><\/p>\n","protected":false},"excerpt":{"rendered":"<p>DERA 25\u00a0EK\u0130M (SANA) &#8211;\u00a0\u0130srail&#8217;in bug\u00fcn \u015fafak vakti Dera k\u0131rsal\u0131nda bir\u00e7ok noktay\u0131 hedef alan sald\u0131r\u0131s\u0131 sonucu 8 asker \u015fehit d\u00fc\u015ft\u00fc, 7 asker de yaraland\u0131. Askeri bir kaynak SANA&#8217;ya yapt\u0131\u011f\u0131 a\u00e7\u0131klamada, &#8220;Bug\u00fcn saat 01.45 s\u0131ralar\u0131nda d\u00fc\u015fman \u0130srail&#8217;in, i\u015fgal alt\u0131ndaki Suriye Golan y\u00f6n\u00fcnden Dera k\u0131rsal\u0131ndaki baz\u0131 askeri noktalar\u0131m\u0131z\u0131 hedef alan bir hava sald\u0131r\u0131s\u0131 d\u00fczenledi&#8221; dedi. Kaynak ayr\u0131ca, &#8220;Sald\u0131rganl\u0131k, &hellip;<\/p>\n","protected":false},"author":36,"featured_media":290795,"comment_status":"closed","ping_status":"closed","sticky":false,"template":"","format":"standard","meta":{"footnotes":""},"categories":[479,575,17988,478],"tags":[],"class_list":["post-290794","post","type-post","status-publish","format-standard","has-post-thumbnail","","category-haberler-yerel","category-olaylar-ve-gercekler","category-son-haberler","category-yerel"],"_links":{"self":[{"href":"https:\/\/archive.sana.sy\/tr\/index.php?rest_route=\/wp\/v2\/posts\/290794","targetHints":{"allow":["GET"]}}],"collection":[{"href":"https:\/\/archive.sana.sy\/tr\/index.php?rest_route=\/wp\/v2\/posts"}],"about":[{"href":"https:\/\/archive.sana.sy\/tr\/index.php?rest_route=\/wp\/v2\/types\/post"}],"author":[{"embeddable":true,"href":"https:\/\/archive.sana.sy\/tr\/index.php?rest_route=\/wp\/v2\/users\/36"}],"replies":[{"embeddable":true,"href":"https:\/\/archive.sana.sy\/tr\/index.php?rest_route=%2Fwp%2Fv2%2Fcomments&post=290794"}],"version-history":[{"count":3,"href":"https:\/\/archive.sana.sy\/tr\/index.php?rest_route=\/wp\/v2\/posts\/290794\/revisions"}],"predecessor-version":[{"id":290824,"href":"https:\/\/archive.sana.sy\/tr\/index.php?rest_route=\/wp\/v2\/posts\/290794\/revisions\/290824"}],"wp:featuredmedia":[{"embeddable":true,"href":"https:\/\/archive.sana.sy\/tr\/index.php?rest_route=\/wp\/v2\/media\/290795"}],"wp:attachment":[{"href":"https:\/\/archive.sana.sy\/tr\/index.php?rest_route=%2Fwp%2Fv2%2Fmedia&parent=290794"}],"wp:term":[{"taxonomy":"category","embeddable":true,"href":"https:\/\/archive.sana.sy\/tr\/index.php?rest_route=%2Fwp%2Fv2%2Fcategories&post=290794"},{"taxonomy":"post_tag","embeddable":true,"href":"https:\/\/archive.sana.sy\/tr\/index.php?rest_route=%2Fwp%2Fv2%2Ftags&post=290794"}],"curies":[{"name":"wp","href":"https:\/\/api.w.org\/{rel}","templated":true}]}}