{"id":290816,"date":"2023-10-25T14:35:33","date_gmt":"2023-10-25T11:35:33","guid":{"rendered":"https:\/\/sana.sy\/tr\/?p=290816"},"modified":"2023-10-26T08:08:48","modified_gmt":"2023-10-26T05:08:48","slug":"halep-uluslararasi-havalimani-dusman-israil-saldirganligi-nedeniyle-hizmet-disi-kaldi","status":"publish","type":"post","link":"https:\/\/archive.sana.sy\/tr\/?p=290816","title":{"rendered":"Halep Uluslararas\u0131 Havaliman\u0131 D\u00fc\u015fman \u0130srail Sald\u0131rganl\u0131\u011f\u0131 Nedeniyle Hizmet D\u0131\u015f\u0131 Kald\u0131"},"content":{"rendered":"<p style=\"text-align: justify;\"><strong>\u015eAM<\/strong> <strong>25 EK\u0130M (SANA) &#8211;<\/strong> Halep Uluslararas\u0131 Havaliman\u0131, \u0130srail&#8217;in bu \u00f6\u011fleden sonra havaliman\u0131n\u0131 hedef alan sald\u0131rgaml\u0131\u011f\u0131 sonucu hizmet d\u0131\u015f\u0131 kald\u0131.<\/p>\n<p style=\"text-align: justify;\">Askeri bir kaynak SANA&#8217;ya yapt\u0131\u011f\u0131 a\u00e7\u0131klamada, bug\u00fcn saat 13.25 s\u0131ralar\u0131nda d\u00fc\u015fman \u0130srail\u2019in, Lazkiye&#8217;nin bat\u0131s\u0131nda Akdeniz y\u00f6n\u00fcnden Halep Uluslararas\u0131 Havaliman\u0131&#8217;na hava sald\u0131rganl\u0131\u011f\u0131 d\u00fczenledi\u011fini belirtirken, bunun havaliman\u0131n\u0131n pistinde maddi hasara ve pistin hizmet d\u0131\u015f\u0131 kalmas\u0131na neden oldu\u011funa i\u015faret etti.<\/p>\n<p style=\"text-align: center;\"><strong><a href=\"https:\/\/t.me\/SuriyeArapHaberAjansI\">Telegram Kanal\u0131m\u0131z\u00a0<\/a><span style=\"color: #ff0000;\">||<\/span><a href=\"https:\/\/twitter.com\/arap_ajans\">X Platformumuz<\/a><\/strong><span style=\"color: #ff0000;\"><a style=\"color: #ff0000;\" href=\"https:\/\/twitter.com\/arap_ajans\">\u00a0<\/a><strong>||<\/strong><\/span><strong><a href=\"https:\/\/www.facebook.com\/SANAHaberAjansi\/\">Facebook Sayfam\u0131z<\/a><\/strong><\/p>\n","protected":false},"excerpt":{"rendered":"<p>\u015eAM 25 EK\u0130M (SANA) &#8211; Halep Uluslararas\u0131 Havaliman\u0131, \u0130srail&#8217;in bu \u00f6\u011fleden sonra havaliman\u0131n\u0131 hedef alan sald\u0131rgaml\u0131\u011f\u0131 sonucu hizmet d\u0131\u015f\u0131 kald\u0131. Askeri bir kaynak SANA&#8217;ya yapt\u0131\u011f\u0131 a\u00e7\u0131klamada, bug\u00fcn saat 13.25 s\u0131ralar\u0131nda d\u00fc\u015fman \u0130srail\u2019in, Lazkiye&#8217;nin bat\u0131s\u0131nda Akdeniz y\u00f6n\u00fcnden Halep Uluslararas\u0131 Havaliman\u0131&#8217;na hava sald\u0131rganl\u0131\u011f\u0131 d\u00fczenledi\u011fini belirtirken, bunun havaliman\u0131n\u0131n pistinde maddi hasara ve pistin hizmet d\u0131\u015f\u0131 kalmas\u0131na neden oldu\u011funa &hellip;<\/p>\n","protected":false},"author":36,"featured_media":290795,"comment_status":"closed","ping_status":"closed","sticky":false,"template":"","format":"standard","meta":{"footnotes":""},"categories":[479,575,17988,478],"tags":[],"class_list":["post-290816","post","type-post","status-publish","format-standard","has-post-thumbnail","","category-haberler-yerel","category-olaylar-ve-gercekler","category-son-haberler","category-yerel"],"_links":{"self":[{"href":"https:\/\/archive.sana.sy\/tr\/index.php?rest_route=\/wp\/v2\/posts\/290816","targetHints":{"allow":["GET"]}}],"collection":[{"href":"https:\/\/archive.sana.sy\/tr\/index.php?rest_route=\/wp\/v2\/posts"}],"about":[{"href":"https:\/\/archive.sana.sy\/tr\/index.php?rest_route=\/wp\/v2\/types\/post"}],"author":[{"embeddable":true,"href":"https:\/\/archive.sana.sy\/tr\/index.php?rest_route=\/wp\/v2\/users\/36"}],"replies":[{"embeddable":true,"href":"https:\/\/archive.sana.sy\/tr\/index.php?rest_route=%2Fwp%2Fv2%2Fcomments&post=290816"}],"version-history":[{"count":4,"href":"https:\/\/archive.sana.sy\/tr\/index.php?rest_route=\/wp\/v2\/posts\/290816\/revisions"}],"predecessor-version":[{"id":290821,"href":"https:\/\/archive.sana.sy\/tr\/index.php?rest_route=\/wp\/v2\/posts\/290816\/revisions\/290821"}],"wp:featuredmedia":[{"embeddable":true,"href":"https:\/\/archive.sana.sy\/tr\/index.php?rest_route=\/wp\/v2\/media\/290795"}],"wp:attachment":[{"href":"https:\/\/archive.sana.sy\/tr\/index.php?rest_route=%2Fwp%2Fv2%2Fmedia&parent=290816"}],"wp:term":[{"taxonomy":"category","embeddable":true,"href":"https:\/\/archive.sana.sy\/tr\/index.php?rest_route=%2Fwp%2Fv2%2Fcategories&post=290816"},{"taxonomy":"post_tag","embeddable":true,"href":"https:\/\/archive.sana.sy\/tr\/index.php?rest_route=%2Fwp%2Fv2%2Ftags&post=290816"}],"curies":[{"name":"wp","href":"https:\/\/api.w.org\/{rel}","templated":true}]}}