{"id":290834,"date":"2023-10-25T08:30:17","date_gmt":"2023-10-25T05:30:17","guid":{"rendered":"https:\/\/sana.sy\/tr\/?p=290834"},"modified":"2023-10-26T08:08:34","modified_gmt":"2023-10-26T05:08:34","slug":"israil-dusman-gucleri-guney-lubnandaki-kasabalari-toplarla-bombaladi","status":"publish","type":"post","link":"https:\/\/archive.sana.sy\/tr\/?p=290834","title":{"rendered":"\u0130srail D\u00fc\u015fman G\u00fc\u00e7leri G\u00fcney L\u00fcbnan&#8217;daki Kasabalar\u0131 Toplarla Bombalad\u0131"},"content":{"rendered":"<p style=\"text-align: justify;\"><strong>BEYRUT 25 EK\u0130M (SANA)<\/strong> &#8211; Bug\u00fcn, \u0130srail d\u00fc\u015fman kuvvetleri g\u00fcney L\u00fcbnan&#8217;da i\u015fgal alt\u0131ndaki Filistin s\u0131n\u0131r\u0131na yak\u0131n bir dizi kasabaya top\u00e7u bombard\u0131man\u0131n\u0131 yeniledi.<\/p>\n<p style=\"text-align: justify;\">L\u00fcbnan medyas\u0131, d\u00fc\u015fman kuvvetlerinin Ramiya ve El Kuza \u00a0kasabalar\u0131n\u0131n eteklerini ve g\u00fcneydeki en uzak Aitaroun, Blida ve Marun El Ras kasabalar\u0131n\u0131 top mermileriyle bombalad\u0131\u011f\u0131n\u0131 bildirdi.<\/p>\n<p style=\"text-align: justify;\">Daha sonra medyada tanksavar f\u00fczelerinin Filistin-L\u00fcbnan s\u0131n\u0131r\u0131ndaki \u201cAvivim\u201d yerle\u015fimini hedef ald\u0131\u011f\u0131 bildirildi. Bu ba\u011flamda \u0130srail i\u015fgal ordusu, tank\u0131n\u0131n &#8220;Avivim&#8221; yerle\u015fimini hedef alan g\u00fcd\u00fcml\u00fc f\u00fczeyle vuruldu\u011funu itiraf etti.<\/p>\n<p style=\"text-align: center;\"><strong><a href=\"https:\/\/t.me\/SuriyeArapHaberAjansI\">Telegram Kanal\u0131m\u0131z\u00a0<\/a>||<a href=\"https:\/\/twitter.com\/arap_ajans\">X Platformumuz\u00a0<\/a>||<a href=\"https:\/\/www.facebook.com\/SANAHaberAjansi\/\">Facebook Sayfam\u0131z<\/a><\/strong><\/p>\n","protected":false},"excerpt":{"rendered":"<p>BEYRUT 25 EK\u0130M (SANA) &#8211; Bug\u00fcn, \u0130srail d\u00fc\u015fman kuvvetleri g\u00fcney L\u00fcbnan&#8217;da i\u015fgal alt\u0131ndaki Filistin s\u0131n\u0131r\u0131na yak\u0131n bir dizi kasabaya top\u00e7u bombard\u0131man\u0131n\u0131 yeniledi. L\u00fcbnan medyas\u0131, d\u00fc\u015fman kuvvetlerinin Ramiya ve El Kuza \u00a0kasabalar\u0131n\u0131n eteklerini ve g\u00fcneydeki en uzak Aitaroun, Blida ve Marun El Ras kasabalar\u0131n\u0131 top mermileriyle bombalad\u0131\u011f\u0131n\u0131 bildirdi. Daha sonra medyada tanksavar f\u00fczelerinin Filistin-L\u00fcbnan s\u0131n\u0131r\u0131ndaki \u201cAvivim\u201d &hellip;<\/p>\n","protected":false},"author":41,"featured_media":290835,"comment_status":"closed","ping_status":"closed","sticky":false,"template":"","format":"standard","meta":{"footnotes":""},"categories":[479,17988,478],"tags":[40215],"class_list":["post-290834","post","type-post","status-publish","format-standard","has-post-thumbnail","","category-haberler-yerel","category-son-haberler","category-yerel","tag-israil-dusman-gucleri-guney-lubnandaki-kasabalari-toplarla-bombaladi"],"_links":{"self":[{"href":"https:\/\/archive.sana.sy\/tr\/index.php?rest_route=\/wp\/v2\/posts\/290834","targetHints":{"allow":["GET"]}}],"collection":[{"href":"https:\/\/archive.sana.sy\/tr\/index.php?rest_route=\/wp\/v2\/posts"}],"about":[{"href":"https:\/\/archive.sana.sy\/tr\/index.php?rest_route=\/wp\/v2\/types\/post"}],"author":[{"embeddable":true,"href":"https:\/\/archive.sana.sy\/tr\/index.php?rest_route=\/wp\/v2\/users\/41"}],"replies":[{"embeddable":true,"href":"https:\/\/archive.sana.sy\/tr\/index.php?rest_route=%2Fwp%2Fv2%2Fcomments&post=290834"}],"version-history":[{"count":1,"href":"https:\/\/archive.sana.sy\/tr\/index.php?rest_route=\/wp\/v2\/posts\/290834\/revisions"}],"predecessor-version":[{"id":290836,"href":"https:\/\/archive.sana.sy\/tr\/index.php?rest_route=\/wp\/v2\/posts\/290834\/revisions\/290836"}],"wp:featuredmedia":[{"embeddable":true,"href":"https:\/\/archive.sana.sy\/tr\/index.php?rest_route=\/wp\/v2\/media\/290835"}],"wp:attachment":[{"href":"https:\/\/archive.sana.sy\/tr\/index.php?rest_route=%2Fwp%2Fv2%2Fmedia&parent=290834"}],"wp:term":[{"taxonomy":"category","embeddable":true,"href":"https:\/\/archive.sana.sy\/tr\/index.php?rest_route=%2Fwp%2Fv2%2Fcategories&post=290834"},{"taxonomy":"post_tag","embeddable":true,"href":"https:\/\/archive.sana.sy\/tr\/index.php?rest_route=%2Fwp%2Fv2%2Ftags&post=290834"}],"curies":[{"name":"wp","href":"https:\/\/api.w.org\/{rel}","templated":true}]}}