{"id":290837,"date":"2023-10-25T08:56:32","date_gmt":"2023-10-25T05:56:32","guid":{"rendered":"https:\/\/sana.sy\/tr\/?p=290837"},"modified":"2023-10-26T16:50:27","modified_gmt":"2023-10-26T13:50:27","slug":"mikdad-batinin-israile-verdigi-destek-ona-filistinlileri-oldurme-konusunda-acik-bir-yetki-verdi","status":"publish","type":"post","link":"https:\/\/archive.sana.sy\/tr\/?p=290837","title":{"rendered":"Mikdad: Bat\u0131&#8217;n\u0131n \u0130srail&#8217;e Verdi\u011fi Destek, Ona Filistinlileri \u00d6ld\u00fcrme Konusunda A\u00e7\u0131k Bir Yetki Verdi"},"content":{"rendered":"<p style=\"text-align: justify;\"><strong>NEW YORK 25 EK\u0130M (SANA)<\/strong> &#8211; D\u0131\u015fi\u015fleri ve Gurbet\u00e7iler Bakan\u0131 Faysal Mikdad, \u0130srail i\u015fgalinin Gazze \u015eeridi&#8217;ne y\u00f6nelik sald\u0131r\u0131lar\u0131 s\u0131ras\u0131nda i\u015fledi\u011fi katliamlar\u0131n ve soyk\u0131r\u0131m su\u00e7lar\u0131n\u0131n, ABD \u00f6nc\u00fcl\u00fc\u011f\u00fcndeki tan\u0131nm\u0131\u015f Bat\u0131l\u0131 \u00fclkelerin \u0131srar\u0131 olmasayd\u0131 ger\u00e7ekle\u015fmeyece\u011fini vurgulayarak, BM G\u00fcvenlik Konseyi&#8217;nin, siyasi ikiy\u00fczl\u00fcl\u00fck ve \u00e7ifte standartlardan uzak, bu katliam ve su\u00e7lar\u0131n sona erdirilmesi ve faillerinin hesap vermesi konusunda \u00fczerine d\u00fc\u015fen sorumlulu\u011fu yerine getirmesi gerekti\u011fini kaydetti.<\/p>\n<p style=\"text-align: justify;\">Mikdad, bug\u00fcn G\u00fcvenlik Konseyi&#8217;nin &#8220;Ortado\u011fu&#8217;daki durum&#8221; konulu bakanlar toplant\u0131s\u0131nda Maslahatg\u00fczar Vekili Dr. Al-Hakam Dendi taraf\u0131ndan yap\u0131lan a\u00e7\u0131klamada \u015funlar\u0131 s\u00f6yledi: \u2018\u2019Ekim ay\u0131n\u0131n bu ay\u0131, \u0130srail&#8217;in t\u00fcm hayalleri a\u015fan tehlikeli bir su\u00e7 art\u0131\u015f\u0131na ve karde\u015f Filistin halk\u0131na kar\u015f\u0131 i\u00e7ler ac\u0131s\u0131 ac\u0131mas\u0131z, sald\u0131rgan uygulamalar\u0131na tan\u0131k oluyor. \u0130srail i\u015fgalinin uluslararas\u0131 alanda yasaklanm\u0131\u015f silahlar kullanarak Gazze&#8217;deki binalar\u0131 bombalamas\u0131 ve halk\u0131m\u0131z\u0131n su, ila\u00e7, elektrik, yak\u0131t ve en temel ya\u015fam ihtiya\u00e7lar\u0131n\u0131 kesmesi nedeniyle bu art\u0131\u015f, sava\u015f su\u00e7lar\u0131 ve insanl\u0131\u011fa kar\u015f\u0131 su\u00e7 te\u015fkil etmektedir.\u2019\u2019<\/p>\n<p style=\"text-align: justify;\">Mikdad ayr\u0131ca, i\u015fgal alt\u0131ndaki Filistin topraklar\u0131nda ya\u015fanan mevcut t\u0131rman\u0131\u015f\u0131n ana nedeninin, Filistin halk\u0131n\u0131n onlarca y\u0131ld\u0131r i\u015fgale maruz kald\u0131\u011f\u0131 adaletsizlik oldu\u011funu ifade etti.<\/p>\n<p style=\"text-align: justify;\">Suriye&#8217;nin, ABD ve m\u00fcttefiklerinin G\u00fcvenlik Konseyi&#8217;ndeki davran\u0131\u015flar\u0131n\u0131 k\u0131nad\u0131\u011f\u0131n\u0131 ifade ederek, bunun \u0130srail sald\u0131rganl\u0131\u011f\u0131n\u0131 durdurma konusundaki sorumluluklar\u0131n\u0131 yerine getirememesine yol a\u00e7t\u0131\u011f\u0131n\u0131 belirten Mikdad, Washington&#8217;un Konsey&#8217;i aksatmakla yetinmedi\u011fini, b\u00f6lgeye u\u00e7ak gemileri g\u00f6ndererek \u0130srail&#8217;in sava\u015f makinesini g\u00fc\u00e7lendirme konusunda acele etti\u011fini kaydetti.<\/p>\n<p style=\"text-align: justify;\">Mikdad konu\u015fmas\u0131nda da, Suriye&#8217;nin, Gazze \u015eeridi&#8217;ne y\u00f6nelik sald\u0131rganl\u0131\u011f\u0131 derhal durdurarak ve buradaki Filistinlilere acil insani destek sa\u011flayarak G\u00fcvenlik Konseyi&#8217;nin sorumluluklar\u0131n\u0131 \u00fcstlenmesi ve Filistin halk\u0131na y\u00f6nelik barbar i\u015fgal sald\u0131r\u0131lar\u0131na son vermesi y\u00f6n\u00fcndeki talebini yineledi.<\/p>\n<p style=\"text-align: justify;\">Mikdad, \u0130srail&#8217;in Gazze&#8217;deki Filistin halk\u0131na y\u00f6nelik sald\u0131rganl\u0131\u011f\u0131n\u0131 s\u00fcrd\u00fcrmesiyle birlikte Suriye topraklar\u0131na y\u00f6nelik tekrarlanan sald\u0131r\u0131lar\u0131n\u0131 da yo\u011funla\u015ft\u0131rd\u0131\u011f\u0131na dikkat \u00e7ekerken ayr\u0131ca, \u2018\u2019ki g\u00fcn \u00f6nce, bir hafta i\u00e7inde \u00fc\u00e7\u00fcnc\u00fc kez \u015eam ve Halep uluslararas\u0131 havalimanlar\u0131na hava sald\u0131r\u0131s\u0131 d\u00fczenledi. \u015eam Havaliman\u0131&#8217;nda bir sivil i\u015f\u00e7inin \u015fehit olmas\u0131na yol a\u00e7arak sivil havac\u0131l\u0131\u011f\u0131n g\u00fcvenli\u011fini tehlikeye att\u0131, Birle\u015fmi\u015f Milletler&#8217;in insani operasyonlar\u0131n\u0131 sekteye u\u011fratt\u0131 ve iki havaliman\u0131n\u0131n pistlerinde maddi hasara yol a\u00e7t\u0131\u2019\u2019 dedi.<\/p>\n<p style=\"text-align: center;\"><strong><a href=\"https:\/\/t.me\/SuriyeArapHaberAjansI\">Telegram Kanal\u0131m\u0131z\u00a0<\/a>||<a href=\"https:\/\/twitter.com\/arap_ajans\">X Platformumuz<\/a><\/strong><a href=\"https:\/\/twitter.com\/arap_ajans\">\u00a0<\/a><strong>||<\/strong><strong><a href=\"https:\/\/www.facebook.com\/SANAHaberAjansi\/\">Facebook Sayfam\u0131z<\/a><\/strong><\/p>\n<p style=\"text-align: justify;\">\n","protected":false},"excerpt":{"rendered":"<p>NEW YORK 25 EK\u0130M (SANA) &#8211; D\u0131\u015fi\u015fleri ve Gurbet\u00e7iler Bakan\u0131 Faysal Mikdad, \u0130srail i\u015fgalinin Gazze \u015eeridi&#8217;ne y\u00f6nelik sald\u0131r\u0131lar\u0131 s\u0131ras\u0131nda i\u015fledi\u011fi katliamlar\u0131n ve soyk\u0131r\u0131m su\u00e7lar\u0131n\u0131n, ABD \u00f6nc\u00fcl\u00fc\u011f\u00fcndeki tan\u0131nm\u0131\u015f Bat\u0131l\u0131 \u00fclkelerin \u0131srar\u0131 olmasayd\u0131 ger\u00e7ekle\u015fmeyece\u011fini vurgulayarak, BM G\u00fcvenlik Konseyi&#8217;nin, siyasi ikiy\u00fczl\u00fcl\u00fck ve \u00e7ifte standartlardan uzak, bu katliam ve su\u00e7lar\u0131n sona erdirilmesi ve faillerinin hesap vermesi konusunda \u00fczerine d\u00fc\u015fen &hellip;<\/p>\n","protected":false},"author":41,"featured_media":290841,"comment_status":"closed","ping_status":"closed","sticky":false,"template":"","format":"standard","meta":{"footnotes":""},"categories":[458,459,17988],"tags":[],"class_list":["post-290837","post","type-post","status-publish","format-standard","has-post-thumbnail","","category-dunya1","category-haberler-arap-uluslararasi-politika","category-son-haberler"],"_links":{"self":[{"href":"https:\/\/archive.sana.sy\/tr\/index.php?rest_route=\/wp\/v2\/posts\/290837","targetHints":{"allow":["GET"]}}],"collection":[{"href":"https:\/\/archive.sana.sy\/tr\/index.php?rest_route=\/wp\/v2\/posts"}],"about":[{"href":"https:\/\/archive.sana.sy\/tr\/index.php?rest_route=\/wp\/v2\/types\/post"}],"author":[{"embeddable":true,"href":"https:\/\/archive.sana.sy\/tr\/index.php?rest_route=\/wp\/v2\/users\/41"}],"replies":[{"embeddable":true,"href":"https:\/\/archive.sana.sy\/tr\/index.php?rest_route=%2Fwp%2Fv2%2Fcomments&post=290837"}],"version-history":[{"count":2,"href":"https:\/\/archive.sana.sy\/tr\/index.php?rest_route=\/wp\/v2\/posts\/290837\/revisions"}],"predecessor-version":[{"id":290840,"href":"https:\/\/archive.sana.sy\/tr\/index.php?rest_route=\/wp\/v2\/posts\/290837\/revisions\/290840"}],"wp:featuredmedia":[{"embeddable":true,"href":"https:\/\/archive.sana.sy\/tr\/index.php?rest_route=\/wp\/v2\/media\/290841"}],"wp:attachment":[{"href":"https:\/\/archive.sana.sy\/tr\/index.php?rest_route=%2Fwp%2Fv2%2Fmedia&parent=290837"}],"wp:term":[{"taxonomy":"category","embeddable":true,"href":"https:\/\/archive.sana.sy\/tr\/index.php?rest_route=%2Fwp%2Fv2%2Fcategories&post=290837"},{"taxonomy":"post_tag","embeddable":true,"href":"https:\/\/archive.sana.sy\/tr\/index.php?rest_route=%2Fwp%2Fv2%2Ftags&post=290837"}],"curies":[{"name":"wp","href":"https:\/\/api.w.org\/{rel}","templated":true}]}}