{"id":290842,"date":"2023-10-25T16:10:37","date_gmt":"2023-10-25T13:10:37","guid":{"rendered":"https:\/\/sana.sy\/tr\/?p=290842"},"modified":"2023-10-28T09:08:23","modified_gmt":"2023-10-28T06:08:23","slug":"cumhurbaskani-esad-uluslararasi-sendikalar-konfederasyonu-genel-sekreteri-bambis-christes-ile-gorustu","status":"publish","type":"post","link":"https:\/\/archive.sana.sy\/tr\/?p=290842","title":{"rendered":"Cumhurba\u015fkan\u0131 Esad, Uluslararas\u0131 Sendikalar Konfederasyonu Genel Sekreteri Bambis Christes \u0130le G\u00f6r\u00fc\u015ft\u00fc"},"content":{"rendered":"<p style=\"text-align: justify;\"><strong>\u015eAM 25 EK\u0130M (SANA)<\/strong> &#8211; Uluslararas\u0131 Sendikalar Konfederasyonu Genel Sekreteri Bambis Christes ile yapt\u0131\u011f\u0131 g\u00f6r\u00fc\u015fmede Cumhurba\u015fkan\u0131 Be\u015f\u015far Esad, uluslararas\u0131 sendikalar\u0131n rol\u00fcn\u00fcn do\u011frudan adalet kavram\u0131yla ba\u011flant\u0131l\u0131 <img loading=\"lazy\" decoding=\"async\" class=\" wp-image-290843 alignright\" src=\"http:\/\/sana.sy\/tr\/wp-content\/uploads\/2023\/10\/111111111111111111111111111111111111111111111111-660x330-1.jpg\" alt=\"\" width=\"352\" height=\"176\" srcset=\"https:\/\/archive.sana.sy\/tr\/wp-content\/uploads\/2023\/10\/111111111111111111111111111111111111111111111111-660x330-1.jpg 660w, https:\/\/archive.sana.sy\/tr\/wp-content\/uploads\/2023\/10\/111111111111111111111111111111111111111111111111-660x330-1-300x150.jpg 300w\" sizes=\"auto, (max-width: 352px) 100vw, 352px\" \/>oldu\u011funu ve bunu ba\u015farmak i\u00e7in \u00e7al\u0131\u015fmakla ba\u011flant\u0131l\u0131 oldu\u011funu vurgulad\u0131. Bu kavrama g\u00f6re, Suriye ile Uluslararas\u0131 Sendikalar Federasyonu aras\u0131ndaki ili\u015fki eskidir ve kapitalizm ile i\u015fg\u00fcc\u00fc aras\u0131ndaki \u00e7at\u0131\u015fmadan kaynaklanmaktad\u0131r.<\/p>\n<p style=\"text-align: justify;\">Cumhurba\u015fkan\u0131 Be\u015f\u015far Esad, \u2018\u2019 B\u00fcy\u00fck \u015firketler, Amerika ve Avrupa&#8217;da siyasete ve kararlara y\u00f6n veren, ekonomik ve mali \u00e7\u0131karlar\u0131 u\u011fruna \u00e7at\u0131\u015fma ve sava\u015flar yaratan \u015firketlerdir. Bug\u00fcn i\u015fgal alt\u0131ndaki Filistin topraklar\u0131nda ya\u015fananlar, s\u0131rf haklar\u0131na sar\u0131ld\u0131klar\u0131 ve savunduklar\u0131 i\u00e7in katliam yapmay\u0131, masum insanlar\u0131 \u00f6ld\u00fcrmeyi kabul eden bu ac\u0131mas\u0131z ger\u00e7e\u011fin bir yans\u0131mas\u0131d\u0131r\u2019\u2019 diyerek, siyasi olan\u0131n ekonomik, ideolojik ve toplumsal olandan ayr\u0131lamayaca\u011f\u0131 pek \u00e7ok m\u00fccadelemiz oldu\u011funu kaydetti.<\/p>\n<p style=\"text-align: justify;\">Christis ise ziyaretinin Suriye ile dayan\u0131\u015fmay\u0131 ve Suriye&#8217;nin istikrar ve yeniden yap\u0131lanma aray\u0131\u015f\u0131n\u0131 ifade etti\u011fini belirterek, Uluslararas\u0131 Sendikalar Federasyonu&#8217;nun Suriye&#8217;nin d\u0131\u015f m\u00fcdahalelerden uzak kalk\u0131nma alan\u0131ndaki \u00e7abalar\u0131na verdi\u011fi deste\u011fi vurgulad\u0131.<\/p>\n<p style=\"text-align: justify;\">Christis ayr\u0131ca, uluslararas\u0131 sendikalar\u0131n bug\u00fcn her zamankinden daha fazla Filistin meselesinin yan\u0131nda yer ald\u0131\u011f\u0131n\u0131 ve k\u00fcresel kamuoyunu bu meselenin adaleti y\u00f6n\u00fcnde harekete ge\u00e7irmek i\u00e7in \u00e7al\u0131\u015ft\u0131klar\u0131na dikkat \u00e7ekti.<\/p>\n<p style=\"text-align: center;\"><strong><a href=\"https:\/\/t.me\/SuriyeArapHaberAjansI\">Telegram Kanal\u0131m\u0131z\u00a0<\/a><span style=\"color: #ff0000;\">||<\/span><a href=\"https:\/\/twitter.com\/arap_ajans\">X Platformumuz<\/a><\/strong><span style=\"color: #ff0000;\"><a style=\"color: #ff0000;\" href=\"https:\/\/twitter.com\/arap_ajans\">\u00a0<\/a><strong>||<\/strong><\/span><strong><a href=\"https:\/\/www.facebook.com\/SANAHaberAjansi\/\">Facebook Sayfam\u0131z<\/a><\/strong><\/p>\n","protected":false},"excerpt":{"rendered":"<p>\u015eAM 25 EK\u0130M (SANA) &#8211; Uluslararas\u0131 Sendikalar Konfederasyonu Genel Sekreteri Bambis Christes ile yapt\u0131\u011f\u0131 g\u00f6r\u00fc\u015fmede Cumhurba\u015fkan\u0131 Be\u015f\u015far Esad, uluslararas\u0131 sendikalar\u0131n rol\u00fcn\u00fcn do\u011frudan adalet kavram\u0131yla ba\u011flant\u0131l\u0131 oldu\u011funu ve bunu ba\u015farmak i\u00e7in \u00e7al\u0131\u015fmakla ba\u011flant\u0131l\u0131 oldu\u011funu vurgulad\u0131. Bu kavrama g\u00f6re, Suriye ile Uluslararas\u0131 Sendikalar Federasyonu aras\u0131ndaki ili\u015fki eskidir ve kapitalizm ile i\u015fg\u00fcc\u00fc aras\u0131ndaki \u00e7at\u0131\u015fmadan kaynaklanmaktad\u0131r. Cumhurba\u015fkan\u0131 Be\u015f\u015far Esad, &hellip;<\/p>\n","protected":false},"author":41,"featured_media":290847,"comment_status":"closed","ping_status":"closed","sticky":false,"template":"","format":"standard","meta":{"footnotes":""},"categories":[606,605,17988],"tags":[38219,40216],"class_list":["post-290842","post","type-post","status-publish","format-standard","has-post-thumbnail","","category-cumhurbaskani","category-sayin-cumhurbaskani","category-son-haberler","tag-cumhurbaskani-esad","tag-uluslararasi-sendikalar-konfederasyonu-genel-sekreteri-bambis-christes-ile-gorustu"],"_links":{"self":[{"href":"https:\/\/archive.sana.sy\/tr\/index.php?rest_route=\/wp\/v2\/posts\/290842","targetHints":{"allow":["GET"]}}],"collection":[{"href":"https:\/\/archive.sana.sy\/tr\/index.php?rest_route=\/wp\/v2\/posts"}],"about":[{"href":"https:\/\/archive.sana.sy\/tr\/index.php?rest_route=\/wp\/v2\/types\/post"}],"author":[{"embeddable":true,"href":"https:\/\/archive.sana.sy\/tr\/index.php?rest_route=\/wp\/v2\/users\/41"}],"replies":[{"embeddable":true,"href":"https:\/\/archive.sana.sy\/tr\/index.php?rest_route=%2Fwp%2Fv2%2Fcomments&post=290842"}],"version-history":[{"count":2,"href":"https:\/\/archive.sana.sy\/tr\/index.php?rest_route=\/wp\/v2\/posts\/290842\/revisions"}],"predecessor-version":[{"id":290848,"href":"https:\/\/archive.sana.sy\/tr\/index.php?rest_route=\/wp\/v2\/posts\/290842\/revisions\/290848"}],"wp:featuredmedia":[{"embeddable":true,"href":"https:\/\/archive.sana.sy\/tr\/index.php?rest_route=\/wp\/v2\/media\/290847"}],"wp:attachment":[{"href":"https:\/\/archive.sana.sy\/tr\/index.php?rest_route=%2Fwp%2Fv2%2Fmedia&parent=290842"}],"wp:term":[{"taxonomy":"category","embeddable":true,"href":"https:\/\/archive.sana.sy\/tr\/index.php?rest_route=%2Fwp%2Fv2%2Fcategories&post=290842"},{"taxonomy":"post_tag","embeddable":true,"href":"https:\/\/archive.sana.sy\/tr\/index.php?rest_route=%2Fwp%2Fv2%2Ftags&post=290842"}],"curies":[{"name":"wp","href":"https:\/\/api.w.org\/{rel}","templated":true}]}}