{"id":290855,"date":"2023-10-25T15:12:01","date_gmt":"2023-10-25T12:12:01","guid":{"rendered":"https:\/\/sana.sy\/tr\/?p=290855"},"modified":"2023-10-26T18:53:17","modified_gmt":"2023-10-26T15:53:17","slug":"disisleri-bakanligi-israilin-yeni-saldirganligi-sivillere-karsi-savasin-kapsamini-genisletmeye-calisanlarin-israil-fasizmi-oldugunu-gosteriyor","status":"publish","type":"post","link":"https:\/\/archive.sana.sy\/tr\/?p=290855","title":{"rendered":"D\u0131\u015fi\u015fleri Bakanl\u0131\u011f\u0131: \u0130srail&#8217;in Yeni Sald\u0131rganl\u0131\u011f\u0131, Sivillere Kar\u015f\u0131 sava\u015f\u0131n Kapsam\u0131n\u0131 Geni\u015fletmeye \u00c7al\u0131\u015fanlar\u0131n \u0130srail Fa\u015fizmi Oldu\u011funu G\u00f6steriyor"},"content":{"rendered":"<p style=\"text-align: justify;\"><strong>\u015eAM 25 EK\u0130M (SANA)<\/strong> &#8211; D\u0131\u015fi\u015fleri ve Gurbet\u00e7iler Bakanl\u0131\u011f\u0131, \u0130srail&#8217;in yeni sald\u0131rganl\u0131\u011f\u0131n\u0131n, masum sivillere kar\u015f\u0131 devam eden bu sava\u015f\u0131n kapsam\u0131n\u0131 geni\u015fletmeye \u00e7al\u0131\u015fanlar\u0131n &#8220;\u0130srail fa\u015fizmi&#8221; oldu\u011funu g\u00f6sterdi\u011fini vurgulayarak, bu sava\u015f\u0131n, \u201cB\u00fcy\u00fck \u0130srail\u201d denilen \u015feyi dayatmak ve i\u015fgal alt\u0131ndaki Arap topraklar\u0131ndaki Siyonist i\u015fgaline son vermeye y\u00f6nelik her t\u00fcrl\u00fc uluslararas\u0131 \u00e7abay\u0131 ortadan kald\u0131rmaktan ba\u015fka bir amac\u0131 olmad\u0131\u011f\u0131na i\u015faret etti.<\/p>\n<p style=\"text-align: justify;\">D\u0131\u015fi\u015fleri ve Gurbet\u00e7iler Bakanl\u0131\u011f\u0131 bug\u00fcn yapt\u0131\u011f\u0131 a\u00e7\u0131klamada \u015funlar\u0131 s\u00f6yledi: &#8220;\u0130srail i\u015fgal g\u00fc\u00e7leri, Filistin&#8217;de ve d\u0131\u015f\u0131nda sald\u0131rganl\u0131\u011f\u0131 geni\u015fletme ve katliam yapma politikas\u0131n\u0131n uygulanmas\u0131 kapsam\u0131nda, son on g\u00fcn i\u00e7inde ger\u00e7ekle\u015ftirdi\u011fi d\u00f6rd\u00fcnc\u00fc sald\u0131r\u0131y\u0131 Suriye topraklar\u0131na y\u00f6nelik yeni bir sald\u0131r\u0131yla ba\u015flatm\u0131\u015ft\u0131r.&#8221;<\/p>\n<p style=\"text-align: justify;\">Bakanl\u0131k a\u00e7\u0131klamas\u0131nda ayr\u0131ca, \u2018\u201c\u0130srail&#8217;in daha fazla Filistinli ve Suriyeli kan\u0131na olan susuzlu\u011funun, en az 2.000&#8217;i \u00e7ocuk olmak \u00fczere binlerce Filistinliyi ve masum aileyi \u00f6ld\u00fcrmesine ra\u011fmen hen\u00fcz giderilmedi\u011fi a\u00e7\u0131k\u00e7a ortaya \u00e7\u0131kt\u0131.Ayr\u0131ca \u0130srail, Gazze \u015eeridi ve Bat\u0131 \u015eeria&#8217;daki savunmas\u0131z sivil n\u00fcfusa kar\u015f\u0131 Filistinlilerin evlerini ve binalar\u0131n\u0131 yok etmeye hen\u00fcz doymad\u0131\u2019\u2019 ifadelerini s\u00f6zlerine ekledi.<\/p>\n<p style=\"text-align: justify;\">\u2018\u2019Bat\u0131&#8217;n\u0131n gece g\u00fcnd\u00fcz tekrarlad\u0131\u011f\u0131, \u0130srail&#8217;in me\u015fru m\u00fcdafaa hakk\u0131n\u0131 iddia etti\u011fi kolektif anlat\u0131s\u0131 hukuki bir temele dayanm\u0131yor. Amac\u0131 yaln\u0131zca \u0130srail&#8217;i Filistinlilere kar\u015f\u0131 daha fazla cinayet i\u015flemeye ve onlar\u0131 zorla topraklar\u0131ndan \u00e7\u0131karmaya te\u015fvik etmektir.\u201d de\u011ferlendirmede bulunan bakanl\u0131k, \u00a0\u2018\u2019Suriye, \u0130srail&#8217;i devam eden sald\u0131r\u0131lar\u0131n\u0131n sonu\u00e7lar\u0131 konusunda defalarca uyard\u0131 ve kendisini ve Bat\u0131&#8217;daki m\u00fcttefiklerini b\u00f6lgesel ve uluslararas\u0131 g\u00fcvenlik ve bar\u0131\u015f\u0131 tehdit etmekten toplu olarak sorumlu tuttu. Faillerin sorumlu tutulmas\u0131 ve \u0130srailli su\u00e7lular\u0131n cezadan ka\u00e7mamas\u0131n\u0131 sa\u011flaman\u0131n gereklili\u011fi vurgulan\u0131yor\u2019\u2019 ded.<\/p>\n<p style=\"text-align: center;\"><strong><a href=\"https:\/\/t.me\/SuriyeArapHaberAjansI\">Telegram Kanal\u0131m\u0131z\u00a0<\/a>||<a href=\"https:\/\/twitter.com\/arap_ajans\">X Platformumuz<\/a><\/strong><a href=\"https:\/\/twitter.com\/arap_ajans\">\u00a0<\/a><strong>||<\/strong><strong><a href=\"https:\/\/www.facebook.com\/SANAHaberAjansi\/\">Facebook Sayfam\u0131z<\/a><\/strong><\/p>\n","protected":false},"excerpt":{"rendered":"<p>\u015eAM 25 EK\u0130M (SANA) &#8211; D\u0131\u015fi\u015fleri ve Gurbet\u00e7iler Bakanl\u0131\u011f\u0131, \u0130srail&#8217;in yeni sald\u0131rganl\u0131\u011f\u0131n\u0131n, masum sivillere kar\u015f\u0131 devam eden bu sava\u015f\u0131n kapsam\u0131n\u0131 geni\u015fletmeye \u00e7al\u0131\u015fanlar\u0131n &#8220;\u0130srail fa\u015fizmi&#8221; oldu\u011funu g\u00f6sterdi\u011fini vurgulayarak, bu sava\u015f\u0131n, \u201cB\u00fcy\u00fck \u0130srail\u201d denilen \u015feyi dayatmak ve i\u015fgal alt\u0131ndaki Arap topraklar\u0131ndaki Siyonist i\u015fgaline son vermeye y\u00f6nelik her t\u00fcrl\u00fc uluslararas\u0131 \u00e7abay\u0131 ortadan kald\u0131rmaktan ba\u015fka bir amac\u0131 olmad\u0131\u011f\u0131na i\u015faret &hellip;<\/p>\n","protected":false},"author":41,"featured_media":290856,"comment_status":"closed","ping_status":"closed","sticky":false,"template":"","format":"standard","meta":{"footnotes":""},"categories":[479,17988,478],"tags":[40218,40219],"class_list":["post-290855","post","type-post","status-publish","format-standard","has-post-thumbnail","","category-haberler-yerel","category-son-haberler","category-yerel","tag-disisleri-bakanligi-israilin-yeni-saldirganligi","tag-sivillere-karsi-savasin-kapsamini-genisletmeye-calisanlarin-israil-fasizmi-oldugunu-gosteriyor"],"_links":{"self":[{"href":"https:\/\/archive.sana.sy\/tr\/index.php?rest_route=\/wp\/v2\/posts\/290855","targetHints":{"allow":["GET"]}}],"collection":[{"href":"https:\/\/archive.sana.sy\/tr\/index.php?rest_route=\/wp\/v2\/posts"}],"about":[{"href":"https:\/\/archive.sana.sy\/tr\/index.php?rest_route=\/wp\/v2\/types\/post"}],"author":[{"embeddable":true,"href":"https:\/\/archive.sana.sy\/tr\/index.php?rest_route=\/wp\/v2\/users\/41"}],"replies":[{"embeddable":true,"href":"https:\/\/archive.sana.sy\/tr\/index.php?rest_route=%2Fwp%2Fv2%2Fcomments&post=290855"}],"version-history":[{"count":1,"href":"https:\/\/archive.sana.sy\/tr\/index.php?rest_route=\/wp\/v2\/posts\/290855\/revisions"}],"predecessor-version":[{"id":290857,"href":"https:\/\/archive.sana.sy\/tr\/index.php?rest_route=\/wp\/v2\/posts\/290855\/revisions\/290857"}],"wp:featuredmedia":[{"embeddable":true,"href":"https:\/\/archive.sana.sy\/tr\/index.php?rest_route=\/wp\/v2\/media\/290856"}],"wp:attachment":[{"href":"https:\/\/archive.sana.sy\/tr\/index.php?rest_route=%2Fwp%2Fv2%2Fmedia&parent=290855"}],"wp:term":[{"taxonomy":"category","embeddable":true,"href":"https:\/\/archive.sana.sy\/tr\/index.php?rest_route=%2Fwp%2Fv2%2Fcategories&post=290855"},{"taxonomy":"post_tag","embeddable":true,"href":"https:\/\/archive.sana.sy\/tr\/index.php?rest_route=%2Fwp%2Fv2%2Ftags&post=290855"}],"curies":[{"name":"wp","href":"https:\/\/api.w.org\/{rel}","templated":true}]}}