{"id":290858,"date":"2023-10-25T17:32:51","date_gmt":"2023-10-25T14:32:51","guid":{"rendered":"https:\/\/sana.sy\/tr\/?p=290858"},"modified":"2023-10-28T09:08:24","modified_gmt":"2023-10-28T06:08:24","slug":"hallak-enformasyon-bakanligi-medyanin-calisma-ortamini-gelistirmek-icin-yogun-sekilde-calisiyor","status":"publish","type":"post","link":"https:\/\/archive.sana.sy\/tr\/?p=290858","title":{"rendered":"Hallak: Enformasyon Bakanl\u0131\u011f\u0131 Medyan\u0131n \u00c7al\u0131\u015fma Ortam\u0131n\u0131 Geli\u015ftirmek \u0130\u00e7in Yo\u011fun \u015eekilde \u00c7al\u0131\u015f\u0131yor"},"content":{"rendered":"<p style=\"text-align: justify;\"><strong>\u015eAM 25 EK\u0130M (SANA)<\/strong> &#8211; Enformasyon Bakan\u0131 Butrus Hallak, Bakanl\u0131\u011f\u0131n bu \u00e7al\u0131\u015fman\u0131n gerekliliklerine ayak uyduran yeni bir modern medya kanunu haz\u0131rlay\u0131p tasla\u011f\u0131 haz\u0131rlayarak medya \u00e7al\u0131\u015fma ortam\u0131n\u0131 geli\u015ftirmek i\u00e7in <img loading=\"lazy\" decoding=\"async\" class=\" wp-image-290860 alignright\" src=\"http:\/\/sana.sy\/tr\/wp-content\/uploads\/2023\/10\/AMR_7793-300x200-1.jpg\" alt=\"\" width=\"215\" height=\"143\" \/>yo\u011fun bir \u015fekilde \u00e7al\u0131\u015ft\u0131\u011f\u0131n\u0131 vurgulayarak, medya kurumlar\u0131nda t\u00fcm \u00e7al\u0131\u015fanlar\u0131n haklar\u0131n\u0131 g\u00fcvence alt\u0131na alacak \u015fekilde hassasiyetle haz\u0131rland\u0131\u011f\u0131n\u0131 kaydetti.<\/p>\n<p style=\"text-align: justify;\">Enformasyon Bakan\u0131, El Vahda \u00a0Bas\u0131n, Bas\u0131m, Yay\u0131m ve Da\u011f\u0131t\u0131m Kurumu genel merkezinde medya profesyonelleriyle yapt\u0131\u011f\u0131 g\u00f6r\u00fc\u015fmede, medya yasas\u0131nda de\u011fi\u015fiklik yap\u0131lmas\u0131na y\u00f6nelik \u00e7al\u0131\u015fmalar\u0131n iyi bir h\u0131zda ilerledi\u011fini belirtti.<\/p>\n<p style=\"text-align: justify;\">Hallak ayr\u0131ca, \u00a0zorluklara ra\u011fmen medyadaki yanl\u0131\u015f bilgilerle ve sava\u015f y\u0131llar\u0131nda Suriye&#8217;ye kar\u015f\u0131 y\u00fcr\u00fct\u00fclen medya sava\u015f\u0131nda Suriye medyas\u0131n\u0131n oynad\u0131\u011f\u0131 b\u00fcy\u00fck role dikkat \u00e7ekerken, Suriye <img loading=\"lazy\" decoding=\"async\" class=\" wp-image-290861 alignright\" src=\"http:\/\/sana.sy\/tr\/wp-content\/uploads\/2023\/10\/AMR_7788-300x200-1.jpg\" alt=\"\" width=\"216\" height=\"144\" \/>medyas\u0131n\u0131n devletin en y\u00fcksek ulusal politikas\u0131 ba\u011flam\u0131nda odakl\u0131 ve ama\u00e7l\u0131 bir medya politikas\u0131yla \u00e7al\u0131\u015fmalar\u0131n\u0131 s\u00fcrd\u00fcrd\u00fc\u011f\u00fcn\u00fc ifade etti.<\/p>\n<p style=\"text-align: justify;\">B\u00f6lgedeki duruma ili\u015fkin geli\u015fmelere ili\u015fkin olarak,Enformasyon Bakan\u0131, \u0130srail i\u015fgal varl\u0131\u011f\u0131n\u0131n ve arkas\u0131ndaki Bat\u0131l\u0131 \u00fclkelerin, \u0130srail&#8217;in Gazze \u015eeridi&#8217;ne y\u00f6nelik devam eden ve a\u00e7\u0131k sald\u0131rganl\u0131\u011f\u0131 yoluyla Filistinlileri yeniden topraklar\u0131ndan \u00e7\u0131karmaya \u00e7al\u0131\u015ft\u0131\u011f\u0131n\u0131 vurgulad\u0131.<\/p>\n<p style=\"text-align: justify;\">Bakan Hallak, \u0130srail&#8217;in i\u015fgal alt\u0131ndaki Arap topraklar\u0131n\u0131 i\u015fgali kar\u015f\u0131s\u0131nda Suriye&#8217;nin direni\u015f se\u00e7ene\u011fini destekledi\u011fini ve desteklemeye devam etti\u011fini, Filistin davas\u0131n\u0131 ve Filistin halk\u0131n\u0131n haklar\u0131n\u0131 savundu\u011funu da dile getirdi.<\/p>\n<div id='gallery-1' class='gallery galleryid-290858 gallery-columns-2 gallery-size-medium'><figure class='gallery-item'>\n\t\t\t<div class='gallery-icon landscape'>\n\t\t\t\t<a href='https:\/\/archive.sana.sy\/tr\/?attachment_id=290862'><img loading=\"lazy\" decoding=\"async\" width=\"300\" height=\"231\" src=\"https:\/\/archive.sana.sy\/tr\/wp-content\/uploads\/2023\/10\/AMR_7811-300x231.jpg\" class=\"attachment-medium size-medium\" alt=\"\" srcset=\"https:\/\/archive.sana.sy\/tr\/wp-content\/uploads\/2023\/10\/AMR_7811-300x231.jpg 300w, https:\/\/archive.sana.sy\/tr\/wp-content\/uploads\/2023\/10\/AMR_7811.jpg 660w\" sizes=\"auto, (max-width: 300px) 100vw, 300px\" \/><\/a>\n\t\t\t<\/div><\/figure><figure class='gallery-item'>\n\t\t\t<div class='gallery-icon landscape'>\n\t\t\t\t<a href='https:\/\/archive.sana.sy\/tr\/?attachment_id=290863'><img loading=\"lazy\" decoding=\"async\" width=\"300\" height=\"208\" src=\"https:\/\/archive.sana.sy\/tr\/wp-content\/uploads\/2023\/10\/AMR_7803-300x208.jpg\" class=\"attachment-medium size-medium\" alt=\"\" srcset=\"https:\/\/archive.sana.sy\/tr\/wp-content\/uploads\/2023\/10\/AMR_7803-300x208.jpg 300w, https:\/\/archive.sana.sy\/tr\/wp-content\/uploads\/2023\/10\/AMR_7803-110x75.jpg 110w, https:\/\/archive.sana.sy\/tr\/wp-content\/uploads\/2023\/10\/AMR_7803.jpg 660w\" sizes=\"auto, (max-width: 300px) 100vw, 300px\" \/><\/a>\n\t\t\t<\/div><\/figure>\n\t\t<\/div>\n\n<p style=\"text-align: center;\"><strong><a href=\"https:\/\/t.me\/SuriyeArapHaberAjansI\">Telegram Kanal\u0131m\u0131z\u00a0<\/a>||<a href=\"https:\/\/twitter.com\/arap_ajans\">X Platformumuz<\/a><\/strong><a href=\"https:\/\/twitter.com\/arap_ajans\">\u00a0<\/a><strong>||<\/strong><strong><a href=\"https:\/\/www.facebook.com\/SANAHaberAjansi\/\">Facebook Sayfam\u0131z<\/a><\/strong><\/p>\n","protected":false},"excerpt":{"rendered":"<p>\u015eAM 25 EK\u0130M (SANA) &#8211; Enformasyon Bakan\u0131 Butrus Hallak, Bakanl\u0131\u011f\u0131n bu \u00e7al\u0131\u015fman\u0131n gerekliliklerine ayak uyduran yeni bir modern medya kanunu haz\u0131rlay\u0131p tasla\u011f\u0131 haz\u0131rlayarak medya \u00e7al\u0131\u015fma ortam\u0131n\u0131 geli\u015ftirmek i\u00e7in yo\u011fun bir \u015fekilde \u00e7al\u0131\u015ft\u0131\u011f\u0131n\u0131 vurgulayarak, medya kurumlar\u0131nda t\u00fcm \u00e7al\u0131\u015fanlar\u0131n haklar\u0131n\u0131 g\u00fcvence alt\u0131na alacak \u015fekilde hassasiyetle haz\u0131rland\u0131\u011f\u0131n\u0131 kaydetti. Enformasyon Bakan\u0131, El Vahda \u00a0Bas\u0131n, Bas\u0131m, Yay\u0131m ve Da\u011f\u0131t\u0131m Kurumu &hellip;<\/p>\n","protected":false},"author":41,"featured_media":290859,"comment_status":"closed","ping_status":"closed","sticky":false,"template":"","format":"standard","meta":{"footnotes":""},"categories":[479,17988,478],"tags":[40220],"class_list":["post-290858","post","type-post","status-publish","format-standard","has-post-thumbnail","","category-haberler-yerel","category-son-haberler","category-yerel","tag-hallak-enformasyon-bakanligi-medyanin-calisma-ortamini-gelistirmek-icin-yogun-sekilde-calisiyor"],"_links":{"self":[{"href":"https:\/\/archive.sana.sy\/tr\/index.php?rest_route=\/wp\/v2\/posts\/290858","targetHints":{"allow":["GET"]}}],"collection":[{"href":"https:\/\/archive.sana.sy\/tr\/index.php?rest_route=\/wp\/v2\/posts"}],"about":[{"href":"https:\/\/archive.sana.sy\/tr\/index.php?rest_route=\/wp\/v2\/types\/post"}],"author":[{"embeddable":true,"href":"https:\/\/archive.sana.sy\/tr\/index.php?rest_route=\/wp\/v2\/users\/41"}],"replies":[{"embeddable":true,"href":"https:\/\/archive.sana.sy\/tr\/index.php?rest_route=%2Fwp%2Fv2%2Fcomments&post=290858"}],"version-history":[{"count":1,"href":"https:\/\/archive.sana.sy\/tr\/index.php?rest_route=\/wp\/v2\/posts\/290858\/revisions"}],"predecessor-version":[{"id":290864,"href":"https:\/\/archive.sana.sy\/tr\/index.php?rest_route=\/wp\/v2\/posts\/290858\/revisions\/290864"}],"wp:featuredmedia":[{"embeddable":true,"href":"https:\/\/archive.sana.sy\/tr\/index.php?rest_route=\/wp\/v2\/media\/290859"}],"wp:attachment":[{"href":"https:\/\/archive.sana.sy\/tr\/index.php?rest_route=%2Fwp%2Fv2%2Fmedia&parent=290858"}],"wp:term":[{"taxonomy":"category","embeddable":true,"href":"https:\/\/archive.sana.sy\/tr\/index.php?rest_route=%2Fwp%2Fv2%2Fcategories&post=290858"},{"taxonomy":"post_tag","embeddable":true,"href":"https:\/\/archive.sana.sy\/tr\/index.php?rest_route=%2Fwp%2Fv2%2Ftags&post=290858"}],"curies":[{"name":"wp","href":"https:\/\/api.w.org\/{rel}","templated":true}]}}