{"id":29090,"date":"2015-04-09T21:08:50","date_gmt":"2015-04-09T18:08:50","guid":{"rendered":"http:\/\/www.sana.sy\/tr\/?p=29090"},"modified":"2015-04-10T19:37:27","modified_gmt":"2015-04-10T16:37:27","slug":"nusra-isid-islam-ordusu-ecnad-ve-tumen-arasinda-onlarca-terorist-olu-dusuruldu","status":"publish","type":"post","link":"https:\/\/archive.sana.sy\/tr\/?p=29090","title":{"rendered":"Nusra, I\u015e\u0130D, \u0130slam Ordusu, Ecnad, ve T\u00fcmen Aras\u0131nda Onlarca Ter\u00f6rist \u00d6l\u00fc D\u00fc\u015f\u00fcr\u00fcld\u00fc"},"content":{"rendered":"<p>\u0130LLER \u2013 Ordu ve silahl\u0131 kuvvetlerimizin ter\u00f6rle m\u00fccadelesi t\u00fcm h\u0131z\u0131yla s\u00fcrerken kiral\u0131k ve tekfiri ter\u00f6r \u00f6rg\u00fctlerinin muhtelif b\u00f6lgelerdeki h\u00fccre ve toplanma merkezleri imha edilirken, onlarca ter\u00f6rist \u00f6ld\u00fcr\u00fcld\u00fc.<\/p>\n<p><span style=\"color: #0000ff\">Ordu Birliklerimizi \u0130dlib ve K\u0131rsal\u0131nda Nusra Cephesi ve Ona Ba\u011fl\u0131 Ter\u00f6rist \u00d6rg\u00fctlerden Onlarca Ter\u00f6risti \u00d6l\u00fc D\u00fc\u015f\u00fcrd\u00fc<\/span><\/p>\n<p>Ordu ve silahl\u0131 kuvvetlerimize tabi kahraman birliklerimiz Nusra Cephesi ve onun \u015femsiyesi alt\u0131nda bulunan tekfiri ter\u00f6rist \u00f6rg\u00fctleri kovmak ve T\u00fcrkiye topraklar\u0131ndan gelen ikmal yollar\u0131n\u0131 kesmeye\u00a0 y\u00f6nelik operasyonlar\u0131n\u0131 s\u00fcrd\u00fcrd\u00fc.<\/p>\n<p>Askeri kaynak, SANA muhabirine a\u00e7\u0131klamas\u0131nda ordu birliklerimizin \u0130dlib ilinde Nusra Cephesi ve di\u011fer tekfiri ter\u00f6r \u00f6rg\u00fctleri ter\u00f6ristlerine y\u00f6nelik d\u00fczenledi\u011fi ba\u015far\u0131l\u0131 operasyonlar sonucunda onlarca ter\u00f6risti \u00f6l\u00fc d\u00fc\u015f\u00fcrd\u00fcklerini s\u00f6yledi.<\/p>\n<p>Kaynak, birliklerimizin ihvanc\u0131 Erdo\u011fan rejimi taraf\u0131ndan direkt destekle Bab el Hava s\u0131n\u0131r kap\u0131s\u0131 kanal\u0131yla muhtelif uyruklu ter\u00f6ristlerin s\u0131zd\u0131\u011f\u0131 Maar Tamsarin Beldesinde baz\u0131 ter\u00f6ristleri \u00f6ld\u00fcrd\u00fcklerine i\u015faret etti.<\/p>\n<p>Kaynak, bir ordu birli\u011fimizin Kefarlata Beldesinde ter\u00f6ristlere a\u011f\u0131r kay\u0131plar verdirdiklerini, Cebel el Erbain Da\u011f\u0131n\u0131 \u00e7evreleyen k\u00f6y ve belde ahalilerine sald\u0131r\u0131da kulland\u0131klar\u0131 cephane ve m\u00fchimmat\u0131 da imha etiklerini belirtti.<\/p>\n<p>Kaynak, Bzabur\u2019un bat\u0131s\u0131, Korin\u2019in kuzeyi ve Cebel el Zaviye\u2019ye ba\u011fl\u0131 Mer\u2019iyan\u2019da \u00c2l Suud rejimi taraf\u0131ndan destekli Nusra Cephesi, \u0130slami Ahrarul \u015eam Hareketi, ve Cund el Aksa ter\u00f6r \u00f6rg\u00fctlerinden onlarca ter\u00f6risti \u00f6l\u00fc d\u00fc\u015f\u00fcrd\u00fcklerini, ayn\u0131 zamanda da \u0130dlib\u2019in g\u00fcneyindeki el Temani\u2019a Beldesinde de \u00e7ok say\u0131da ter\u00f6risti \u00f6l\u00fc ve yaral\u0131 d\u00fc\u015f\u00fcrd\u00fcklerini s\u00f6yledi.<\/p>\n<p>Kaynak, Ebu el Duhur b\u00f6lgesi el Mecas K\u00f6y\u00fcnde tekfiri ter\u00f6ristlerin dahilinde korunduklar\u0131 baz\u0131 h\u00fccreleri imha ederek i\u00e7indeki ter\u00f6ristleri de \u00f6l\u00fc ve yaral\u0131 d\u00fc\u015f\u00fcrd\u00fcklerini ifade etti.<\/p>\n<p><span style=\"color: #0000ff\">Kunaytra K\u0131rsal\u0131nda Bir\u00e7ok Ter\u00f6rist \u00d6ld\u00fcr\u00fcld\u00fc<\/span><\/p>\n<p>Askeri kaynak; ordu birliklerimizin Kunaytra k\u0131rsal\u0131 el Hamidiye K\u00f6y\u00fcnde \u00e7ok say\u0131da ter\u00f6risti \u00f6l\u00fc ve yaral\u0131 d\u00fc\u015f\u00fcrd\u00fcklerini s\u00f6yledi.<\/p>\n<p><span style=\"color: #0000ff\"> Hama K\u0131rsal\u0131nda Ter\u00f6rist \u00d6rg\u00fct H\u00fccre ve Toplanma Merkezleri \u0130mha Edildi<\/span><\/p>\n<p>Askeri kaynak, hama k\u0131rsal\u0131nda uluslararas\u0131 ter\u00f6r listesinde bulunan Nusra Cephesi ve ona ba\u011fl\u0131 tekfiri ter\u00f6rist \u00f6rg\u00fctlerinin h\u00fccre ve toplanma merkezlerine y\u00f6nelik d\u00fczenledi\u011fi ba\u015far\u0131l\u0131 operasyonlar sonucunda onlarca ter\u00f6ristin \u00f6l\u00fc ve yaral\u0131 d\u00fc\u015f\u00fcr\u00fcld\u00fc\u011f\u00fcn\u00fc s\u00f6yledi.<\/p>\n<p>Kaynak SANA muhabirine a\u00e7\u0131klamas\u0131nda, birliklerimizin\u00a0 hama ili kuzeybat\u0131 k\u0131rsal\u0131ndaki el Ankavi K\u00f6y\u00fcnde ter\u00f6rist \u00f6rg\u00fctlerin h\u00fccrelerine y\u00f6nelik yo\u011fun sald\u0131r\u0131lar\u0131 sonucunda, Nusra Cephesi ter\u00f6r \u00f6rg\u00fct\u00fcne ait iki h\u00fccrenin yan\u0131 s\u0131ra bir ka\u00e7 ara\u00e7lar\u0131n\u0131n imha edildi\u011fini \u00e7ok say\u0131da ter\u00f6ristinin ve kiral\u0131klar\u0131n\u0131n \u00f6l\u00fc d\u00fc\u015f\u00fcr\u00fcld\u00fc\u011f\u00fcn\u00fc belirtti.<\/p>\n<p>Kaynak, Hama iline 80 km do\u011fusunda bulunan Um Meyyal K\u00f6y\u00fcnde tekfiri ter\u00f6r \u00f6rg\u00fctlerinin h\u00fccrelerine bask\u0131nlarda bulundu\u011funu s\u00f6yledi.<\/p>\n<p>Bu arada tekfiri ter\u00f6r \u00f6rg\u00fctleri sosyal payla\u015f\u0131m sitelerinde m\u00fchimmat bak\u0131m\u0131ndan a\u011f\u0131r kay\u0131plara u\u011frat\u0131ld\u0131klar\u0131n\u0131 ve saflar\u0131nda onlarca ter\u00f6ristin \u00f6ld\u00fc\u011f\u00fcn\u00fc itiraf etti.<\/p>\n<p>Hama kuzey k\u0131rsal\u0131nda ise askeri kaynak, ordu birliklerimizin \u0130dlib iline yak\u0131n b\u00f6lgelerde ter\u00f6r \u00f6rg\u00fctleri h\u00fccrelerine y\u00f6nelik ba\u015far\u0131l\u0131 operasyonlar d\u00fczenledi\u011fini, Latamneh ve Kefarzetta K\u00f6yleri \u00e7evresindeki Sekik K\u00f6y\u00fcnde \u00c2l Suud rejimi taraf\u0131ndan destekli Nusra Cephesi ve s\u00f6zde \u0130slami Ahrarul \u015eam Hareketi ter\u00f6r \u00f6rg\u00fctlerinden ter\u00f6ristlerin \u00f6l\u00fc d\u00fc\u015f\u00fcr\u00fcld\u00fc\u011f\u00fcn\u00fc s\u00f6yledi.<\/p>\n<p>Bu esnada SANA Hama muhabiri yerel kaynaklardan naklen, Selemiye do\u011fu k\u0131rsal\u0131ndaki Akareb K\u00f6y\u00fc ahalilerinin halk savunma gruplar\u0131yla birlikte d\u00fcn gece I\u015e\u0130D\u00a0 ter\u00f6ristlerinin k\u00f6ye s\u0131zma giri\u015fimlerini \u00e7\u00f6kerttiklerini baz\u0131 ter\u00f6ristleri \u00f6ld\u00fcrd\u00fcklerini geri kalan ter\u00f6ristleri de geri \u00e7ekilmeye ve Badiye\u2019ye do\u011fru firar etmelerine mecbur ettiklerini s\u00f6yledi.<\/p>\n<p><span style=\"color: #0000ff\">\u015eam K\u0131rsal\u0131nda \u00c7ok Say\u0131da Ter\u00f6rist \u00d6ld\u00fcr\u00fcld\u00fc<\/span><\/p>\n<p>Ordu birliklerimiz ayn\u0131 zamanda \u015eam k\u0131rsal\u0131n\u0131n g\u00fcneybat\u0131s\u0131 Sasa Beldesinin bat\u0131s\u0131nda y\u00fcksek say\u0131da ter\u00f6risti \u00f6l\u00fc ve yaral\u0131 d\u00fc\u015f\u00fcrd\u00fc.<\/p>\n<p><span style=\"color: #0000ff\">Halep\u2019te Ter\u00f6ristlerin S\u0131zma Giri\u015fimleri \u00c7\u00f6kertildi<\/span><\/p>\n<p>Askeri kaynak, ordu birliklerimizin eski Halep, Bab el Nasr ve Bab el Hadid\u2019ten Berrakiyyat el Ermen B\u00f6lgesine sald\u0131rmak i\u00e7in s\u0131zmaya \u00e7al\u0131\u015fan bir ter\u00f6r grubuyla girdi\u011fi \u00e7at\u0131\u015fma sonucunda ter\u00f6ristleri a\u011f\u0131r kay\u0131plara u\u011fratt\u0131.<\/p>\n<p><span style=\"color: #0000ff\">Haseke Bat\u0131 K\u0131rsal\u0131nda Onlarca I\u015e\u0130D Ter\u00f6risti \u00d6ld\u00fcr\u00fcld\u00fc<\/span><\/p>\n<p>Askeri kaynak, ordu birliklerimizin G\u00fcney tel Temr k\u0131rsal\u0131n\u0131n el Ovca, Tel \u015eameram ve el A\u011fabi\u015f K\u00f6ylerinde ordu birliklerimizin d\u00fczenledi\u011fi ba\u015far\u0131l\u0131 operasyonlar sonucunda I\u015e\u0130D ter\u00f6r \u00f6rg\u00fct\u00fcn\u00fcn a\u011f\u0131r kay\u0131plara u\u011frat\u0131ld\u0131\u011f\u0131n\u0131 s\u00f6yledi.<\/p>\n<p>Kaynak, operasyonlarda, I\u015e\u0130D ter\u00f6r \u00f6rg\u00fct\u00fcne ait ara\u00e7, silah ve cephanenin imha edildi\u011fini bunun yan\u0131nda, Tel \u015eameram, Tel H\u00fcrm\u00fcz, Tel Rumman, Tel Nasri, el A\u011fabi\u015f, Tuma Yelda ve el Haavuz k\u00f6ylerinde kiliseleri yakan ve onlarca kad\u0131n ve \u00e7ocu\u011fu ka\u00e7\u0131ran I\u015e\u0130D ter\u00f6r \u00f6rg\u00fct\u00fcnden onlarca ter\u00f6ristin \u00f6l\u00fc d\u00fc\u015f\u00fcr\u00fcld\u00fc\u011f\u00fcn\u00fc ifade etti.<\/p>\n<p><span style=\"color: #0000ff\">Homs K\u0131rsal\u0131nda Yuva ve K\u00fcmelenme Yerleri Hedef Al\u0131nd\u0131<\/span><\/p>\n<p>\u00d6te yandan ordu birliklerimiz Homs k\u0131rsal\u0131n\u0131n g\u00fcneybat\u0131s\u0131 Hisya Beldesinin g\u00fcneybat\u0131s\u0131na d\u00fc\u015fen Hurbet Beyt el A\u011fa K\u00f6y\u00fcnde \u00e7ok say\u0131da ter\u00f6risti \u00f6ld\u00fcr\u00fcp silah ve m\u00fchimmatlar\u0131n\u0131 da imha etti.<\/p>\n<p>Ordu birliklerimiz Homs k\u0131rsal\u0131 el Faside ve el Kedim k\u00f6ylerine ilaveten Cezl Petrol Platformunun do\u011fusunda I\u015e\u0130D\u2019e ait yuva ve toplanma yerlerini hedef almalar\u0131yla y\u00fcksek say\u0131da ter\u00f6risti \u00f6l\u00fc ve yaral\u0131 d\u00fc\u015ferek su\u00e7 edatlar\u0131n\u0131 imha etti.<\/p>\n<p>Homs k\u0131rsal\u0131n\u0131n do\u011fusu Mesade, Um Sahric, Sultaniye, el Salihiye ve Racm el Kasr k\u00f6y ve beldelerde ise ter\u00f6r \u00f6rg\u00fctlerin h\u00fccrelerine kar\u015f\u0131 nitelikli operasyonlar\u0131n\u0131 s\u00fcrd\u00fcren ordu birliklerimiz onlarca ter\u00f6risti \u00f6l\u00fc ve yaral\u0131 d\u00fc\u015f\u00fcrd\u00fc.<\/p>\n<p>Ordu birliklerimiz Homs k\u0131rsal\u0131 G\u00fcney M\u015feyrfe ve el Hriyce b\u00f6lgelerine ilaveten Um Sahric ve Ebu Havadit k\u00f6yleri aralar\u0131nda ter\u00f6r \u00f6rg\u00fctlerin toplanma yerleri ve mevkilerini hedef ald\u0131.<\/p>\n<p>Operasyonlarda Nusra Cephesi ve \u2018Ahrar el \u015eam \u0130slami Hareketi\u2019nin saflar\u0131nda \u00e7ok say\u0131da ter\u00f6rist \u00f6l\u00fc ve yaral\u0131 d\u00fc\u015f\u00fcr\u00fcl\u00fcp havzalar\u0131nda bulunan ara\u00e7, cephane ve silahlar\u0131n da imha edildi\u011fi bildirildi.<\/p>\n<p><span style=\"color: #0000ff\">Deyrezzor K\u0131rsal\u0131nda A\u011f\u0131r Silahla Donat\u0131lm\u0131\u015f Bir\u00e7ok Ara\u00e7 \u0130mha Edildi <\/span><\/p>\n<p>Askeri kaynak ordu birliklerimizin Deyrezzor k\u0131rsal\u0131 el Mureyiye b\u00f6lgesinin yan\u0131 s\u0131ra Deyrezzor \u2013 Muhasan yolu \u00fczerinde I\u015e\u0130D\u2019lilerin toplanma mevkilerini hedef ald\u0131klar\u0131n\u0131 belirtti. Kaynak operasyonlarda \u00e7ok say\u0131da ter\u00f6ristin \u00f6l\u00fc ve yaral\u0131 d\u00fc\u015f\u00fcr\u00fcl\u00fcp a\u011f\u0131r silahlarla donat\u0131lm\u0131\u015f bir\u00e7ok arac\u0131n da imha edildi\u011fini s\u00f6yledi.<\/p>\n<p>S.\u015e. &#8211; M.M. &#8211; R.H.<\/p>\n","protected":false},"excerpt":{"rendered":"<p>\u0130LLER \u2013 Ordu ve silahl\u0131 kuvvetlerimizin ter\u00f6rle m\u00fccadelesi t\u00fcm h\u0131z\u0131yla s\u00fcrerken kiral\u0131k ve tekfiri ter\u00f6r \u00f6rg\u00fctlerinin muhtelif b\u00f6lgelerdeki h\u00fccre ve toplanma merkezleri imha edilirken, onlarca ter\u00f6rist \u00f6ld\u00fcr\u00fcld\u00fc. Ordu Birliklerimizi \u0130dlib ve K\u0131rsal\u0131nda Nusra Cephesi ve Ona Ba\u011fl\u0131 Ter\u00f6rist \u00d6rg\u00fctlerden Onlarca Ter\u00f6risti \u00d6l\u00fc D\u00fc\u015f\u00fcrd\u00fc Ordu ve silahl\u0131 kuvvetlerimize tabi kahraman birliklerimiz Nusra Cephesi ve onun \u015femsiyesi &hellip;<\/p>\n","protected":false},"author":1,"featured_media":29121,"comment_status":"closed","ping_status":"closed","sticky":false,"template":"","format":"standard","meta":{"footnotes":""},"categories":[575],"tags":[13460,2318,13459,13458,13462,13461],"class_list":["post-29090","post","type-post","status-publish","format-standard","has-post-thumbnail","","category-olaylar-ve-gercekler","tag-ecnad","tag-isid","tag-islam-ordusu","tag-nusra","tag-onlarca-terorist-olduruldu","tag-ve-tumen-arasinda-onlarca-terorist-olu-dusuruldu-iller-ordu-ve-silahli-kuvvetlerimizin-terorle-mucadelesi-tum-hiziyla-surerken-kiralik-ve-tekfiri-teror-orgutlerinin-muhtelif-bolgelerdeki-huc"],"_links":{"self":[{"href":"https:\/\/archive.sana.sy\/tr\/index.php?rest_route=\/wp\/v2\/posts\/29090","targetHints":{"allow":["GET"]}}],"collection":[{"href":"https:\/\/archive.sana.sy\/tr\/index.php?rest_route=\/wp\/v2\/posts"}],"about":[{"href":"https:\/\/archive.sana.sy\/tr\/index.php?rest_route=\/wp\/v2\/types\/post"}],"author":[{"embeddable":true,"href":"https:\/\/archive.sana.sy\/tr\/index.php?rest_route=\/wp\/v2\/users\/1"}],"replies":[{"embeddable":true,"href":"https:\/\/archive.sana.sy\/tr\/index.php?rest_route=%2Fwp%2Fv2%2Fcomments&post=29090"}],"version-history":[{"count":0,"href":"https:\/\/archive.sana.sy\/tr\/index.php?rest_route=\/wp\/v2\/posts\/29090\/revisions"}],"wp:featuredmedia":[{"embeddable":true,"href":"https:\/\/archive.sana.sy\/tr\/index.php?rest_route=\/wp\/v2\/media\/29121"}],"wp:attachment":[{"href":"https:\/\/archive.sana.sy\/tr\/index.php?rest_route=%2Fwp%2Fv2%2Fmedia&parent=29090"}],"wp:term":[{"taxonomy":"category","embeddable":true,"href":"https:\/\/archive.sana.sy\/tr\/index.php?rest_route=%2Fwp%2Fv2%2Fcategories&post=29090"},{"taxonomy":"post_tag","embeddable":true,"href":"https:\/\/archive.sana.sy\/tr\/index.php?rest_route=%2Fwp%2Fv2%2Ftags&post=29090"}],"curies":[{"name":"wp","href":"https:\/\/api.w.org\/{rel}","templated":true}]}}