{"id":290916,"date":"2023-10-26T18:34:18","date_gmt":"2023-10-26T15:34:18","guid":{"rendered":"https:\/\/sana.sy\/tr\/?p=290916"},"modified":"2023-10-28T09:09:48","modified_gmt":"2023-10-28T06:09:48","slug":"cumhurbaskani-esad-disisleri-bakanliginda-kordiplomasi-uyeleriyle-bir-araya-geldi","status":"publish","type":"post","link":"https:\/\/archive.sana.sy\/tr\/?p=290916","title":{"rendered":"Cumhurba\u015fkan\u0131 Esad, D\u0131\u015fi\u015fleri Bakanl\u0131\u011f\u0131&#8217;nda Kordiplomasi \u00dcyeleriyle Bir Araya Geldi"},"content":{"rendered":"<p style=\"text-align: justify;\"><strong>\u015eAM 26 EK\u0130M (SANA)<\/strong> &#8211; Say\u0131n Cumhurba\u015fkan\u0131 Be\u015f\u015far Esad, D\u0131\u015fi\u015fleri Bakanl\u0131\u011f\u0131&#8217;ndaki kordiplomasi mensuplar\u0131ndan olu\u015fan geni\u015f bir grupla yapt\u0131\u011f\u0131 diyalogda g\u00fcncel siyasi ve askeri olaylar\u0131, mevcut ittifaklar\u0131 ve s\u00fcregelen \u00e7at\u0131\u015fmalar\u0131 tamamen siyasi perspektiften okumadan \u00f6nce tarihsel ba\u011flamlar\u0131na oturtmak i\u00e7in tarihten ve onun yans\u0131malar\u0131ndan yola \u00e7\u0131kt\u0131.<br \/>\n<img loading=\"lazy\" decoding=\"async\" class=\"size-full wp-image-290917 alignright\" src=\"http:\/\/sana.sy\/tr\/wp-content\/uploads\/2023\/10\/\u0645\u062f\u0627\u062e\u0644\u0627\u062a-7-300x147-1.jpg\" alt=\"\" width=\"300\" height=\"147\" \/><\/p>\n<p style=\"text-align: justify;\">Cumhurba\u015fkan\u0131 Esad, Bat\u0131 ve Amerika&#8217;y\u0131 \u00e7ifte standart temelinde i\u015f yapmakla su\u00e7laman\u0131n yanl\u0131\u015f oldu\u011funa dikkat \u00e7ekerken \u015fu ifadeleri kulland\u0131: &#8221;Bat\u0131 ve Amerika&#8217;n\u0131n politikalar\u0131nda tek bir standard\u0131 takip etti\u011fi do\u011frudur; o da di\u011fer halklar\u0131n ve \u00fclkelerin \u00e7\u0131karlar\u0131 pahas\u0131na kendi \u00e7\u0131karlar\u0131na y\u00f6nelik s\u00fcrekli \u00f6nyarg\u0131d\u0131r. Belki de Gazze&#8217;de bir sava\u015fa sahne olan b\u00f6lgemiz de dahil olmak \u00fczere d\u00fcnyan\u0131n pek \u00e7ok b\u00f6lgesinde \u00e7at\u0131\u015fmalar\u0131 alevlendiren en \u00f6nemli nedenlerden biri de bu \u00f6nyarg\u0131d\u0131r.&#8221;<img decoding=\"async\" class=\"alignright\" src=\"http:\/\/sana.sy\/wp-content\/uploads\/2023\/10\/23.10.26.MP-%D9%84%D9%82%D8%A7%D8%A1-%D8%A7%D9%84%D8%AF%D8%A8%D9%84%D9%88%D9%85%D8%A7%D8%B3%D9%8A%D9%8A%D9%86-25-300x200.jpg\" \/><\/p>\n<p style=\"text-align: justify;\">Cumhurba\u015fkan\u0131 Esad ayr\u0131ca, ge\u00e7ti\u011fimiz on y\u0131llardan bu yana Amerikan politikas\u0131n\u0131n \u00f6z\u00fcn\u00fcn, askeri gerilimi t\u0131rmand\u0131rmak ve kaos yaratmak oldu\u011funu ve bu politikay\u0131 yaln\u0131zca ahlaki d\u00fczeyde de\u011fil entelekt\u00fcel d\u00fczeyde de bir \u00e7\u00f6k\u00fc\u015f durumu ya\u015fayan Avrupa taraf\u0131ndan takip edildi\u011fini vurgularken, &#8221;Bunun kan\u0131t\u0131, Avrupal\u0131 \u200b\u200bpolitikac\u0131lardan her g\u00fcn duydu\u011fumuz bir yanda y\u00fczeysellik ve \u0131rk\u00e7\u0131l\u0131k, di\u011fer yanda iddia ve yalanlarla dolup ta\u015fan a\u00e7\u0131klamalar ve Avrupa \u00fclkelerinin Gazze&#8217;de olup bitenlerle ilgili medya arac\u0131l\u0131\u011f\u0131yla yay\u0131nlad\u0131klar\u0131 g\u00f6r\u00fc\u015flerdir&#8221; ifadelerini kulland\u0131.<\/p>\n<p style=\"text-align: justify;\">Bug\u00fcn Gazze&#8217;de ya\u015fananlar\u0131n, Filistin meselesini Arap vicdan\u0131 ve bilincindeki ger\u00e7ek yerine kavu\u015fturdu\u011funun alt\u0131n\u0131 \u00e7izen \u00a0Say\u0131n Cumhuhurba\u015fkan\u0131, Bat\u0131&#8217;n\u0131n b\u00f6lgedeki s\u00f6m\u00fcrge projesinin temel ta\u015f\u0131n\u0131 temsil eden \u201c\u0130srail\u201de mali, askeri ve lojistik destek sa\u011flamak i\u00e7in acele etti\u011fini de\u011ferlendirdi.<\/p>\n<p style=\"text-align: justify;\">Diplomatlar, siyaset ve siyasi d\u00fc\u015f\u00fcnceye ili\u015fkin \u00e7ok \u00e7e\u015fitli soru ve g\u00f6r\u00fc\u015fler sorarak, g\u00fcncel geli\u015fmeler \u0131\u015f\u0131\u011f\u0131nda diplomatik kurumun ve d\u0131\u015f misyonlar\u0131n rol\u00fcne de\u011findi.<\/p>\n<div id='gallery-1' class='gallery galleryid-290916 gallery-columns-1 gallery-size-full'><figure class='gallery-item'>\n\t\t\t<div class='gallery-icon landscape'>\n\t\t\t\t<a href='https:\/\/archive.sana.sy\/tr\/?attachment_id=290921'><img loading=\"lazy\" decoding=\"async\" width=\"1200\" height=\"737\" src=\"https:\/\/archive.sana.sy\/tr\/wp-content\/uploads\/2023\/10\/\u0645\u062f\u0627\u062e\u0644\u0627\u062a-6.jpg\" class=\"attachment-full size-full\" alt=\"\" srcset=\"https:\/\/archive.sana.sy\/tr\/wp-content\/uploads\/2023\/10\/\u0645\u062f\u0627\u062e\u0644\u0627\u062a-6.jpg 1200w, https:\/\/archive.sana.sy\/tr\/wp-content\/uploads\/2023\/10\/\u0645\u062f\u0627\u062e\u0644\u0627\u062a-6-300x184.jpg 300w, https:\/\/archive.sana.sy\/tr\/wp-content\/uploads\/2023\/10\/\u0645\u062f\u0627\u062e\u0644\u0627\u062a-6-1024x629.jpg 1024w, https:\/\/archive.sana.sy\/tr\/wp-content\/uploads\/2023\/10\/\u0645\u062f\u0627\u062e\u0644\u0627\u062a-6-768x472.jpg 768w\" sizes=\"auto, (max-width: 1200px) 100vw, 1200px\" \/><\/a>\n\t\t\t<\/div><\/figure><figure class='gallery-item'>\n\t\t\t<div class='gallery-icon landscape'>\n\t\t\t\t<a href='https:\/\/archive.sana.sy\/tr\/?attachment_id=290920'><img loading=\"lazy\" decoding=\"async\" width=\"1200\" height=\"693\" src=\"https:\/\/archive.sana.sy\/tr\/wp-content\/uploads\/2023\/10\/23.10.26.MP-\u0644\u0642\u0627\u0621-\u0627\u0644\u062f\u0628\u0644\u0648\u0645\u0627\u0633\u064a\u064a\u0646-32.jpg\" class=\"attachment-full size-full\" alt=\"\" srcset=\"https:\/\/archive.sana.sy\/tr\/wp-content\/uploads\/2023\/10\/23.10.26.MP-\u0644\u0642\u0627\u0621-\u0627\u0644\u062f\u0628\u0644\u0648\u0645\u0627\u0633\u064a\u064a\u0646-32.jpg 1200w, https:\/\/archive.sana.sy\/tr\/wp-content\/uploads\/2023\/10\/23.10.26.MP-\u0644\u0642\u0627\u0621-\u0627\u0644\u062f\u0628\u0644\u0648\u0645\u0627\u0633\u064a\u064a\u0646-32-300x173.jpg 300w, https:\/\/archive.sana.sy\/tr\/wp-content\/uploads\/2023\/10\/23.10.26.MP-\u0644\u0642\u0627\u0621-\u0627\u0644\u062f\u0628\u0644\u0648\u0645\u0627\u0633\u064a\u064a\u0646-32-1024x591.jpg 1024w, https:\/\/archive.sana.sy\/tr\/wp-content\/uploads\/2023\/10\/23.10.26.MP-\u0644\u0642\u0627\u0621-\u0627\u0644\u062f\u0628\u0644\u0648\u0645\u0627\u0633\u064a\u064a\u0646-32-768x444.jpg 768w\" sizes=\"auto, (max-width: 1200px) 100vw, 1200px\" \/><\/a>\n\t\t\t<\/div><\/figure>\n\t\t<\/div>\n\n<p style=\"text-align: justify;\"><a href=\"https:\/\/t.me\/SuriyeArapHaberAjansI\">Telegram Kanal\u0131m\u0131z\u00a0<\/a>||<a href=\"https:\/\/twitter.com\/arap_ajans\">X Platformumuz\u00a0<\/a>||<a href=\"https:\/\/www.facebook.com\/SANAHaberAjansi\/\">Facebook Sayfam\u0131z<\/a><\/p>\n","protected":false},"excerpt":{"rendered":"<p>\u015eAM 26 EK\u0130M (SANA) &#8211; Say\u0131n Cumhurba\u015fkan\u0131 Be\u015f\u015far Esad, D\u0131\u015fi\u015fleri Bakanl\u0131\u011f\u0131&#8217;ndaki kordiplomasi mensuplar\u0131ndan olu\u015fan geni\u015f bir grupla yapt\u0131\u011f\u0131 diyalogda g\u00fcncel siyasi ve askeri olaylar\u0131, mevcut ittifaklar\u0131 ve s\u00fcregelen \u00e7at\u0131\u015fmalar\u0131 tamamen siyasi perspektiften okumadan \u00f6nce tarihsel ba\u011flamlar\u0131na oturtmak i\u00e7in tarihten ve onun yans\u0131malar\u0131ndan yola \u00e7\u0131kt\u0131. Cumhurba\u015fkan\u0131 Esad, Bat\u0131 ve Amerika&#8217;y\u0131 \u00e7ifte standart temelinde i\u015f yapmakla su\u00e7laman\u0131n &hellip;<\/p>\n","protected":false},"author":1,"featured_media":290919,"comment_status":"closed","ping_status":"closed","sticky":false,"template":"","format":"standard","meta":{"footnotes":""},"categories":[606,605,17988],"tags":[38219,40229],"class_list":["post-290916","post","type-post","status-publish","format-standard","has-post-thumbnail","","category-cumhurbaskani","category-sayin-cumhurbaskani","category-son-haberler","tag-cumhurbaskani-esad","tag-disisleri-bakanliginda-kordiplomasi-uyeleriyle-bir-araya-geldi"],"_links":{"self":[{"href":"https:\/\/archive.sana.sy\/tr\/index.php?rest_route=\/wp\/v2\/posts\/290916","targetHints":{"allow":["GET"]}}],"collection":[{"href":"https:\/\/archive.sana.sy\/tr\/index.php?rest_route=\/wp\/v2\/posts"}],"about":[{"href":"https:\/\/archive.sana.sy\/tr\/index.php?rest_route=\/wp\/v2\/types\/post"}],"author":[{"embeddable":true,"href":"https:\/\/archive.sana.sy\/tr\/index.php?rest_route=\/wp\/v2\/users\/1"}],"replies":[{"embeddable":true,"href":"https:\/\/archive.sana.sy\/tr\/index.php?rest_route=%2Fwp%2Fv2%2Fcomments&post=290916"}],"version-history":[{"count":2,"href":"https:\/\/archive.sana.sy\/tr\/index.php?rest_route=\/wp\/v2\/posts\/290916\/revisions"}],"predecessor-version":[{"id":290923,"href":"https:\/\/archive.sana.sy\/tr\/index.php?rest_route=\/wp\/v2\/posts\/290916\/revisions\/290923"}],"wp:featuredmedia":[{"embeddable":true,"href":"https:\/\/archive.sana.sy\/tr\/index.php?rest_route=\/wp\/v2\/media\/290919"}],"wp:attachment":[{"href":"https:\/\/archive.sana.sy\/tr\/index.php?rest_route=%2Fwp%2Fv2%2Fmedia&parent=290916"}],"wp:term":[{"taxonomy":"category","embeddable":true,"href":"https:\/\/archive.sana.sy\/tr\/index.php?rest_route=%2Fwp%2Fv2%2Fcategories&post=290916"},{"taxonomy":"post_tag","embeddable":true,"href":"https:\/\/archive.sana.sy\/tr\/index.php?rest_route=%2Fwp%2Fv2%2Ftags&post=290916"}],"curies":[{"name":"wp","href":"https:\/\/api.w.org\/{rel}","templated":true}]}}