{"id":290944,"date":"2023-10-26T19:00:33","date_gmt":"2023-10-26T16:00:33","guid":{"rendered":"https:\/\/sana.sy\/tr\/?p=290944"},"modified":"2023-10-28T09:09:51","modified_gmt":"2023-10-28T06:09:51","slug":"hama-kirsalindaki-teror-saldirilarinda-3-vatandas-sehit-dustu-2-vatandas-yaralandi","status":"publish","type":"post","link":"https:\/\/archive.sana.sy\/tr\/?p=290944","title":{"rendered":"Hama K\u0131rsal\u0131ndaki Ter\u00f6r Sald\u0131r\u0131lar\u0131nda 3 Vatanda\u015f \u015eehit D\u00fc\u015ft\u00fc, 2 Vatanda\u015f Yaraland\u0131"},"content":{"rendered":"<p style=\"text-align: justify;\"><strong>HAMA 26 EK<\/strong><strong>\u0130M (SANA) <\/strong>&#8211; Hama k\u0131rsal\u0131n\u0131n El Rabiye kasabas\u0131nda yerle\u015fim yerlerini hedef alan insans\u0131z hava arac\u0131yla d\u00fczenlenen ter\u00f6r sald\u0131r\u0131s\u0131nda 3 vatanda\u015f \u015fehit oldu, 3 vatanda\u015f da yaraland\u0131.<\/p>\n<p style=\"text-align: justify;\">Hama Polis Komutanl\u0131\u011f\u0131&#8217;ndan bir kaynak \u015funlar\u0131 s\u00f6yledi: &#8221;\u0130dlib k\u0131rsal\u0131nda konu\u015flanan ter\u00f6r \u00f6rg\u00fctlerinin f\u0131rlatt\u0131\u011f\u0131 drone, Hama k\u0131rsal\u0131n\u0131n Al-Rabiah kasabas\u0131ndaki yerle\u015fim mahallelerine \u00e7ok say\u0131da top mermisi ile sald\u0131rd\u0131. Bu da 3 vatanda\u015f\u0131n \u00f6l\u00fcm\u00fcne, 2 vatanda\u015f\u0131n yaralanmas\u0131na ve maddi hasar\u0131n olu\u015fmas\u0131na yol a\u00e7t\u0131.&#8221;<\/p>\n<p style=\"text-align: left;\">Kaynak ayr\u0131ca, Ter\u00f6r \u00f6rg\u00fctleri ayr\u0131ca Hama&#8217;n\u0131n bat\u0131 k\u0131rsal\u0131ndaki Al-Ghab Ovas\u0131 b\u00f6lgesindeki Naour Shatha k\u00f6y\u00fcndeki yerle\u015fim mahallelerine de 3 roket at\u0131\u015f\u0131 yapt\u0131. \u00a0Bu da b\u00f6lge sakinlerinin ve kamu mal\u0131n\u0131n maddi hasara u\u011framas\u0131na neden oldu&#8221; ifadelerini a\u00e7\u0131klamas\u0131na ekledi.<\/p>\n<p><strong><a href=\"https:\/\/t.me\/SuriyeArapHaberAjansI\">Telegram Kanal\u0131m\u0131z\u00a0<\/a>||<a href=\"https:\/\/twitter.com\/arap_ajans\">X Platformumuz\u00a0<\/a>||<a href=\"https:\/\/www.facebook.com\/SANAHaberAjansi\/\">Facebook Sayfam\u0131z<\/a><\/strong><\/p>\n","protected":false},"excerpt":{"rendered":"<p>HAMA 26 EK\u0130M (SANA) &#8211; Hama k\u0131rsal\u0131n\u0131n El Rabiye kasabas\u0131nda yerle\u015fim yerlerini hedef alan insans\u0131z hava arac\u0131yla d\u00fczenlenen ter\u00f6r sald\u0131r\u0131s\u0131nda 3 vatanda\u015f \u015fehit oldu, 3 vatanda\u015f da yaraland\u0131. Hama Polis Komutanl\u0131\u011f\u0131&#8217;ndan bir kaynak \u015funlar\u0131 s\u00f6yledi: &#8221;\u0130dlib k\u0131rsal\u0131nda konu\u015flanan ter\u00f6r \u00f6rg\u00fctlerinin f\u0131rlatt\u0131\u011f\u0131 drone, Hama k\u0131rsal\u0131n\u0131n Al-Rabiah kasabas\u0131ndaki yerle\u015fim mahallelerine \u00e7ok say\u0131da top mermisi ile sald\u0131rd\u0131. Bu &hellip;<\/p>\n","protected":false},"author":1,"featured_media":290945,"comment_status":"closed","ping_status":"closed","sticky":false,"template":"","format":"standard","meta":{"footnotes":""},"categories":[479,575,17988,478],"tags":[40234,40233],"class_list":["post-290944","post","type-post","status-publish","format-standard","has-post-thumbnail","","category-haberler-yerel","category-olaylar-ve-gercekler","category-son-haberler","category-yerel","tag-2-vatandas-yaralandi","tag-hama-kirsalindaki-teror-saldirilarinda-3-vatandas-sehit-dustu"],"_links":{"self":[{"href":"https:\/\/archive.sana.sy\/tr\/index.php?rest_route=\/wp\/v2\/posts\/290944","targetHints":{"allow":["GET"]}}],"collection":[{"href":"https:\/\/archive.sana.sy\/tr\/index.php?rest_route=\/wp\/v2\/posts"}],"about":[{"href":"https:\/\/archive.sana.sy\/tr\/index.php?rest_route=\/wp\/v2\/types\/post"}],"author":[{"embeddable":true,"href":"https:\/\/archive.sana.sy\/tr\/index.php?rest_route=\/wp\/v2\/users\/1"}],"replies":[{"embeddable":true,"href":"https:\/\/archive.sana.sy\/tr\/index.php?rest_route=%2Fwp%2Fv2%2Fcomments&post=290944"}],"version-history":[{"count":2,"href":"https:\/\/archive.sana.sy\/tr\/index.php?rest_route=\/wp\/v2\/posts\/290944\/revisions"}],"predecessor-version":[{"id":290970,"href":"https:\/\/archive.sana.sy\/tr\/index.php?rest_route=\/wp\/v2\/posts\/290944\/revisions\/290970"}],"wp:featuredmedia":[{"embeddable":true,"href":"https:\/\/archive.sana.sy\/tr\/index.php?rest_route=\/wp\/v2\/media\/290945"}],"wp:attachment":[{"href":"https:\/\/archive.sana.sy\/tr\/index.php?rest_route=%2Fwp%2Fv2%2Fmedia&parent=290944"}],"wp:term":[{"taxonomy":"category","embeddable":true,"href":"https:\/\/archive.sana.sy\/tr\/index.php?rest_route=%2Fwp%2Fv2%2Fcategories&post=290944"},{"taxonomy":"post_tag","embeddable":true,"href":"https:\/\/archive.sana.sy\/tr\/index.php?rest_route=%2Fwp%2Fv2%2Ftags&post=290944"}],"curies":[{"name":"wp","href":"https:\/\/api.w.org\/{rel}","templated":true}]}}