{"id":290950,"date":"2023-10-26T23:00:41","date_gmt":"2023-10-26T20:00:41","guid":{"rendered":"https:\/\/sana.sy\/tr\/?p=290950"},"modified":"2023-10-28T09:09:57","modified_gmt":"2023-10-28T06:09:57","slug":"ordu-hama-ve-halep-kirsalinda-teror-orgutlerine-ait-cok-sayida-ihayi-vurarak-imha-etti","status":"publish","type":"post","link":"https:\/\/archive.sana.sy\/tr\/?p=290950","title":{"rendered":"Ordu, Hama Ve Halep K\u0131rsal\u0131nda Ter\u00f6r \u00d6rg\u00fctlerine Ait \u00c7ok Say\u0131da \u0130HA&#8217;y\u0131 Vurarak \u0130mha Etti"},"content":{"rendered":"<p style=\"text-align: justify;\"><strong>\u015eAM 26 EK\u0130M (SANA)<\/strong> &#8211; Hama ve Halep k\u0131rsal\u0131nda faaliyet g\u00f6steren Suriye Arap Ordusu birlikleri, ter\u00f6r \u00f6rg\u00fctlerinin g\u00fcvenli b\u00f6lgelere sald\u0131r\u0131 amac\u0131yla f\u0131rlatt\u0131\u011f\u0131 \u00e7ok say\u0131da \u0130HA&#8217;y\u0131 d\u00fc\u015f\u00fcrd\u00fc.<\/p>\n<p style=\"text-align: justify;\">Savunma Bakanl\u0131\u011f\u0131 internet sitesinde yapt\u0131\u011f\u0131 \u00a0a\u00e7\u0131klamada, &#8220;Silahl\u0131 kuvvetlerimize ba\u011fl\u0131 birimlerimiz, Hama ve Halep k\u0131rsal\u0131nda g\u00fcvenli sivilleri hedef alan 8 patlay\u0131c\u0131 mermi y\u00fckl\u00fc y\u00fcr\u00fcy\u00fc\u015f\u00fc imha edip d\u00fc\u015f\u00fcrmeyi ba\u015fard\u0131&#8221; dedi.<\/p>\n<p style=\"text-align: justify;\">Hama k\u0131rsal\u0131n\u0131n El Rabiye kasabas\u0131nda ter\u00f6r \u00f6rg\u00fctlerinin insans\u0131z hava arac\u0131yla f\u0131rlatt\u0131\u011f\u0131 ter\u00f6r sald\u0131r\u0131s\u0131 sonucu bug\u00fcn erken saatlerde 3 vatanda\u015f \u015fehit oldu, 2 vatanda\u015f da yaraland\u0131.<\/p>\n<p><strong><a href=\"https:\/\/t.me\/SuriyeArapHaberAjansI\">Telegram Kanal\u0131m\u0131z\u00a0<\/a>||<a href=\"https:\/\/twitter.com\/arap_ajans\">X Platformumuz\u00a0<\/a>||<a href=\"https:\/\/www.facebook.com\/SANAHaberAjansi\/\">Facebook Sayfam\u0131z<\/a><\/strong><\/p>\n","protected":false},"excerpt":{"rendered":"<p>\u015eAM 26 EK\u0130M (SANA) &#8211; Hama ve Halep k\u0131rsal\u0131nda faaliyet g\u00f6steren Suriye Arap Ordusu birlikleri, ter\u00f6r \u00f6rg\u00fctlerinin g\u00fcvenli b\u00f6lgelere sald\u0131r\u0131 amac\u0131yla f\u0131rlatt\u0131\u011f\u0131 \u00e7ok say\u0131da \u0130HA&#8217;y\u0131 d\u00fc\u015f\u00fcrd\u00fc. Savunma Bakanl\u0131\u011f\u0131 internet sitesinde yapt\u0131\u011f\u0131 \u00a0a\u00e7\u0131klamada, &#8220;Silahl\u0131 kuvvetlerimize ba\u011fl\u0131 birimlerimiz, Hama ve Halep k\u0131rsal\u0131nda g\u00fcvenli sivilleri hedef alan 8 patlay\u0131c\u0131 mermi y\u00fckl\u00fc y\u00fcr\u00fcy\u00fc\u015f\u00fc imha edip d\u00fc\u015f\u00fcrmeyi ba\u015fard\u0131&#8221; dedi. Hama &hellip;<\/p>\n","protected":false},"author":1,"featured_media":290951,"comment_status":"closed","ping_status":"closed","sticky":false,"template":"","format":"standard","meta":{"footnotes":""},"categories":[479,575,17988,478],"tags":[],"class_list":["post-290950","post","type-post","status-publish","format-standard","has-post-thumbnail","","category-haberler-yerel","category-olaylar-ve-gercekler","category-son-haberler","category-yerel"],"_links":{"self":[{"href":"https:\/\/archive.sana.sy\/tr\/index.php?rest_route=\/wp\/v2\/posts\/290950","targetHints":{"allow":["GET"]}}],"collection":[{"href":"https:\/\/archive.sana.sy\/tr\/index.php?rest_route=\/wp\/v2\/posts"}],"about":[{"href":"https:\/\/archive.sana.sy\/tr\/index.php?rest_route=\/wp\/v2\/types\/post"}],"author":[{"embeddable":true,"href":"https:\/\/archive.sana.sy\/tr\/index.php?rest_route=\/wp\/v2\/users\/1"}],"replies":[{"embeddable":true,"href":"https:\/\/archive.sana.sy\/tr\/index.php?rest_route=%2Fwp%2Fv2%2Fcomments&post=290950"}],"version-history":[{"count":2,"href":"https:\/\/archive.sana.sy\/tr\/index.php?rest_route=\/wp\/v2\/posts\/290950\/revisions"}],"predecessor-version":[{"id":290971,"href":"https:\/\/archive.sana.sy\/tr\/index.php?rest_route=\/wp\/v2\/posts\/290950\/revisions\/290971"}],"wp:featuredmedia":[{"embeddable":true,"href":"https:\/\/archive.sana.sy\/tr\/index.php?rest_route=\/wp\/v2\/media\/290951"}],"wp:attachment":[{"href":"https:\/\/archive.sana.sy\/tr\/index.php?rest_route=%2Fwp%2Fv2%2Fmedia&parent=290950"}],"wp:term":[{"taxonomy":"category","embeddable":true,"href":"https:\/\/archive.sana.sy\/tr\/index.php?rest_route=%2Fwp%2Fv2%2Fcategories&post=290950"},{"taxonomy":"post_tag","embeddable":true,"href":"https:\/\/archive.sana.sy\/tr\/index.php?rest_route=%2Fwp%2Fv2%2Ftags&post=290950"}],"curies":[{"name":"wp","href":"https:\/\/api.w.org\/{rel}","templated":true}]}}