{"id":291041,"date":"2023-10-29T13:34:52","date_gmt":"2023-10-29T10:34:52","guid":{"rendered":"https:\/\/sana.sy\/tr\/?p=291041"},"modified":"2023-10-30T08:18:21","modified_gmt":"2023-10-30T05:18:21","slug":"isgalci-gazze-seridine-yonelik-fasist-saldirganligi-23-gununde-surduruyor-100den-fazla-sehit-ve-onlarca-yarali","status":"publish","type":"post","link":"https:\/\/archive.sana.sy\/tr\/?p=291041","title":{"rendered":"\u0130\u015fgalci \u0130srail, Gazze \u015eeridi&#8217;ne Y\u00f6nelik Fa\u015fist Sald\u0131rganl\u0131\u011f\u0131 23. G\u00fcn\u00fcnde S\u00fcrd\u00fcr\u00fcyor&#8230; 100&#8217;den Fazla \u015eehit Ve Onlarca Yaral\u0131"},"content":{"rendered":"<p style=\"text-align: justify;\"><strong>\u0130\u015eGAL ED\u0130LEN KUD\u00dcS 28 EK\u0130M (SANA)<\/strong> &#8211; Fa\u015fist \u0130srail i\u015fgalinin ku\u015fatma alt\u0131ndaki Gazze \u015eeridi&#8217;ne y\u00f6nelik yirmi \u00fc\u00e7\u00fcnc\u00fc g\u00fcn\u00fcnde de devam eden sald\u0131r\u0131lar\u0131 sonucunda bug\u00fcn 100&#8217;den fazla Filistinli \u015fehit oldu, onlarcas\u0131 da yaraland\u0131.<\/p>\n<p style=\"text-align: justify;\">Sald\u0131rganl\u0131k ayn\u0131 zamanda yerle\u015fim yerlerinde b\u00fcy\u00fck y\u0131k\u0131ma ve insani ko\u015fullar\u0131n feci \u015fekilde k\u00f6t\u00fcle\u015fmesine yol a\u00e7t\u0131.<\/p>\n<p style=\"text-align: justify;\">Wafa Ajans\u0131, \u2018\u2019ge\u00e7ti\u011fimiz saatlerde i\u015fgal u\u00e7aklar\u0131n\u0131n Bat\u0131 \u015eeria&#8217;n\u0131n \u00e7e\u015fitli b\u00f6lgelerindeki Filistinlilerin evlerine a\u011f\u0131r bask\u0131nlar d\u00fczenledi\u011fini, bunun 90&#8217;dan fazla Filistinlinin \u00f6l\u00fcm\u00fcne ve onlarcas\u0131n\u0131n yaralanmas\u0131na yol a\u00e7t\u0131\u011f\u0131n\u0131 bildirdi.<\/p>\n<p style=\"text-align: justify;\">\u0130\u015fgal u\u00e7aklar\u0131 Gazze \u015eeridi&#8217;nin kuzeyindeki Cebeliye kamp\u0131nda 110 evi bombalayarak en az 45 Filistinlinin \u00f6l\u00fcm\u00fcne ve di\u011ferlerinin de yaralanmas\u0131na yol a\u00e7t\u0131.<\/p>\n<p style=\"text-align: justify;\">Ayr\u0131ca Gazze \u015eeridi&#8217;nin kuzeyindeki Bir El Neca b\u00f6lgesinde bir yerle\u015fim meydan\u0131 ile Gazze \u015eeridi&#8217;nin merkezindeki Bureij ve Nuseyrat kamplar\u0131 ile bat\u0131s\u0131ndaki \u015eati kamp\u0131ndaki evleri de yok etti. \u00a0Bu durum onlarca ki\u015finin \u00f6l\u00fcm\u00fcne ve baz\u0131lar\u0131n\u0131n da yaralanmas\u0131na yol a\u00e7t\u0131; bunlar\u0131n bir k\u0131sm\u0131 h\u00e2l\u00e2 enkaz alt\u0131nda.<\/p>\n<p style=\"text-align: justify;\">\u0130\u015fgal sava\u015f gemileri ve toplar\u0131 Gazze \u015eeridi&#8217;nin \u00e7e\u015fitli b\u00f6lgelerini hedef ald\u0131.<\/p>\n<p style=\"text-align: center;\"><strong><a href=\"https:\/\/t.me\/SuriyeArapHaberAjansI\">Telegram Kanal\u0131m\u0131z\u00a0<\/a><span style=\"color: #ff0000;\">||<\/span><a href=\"https:\/\/twitter.com\/arap_ajans\">X Platformumuz\u00a0<\/a><span style=\"color: #ff0000;\">||<\/span><a href=\"https:\/\/www.facebook.com\/SANAHaberAjansi\/\">Facebook Sayfam\u0131z<\/a><\/strong><\/p>\n","protected":false},"excerpt":{"rendered":"<p>\u0130\u015eGAL ED\u0130LEN KUD\u00dcS 28 EK\u0130M (SANA) &#8211; Fa\u015fist \u0130srail i\u015fgalinin ku\u015fatma alt\u0131ndaki Gazze \u015eeridi&#8217;ne y\u00f6nelik yirmi \u00fc\u00e7\u00fcnc\u00fc g\u00fcn\u00fcnde de devam eden sald\u0131r\u0131lar\u0131 sonucunda bug\u00fcn 100&#8217;den fazla Filistinli \u015fehit oldu, onlarcas\u0131 da yaraland\u0131. Sald\u0131rganl\u0131k ayn\u0131 zamanda yerle\u015fim yerlerinde b\u00fcy\u00fck y\u0131k\u0131ma ve insani ko\u015fullar\u0131n feci \u015fekilde k\u00f6t\u00fcle\u015fmesine yol a\u00e7t\u0131. Wafa Ajans\u0131, \u2018\u2019ge\u00e7ti\u011fimiz saatlerde i\u015fgal u\u00e7aklar\u0131n\u0131n Bat\u0131 \u015eeria&#8217;n\u0131n &hellip;<\/p>\n","protected":false},"author":41,"featured_media":291042,"comment_status":"closed","ping_status":"closed","sticky":false,"template":"","format":"standard","meta":{"footnotes":""},"categories":[458,459,17988],"tags":[40252],"class_list":["post-291041","post","type-post","status-publish","format-standard","has-post-thumbnail","","category-dunya1","category-haberler-arap-uluslararasi-politika","category-son-haberler","tag-isgalci-gazze-seridine-yonelik-fasist-saldirganligi-23-gununde-surduruyor-100den-fazla-sehit-ve-onlarca-yarali"],"_links":{"self":[{"href":"https:\/\/archive.sana.sy\/tr\/index.php?rest_route=\/wp\/v2\/posts\/291041","targetHints":{"allow":["GET"]}}],"collection":[{"href":"https:\/\/archive.sana.sy\/tr\/index.php?rest_route=\/wp\/v2\/posts"}],"about":[{"href":"https:\/\/archive.sana.sy\/tr\/index.php?rest_route=\/wp\/v2\/types\/post"}],"author":[{"embeddable":true,"href":"https:\/\/archive.sana.sy\/tr\/index.php?rest_route=\/wp\/v2\/users\/41"}],"replies":[{"embeddable":true,"href":"https:\/\/archive.sana.sy\/tr\/index.php?rest_route=%2Fwp%2Fv2%2Fcomments&post=291041"}],"version-history":[{"count":2,"href":"https:\/\/archive.sana.sy\/tr\/index.php?rest_route=\/wp\/v2\/posts\/291041\/revisions"}],"predecessor-version":[{"id":291044,"href":"https:\/\/archive.sana.sy\/tr\/index.php?rest_route=\/wp\/v2\/posts\/291041\/revisions\/291044"}],"wp:featuredmedia":[{"embeddable":true,"href":"https:\/\/archive.sana.sy\/tr\/index.php?rest_route=\/wp\/v2\/media\/291042"}],"wp:attachment":[{"href":"https:\/\/archive.sana.sy\/tr\/index.php?rest_route=%2Fwp%2Fv2%2Fmedia&parent=291041"}],"wp:term":[{"taxonomy":"category","embeddable":true,"href":"https:\/\/archive.sana.sy\/tr\/index.php?rest_route=%2Fwp%2Fv2%2Fcategories&post=291041"},{"taxonomy":"post_tag","embeddable":true,"href":"https:\/\/archive.sana.sy\/tr\/index.php?rest_route=%2Fwp%2Fv2%2Ftags&post=291041"}],"curies":[{"name":"wp","href":"https:\/\/api.w.org\/{rel}","templated":true}]}}