{"id":291060,"date":"2023-10-29T15:00:54","date_gmt":"2023-10-29T12:00:54","guid":{"rendered":"https:\/\/sana.sy\/tr\/?p=291060"},"modified":"2023-10-30T08:18:32","modified_gmt":"2023-10-30T05:18:32","slug":"gazze-medya-ofisi-isgalin-gerceklestirdigi-soykirimi-durdurmak-icin-herkesi-hizli-hareket-etmeye-cagiriyoruz","status":"publish","type":"post","link":"https:\/\/archive.sana.sy\/tr\/?p=291060","title":{"rendered":"Gazze Medya Ofisi: \u0130\u015fgalin Ger\u00e7ekle\u015ftirdi\u011fi Soyk\u0131r\u0131m\u0131 Durdurmak \u0130\u00e7in Herkesi H\u0131zl\u0131 Hareket Etmeye \u00c7a\u011f\u0131r\u0131yoruz"},"content":{"rendered":"<p style=\"text-align: justify;\"><strong>\u0130\u015eGAL ED\u0130LEN KUD\u00dcS 29 EK\u0130M (SANA)<\/strong> &#8211; Gazze Medya Ofisi, Nazi \u0130srail i\u015fgalinin ku\u015fatma alt\u0131ndaki Gazze \u015eeridi halk\u0131na kar\u015f\u0131 ger\u00e7ekle\u015ftirdi\u011fi ve 23 g\u00fcnd\u00fcr devam eden Holokost&#8217;a kar\u015f\u0131 uluslararas\u0131 fikir birli\u011finin artt\u0131\u011f\u0131n\u0131 vurgulayarak, \u00fcm \u00fclkeleri ve kurumlar\u0131 bu katliam\u0131 durdurmak i\u00e7in h\u0131zl\u0131 hareket etmeye ve \u00e7ok ge\u00e7 olmadan sekt\u00f6re t\u00fcm hizmet ve insani ihtiya\u00e7lar\u0131 sa\u011flamaya \u00e7a\u011f\u0131rd\u0131.<\/p>\n<p style=\"text-align: justify;\">Filistin medyas\u0131, ofisin bug\u00fcn yapt\u0131\u011f\u0131 a\u00e7\u0131klamada \u015funlar\u0131 s\u00f6yledi\u011fini aktard\u0131: \u2018\u2019Nazi \u0130srail i\u015fgalinin Gazze \u015eeridi&#8217;ndeki halk\u0131m\u0131za kar\u015f\u0131 ger\u00e7ekle\u015ftirdi\u011fi 23 g\u00fcn s\u00fcren Holokost&#8217;a kar\u015f\u0131 uluslararas\u0131 tutumlar ve uluslararas\u0131 sesler y\u00fckseliyor. Sonuncusu, Birle\u015fmi\u015f Milletler \u0130nsan Haklar\u0131 Raport\u00f6r\u00fc Francesca Albanese&#8217;nin &#8220;\u0130srail&#8217;in i\u015fledi\u011fi su\u00e7lar sava\u015f su\u00e7udur ve insanl\u0131\u011fa kar\u015f\u0131 su\u00e7 te\u015fkil etmektedir&#8221; a\u00e7\u0131klamas\u0131yd\u0131.\u2019\u2019<\/p>\n<p style=\"text-align: justify;\">Medya ofisi ayr\u0131ca, &#8220;Bu uluslararas\u0131 fikir birli\u011fi &#8211; i\u015fgalcinin su\u00e7una ortak olmakta \u0131srar eden baz\u0131 anormal sesler hari\u00e7 &#8211; ac\u0131 \u00e7eken insani ger\u00e7ekli\u011fi anlatmaktan Holokost&#8217;u durdurma karar\u0131 alma cesaretine ge\u00e7meyi gerektiriyor&#8221; ifadelerini s\u00f6zlerine ekledi.<\/p>\n<p style=\"text-align: justify;\">Medya ofisi a\u00e7\u0131klamas\u0131nda da, Holokost&#8217;un ba\u015flang\u0131c\u0131ndan bu yana sergilenen \u00e7ekingen uluslararas\u0131 tutumun, i\u015fgalin su\u00e7lar\u0131n\u0131 s\u00fcrd\u00fcrmesi i\u00e7in \u00fcst\u00fc kapal\u0131 bir te\u015fvik olu\u015fturdu\u011funu ve i\u015fgalin t\u00fcm bu katliamlardan sorumlu tutulamayaca\u011f\u0131 veya sorumlu tutulmayaca\u011f\u0131 konusunda g\u00fcven olu\u015fturdu\u011funu ifade etti.<\/p>\n<p style=\"text-align: justify;\">23&#8217;\u00fcnc\u00fc g\u00fcn\u00fcnde ya\u015fanan Holokost&#8217;un, i\u015fgalcilerin 1956&#8217;da ger\u00e7ekle\u015ftirdi\u011fi ve yar\u0131s\u0131 \u00e7ocuk 50 Filistinlinin \u00f6ld\u00fcr\u00fcld\u00fc\u011f\u00fc Kafr Kas\u0131m katliam\u0131n\u0131n y\u0131l d\u00f6n\u00fcm\u00fcne denk geldi\u011fini belirten Meyda Ofisi, tarihle bu kronolojik \u00f6rt\u00fc\u015fmenin ve ayn\u0131 katliamlar\u0131n tekrarlanmas\u0131n\u0131n, \u00e7ocuklar\u0131 \u00f6ld\u00fcren bu i\u015fgal devam etti\u011fi s\u00fcrece bu topraklar\u0131n huzur ve istikrara kavu\u015famayaca\u011f\u0131n\u0131 kan\u0131tlad\u0131\u011f\u0131n\u0131 a\u00e7\u0131klad\u0131.<\/p>\n<p style=\"text-align: center;\"><strong><a href=\"https:\/\/t.me\/SuriyeArapHaberAjansI\">Telegram Kanal\u0131m\u0131z\u00a0<\/a><span style=\"color: #ff0000;\">||<\/span><a href=\"https:\/\/twitter.com\/arap_ajans\">X Platformumuz\u00a0<\/a><span style=\"color: #ff0000;\">||<\/span><a href=\"https:\/\/www.facebook.com\/SANAHaberAjansi\/\">Facebook Sayfam\u0131z<\/a><\/strong><\/p>\n","protected":false},"excerpt":{"rendered":"<p>\u0130\u015eGAL ED\u0130LEN KUD\u00dcS 29 EK\u0130M (SANA) &#8211; Gazze Medya Ofisi, Nazi \u0130srail i\u015fgalinin ku\u015fatma alt\u0131ndaki Gazze \u015eeridi halk\u0131na kar\u015f\u0131 ger\u00e7ekle\u015ftirdi\u011fi ve 23 g\u00fcnd\u00fcr devam eden Holokost&#8217;a kar\u015f\u0131 uluslararas\u0131 fikir birli\u011finin artt\u0131\u011f\u0131n\u0131 vurgulayarak, \u00fcm \u00fclkeleri ve kurumlar\u0131 bu katliam\u0131 durdurmak i\u00e7in h\u0131zl\u0131 hareket etmeye ve \u00e7ok ge\u00e7 olmadan sekt\u00f6re t\u00fcm hizmet ve insani ihtiya\u00e7lar\u0131 sa\u011flamaya \u00e7a\u011f\u0131rd\u0131. &hellip;<\/p>\n","protected":false},"author":41,"featured_media":291061,"comment_status":"closed","ping_status":"closed","sticky":false,"template":"","format":"standard","meta":{"footnotes":""},"categories":[458,459,17988],"tags":[40259],"class_list":["post-291060","post","type-post","status-publish","format-standard","has-post-thumbnail","","category-dunya1","category-haberler-arap-uluslararasi-politika","category-son-haberler","tag-gazze-medya-ofisi-isgalin-gerceklestirdigi-soykirimi-durdurmak-icin-herkesi-hizli-hareket-etmeye-cagiriyoruz"],"_links":{"self":[{"href":"https:\/\/archive.sana.sy\/tr\/index.php?rest_route=\/wp\/v2\/posts\/291060","targetHints":{"allow":["GET"]}}],"collection":[{"href":"https:\/\/archive.sana.sy\/tr\/index.php?rest_route=\/wp\/v2\/posts"}],"about":[{"href":"https:\/\/archive.sana.sy\/tr\/index.php?rest_route=\/wp\/v2\/types\/post"}],"author":[{"embeddable":true,"href":"https:\/\/archive.sana.sy\/tr\/index.php?rest_route=\/wp\/v2\/users\/41"}],"replies":[{"embeddable":true,"href":"https:\/\/archive.sana.sy\/tr\/index.php?rest_route=%2Fwp%2Fv2%2Fcomments&post=291060"}],"version-history":[{"count":1,"href":"https:\/\/archive.sana.sy\/tr\/index.php?rest_route=\/wp\/v2\/posts\/291060\/revisions"}],"predecessor-version":[{"id":291062,"href":"https:\/\/archive.sana.sy\/tr\/index.php?rest_route=\/wp\/v2\/posts\/291060\/revisions\/291062"}],"wp:featuredmedia":[{"embeddable":true,"href":"https:\/\/archive.sana.sy\/tr\/index.php?rest_route=\/wp\/v2\/media\/291061"}],"wp:attachment":[{"href":"https:\/\/archive.sana.sy\/tr\/index.php?rest_route=%2Fwp%2Fv2%2Fmedia&parent=291060"}],"wp:term":[{"taxonomy":"category","embeddable":true,"href":"https:\/\/archive.sana.sy\/tr\/index.php?rest_route=%2Fwp%2Fv2%2Fcategories&post=291060"},{"taxonomy":"post_tag","embeddable":true,"href":"https:\/\/archive.sana.sy\/tr\/index.php?rest_route=%2Fwp%2Fv2%2Ftags&post=291060"}],"curies":[{"name":"wp","href":"https:\/\/api.w.org\/{rel}","templated":true}]}}