{"id":291063,"date":"2023-10-29T15:06:52","date_gmt":"2023-10-29T12:06:52","guid":{"rendered":"https:\/\/sana.sy\/tr\/?p=291063"},"modified":"2023-11-01T08:16:06","modified_gmt":"2023-11-01T05:16:06","slug":"guterres-gazzedeki-durum-insani-bir-felakettir","status":"publish","type":"post","link":"https:\/\/archive.sana.sy\/tr\/?p=291063","title":{"rendered":"Guterres: Gazze&#8217;deki Durum \u0130nsani Bir Felakettir"},"content":{"rendered":"<p style=\"text-align: justify;\"><strong>KATMANDU 29 EK\u0130M (SANA)<\/strong> &#8211; Birle\u015fmi\u015f Milletler Genel Sekreteri Ant\u00f3nio Guterres, Gazze \u015eeridi&#8217;ndeki durumun h\u0131zla k\u00f6t\u00fcle\u015fti\u011fi uyar\u0131s\u0131nda bulunarak, &#8220;\u00f6len ve yaralanan sivil say\u0131s\u0131n\u0131n kabul edilemez oldu\u011funu&#8221; vurgulad\u0131.<\/p>\n<p style=\"text-align: justify;\">Agence France-Presse&#8217;ye g\u00f6re, bug\u00fcn Nepal&#8217;in ba\u015fkenti Katmandu&#8217;ya yapt\u0131\u011f\u0131 ziyarette Guterres \u015funlar\u0131 s\u00f6yledi: \u201cD\u00fcnya bizim g\u00f6zetimimiz alt\u0131nda ya\u015fanan bir insani felakete tan\u0131k oluyor ve Gazze&#8217;deki durum her ge\u00e7en saat daha da umutsuz hale geliyor. G\u0131da, su, bar\u0131nma ve t\u0131bbi bak\u0131m gibi temel ya\u015famsal ihtiya\u00e7lardan mahrum kalan, gidecek g\u00fcvenli bir yeri olmayan ve s\u00fcrekli bombard\u0131mana maruz kalan iki milyondan fazla insan var.T\u00fcm sorumlular\u0131 u\u00e7urumun e\u015fi\u011finden \u00e7ekilmeye \u00e7a\u011f\u0131r\u0131yorum.&#8221;<\/p>\n<p style=\"text-align: justify;\">\u0130srail&#8217;in acil ihtiya\u00e7 nedeniyle uluslararas\u0131 toplum taraf\u0131ndan desteklenen insani ate\u015fkes ilan etmek yerine askeri operasyonlar\u0131n\u0131 yo\u011funla\u015ft\u0131rmas\u0131ndan duydu\u011fu \u00fcz\u00fcnt\u00fcy\u00fc dile getirdi.<\/p>\n<p style=\"text-align: center;\"><strong><a href=\"https:\/\/t.me\/SuriyeArapHaberAjansI\">Telegram Kanal\u0131m\u0131z\u00a0<\/a><span style=\"color: #ff0000;\">||<\/span><a href=\"https:\/\/twitter.com\/arap_ajans\">X Platformumuz\u00a0<\/a><span style=\"color: #ff0000;\">||<\/span><a href=\"https:\/\/www.facebook.com\/SANAHaberAjansi\/\">Facebook Sayfam\u0131z<\/a><\/strong><\/p>\n","protected":false},"excerpt":{"rendered":"<p>KATMANDU 29 EK\u0130M (SANA) &#8211; Birle\u015fmi\u015f Milletler Genel Sekreteri Ant\u00f3nio Guterres, Gazze \u015eeridi&#8217;ndeki durumun h\u0131zla k\u00f6t\u00fcle\u015fti\u011fi uyar\u0131s\u0131nda bulunarak, &#8220;\u00f6len ve yaralanan sivil say\u0131s\u0131n\u0131n kabul edilemez oldu\u011funu&#8221; vurgulad\u0131. Agence France-Presse&#8217;ye g\u00f6re, bug\u00fcn Nepal&#8217;in ba\u015fkenti Katmandu&#8217;ya yapt\u0131\u011f\u0131 ziyarette Guterres \u015funlar\u0131 s\u00f6yledi: \u201cD\u00fcnya bizim g\u00f6zetimimiz alt\u0131nda ya\u015fanan bir insani felakete tan\u0131k oluyor ve Gazze&#8217;deki durum her ge\u00e7en saat &hellip;<\/p>\n","protected":false},"author":41,"featured_media":291065,"comment_status":"closed","ping_status":"closed","sticky":false,"template":"","format":"standard","meta":{"footnotes":""},"categories":[458,459,17988],"tags":[39010,40260],"class_list":["post-291063","post","type-post","status-publish","format-standard","has-post-thumbnail","","category-dunya1","category-haberler-arap-uluslararasi-politika","category-son-haberler","tag-filistinde-son-durum","tag-guterres-gazzedeki-durum-insani-bir-felakettir"],"_links":{"self":[{"href":"https:\/\/archive.sana.sy\/tr\/index.php?rest_route=\/wp\/v2\/posts\/291063","targetHints":{"allow":["GET"]}}],"collection":[{"href":"https:\/\/archive.sana.sy\/tr\/index.php?rest_route=\/wp\/v2\/posts"}],"about":[{"href":"https:\/\/archive.sana.sy\/tr\/index.php?rest_route=\/wp\/v2\/types\/post"}],"author":[{"embeddable":true,"href":"https:\/\/archive.sana.sy\/tr\/index.php?rest_route=\/wp\/v2\/users\/41"}],"replies":[{"embeddable":true,"href":"https:\/\/archive.sana.sy\/tr\/index.php?rest_route=%2Fwp%2Fv2%2Fcomments&post=291063"}],"version-history":[{"count":1,"href":"https:\/\/archive.sana.sy\/tr\/index.php?rest_route=\/wp\/v2\/posts\/291063\/revisions"}],"predecessor-version":[{"id":291064,"href":"https:\/\/archive.sana.sy\/tr\/index.php?rest_route=\/wp\/v2\/posts\/291063\/revisions\/291064"}],"wp:featuredmedia":[{"embeddable":true,"href":"https:\/\/archive.sana.sy\/tr\/index.php?rest_route=\/wp\/v2\/media\/291065"}],"wp:attachment":[{"href":"https:\/\/archive.sana.sy\/tr\/index.php?rest_route=%2Fwp%2Fv2%2Fmedia&parent=291063"}],"wp:term":[{"taxonomy":"category","embeddable":true,"href":"https:\/\/archive.sana.sy\/tr\/index.php?rest_route=%2Fwp%2Fv2%2Fcategories&post=291063"},{"taxonomy":"post_tag","embeddable":true,"href":"https:\/\/archive.sana.sy\/tr\/index.php?rest_route=%2Fwp%2Fv2%2Ftags&post=291063"}],"curies":[{"name":"wp","href":"https:\/\/api.w.org\/{rel}","templated":true}]}}