{"id":291066,"date":"2023-10-29T16:21:43","date_gmt":"2023-10-29T13:21:43","guid":{"rendered":"https:\/\/sana.sy\/tr\/?p=291066"},"modified":"2023-11-01T08:16:08","modified_gmt":"2023-11-01T05:16:08","slug":"fasist-israilin-gazzeye-yonelik-devam-eden-saldirganligi-sonucu-10-bin-sehit-ve-kayip-20-binden-fazla-yarali","status":"publish","type":"post","link":"https:\/\/archive.sana.sy\/tr\/?p=291066","title":{"rendered":"Fa\u015fist \u0130srail&#8217;in Gazze&#8217;ye Y\u00f6nelik Devam Eden  Sald\u0131rganl\u0131\u011f\u0131 Sonucu 10 Bin  \u015eehit Ve Kayip, 20 Binden Fazla  Yaral\u0131"},"content":{"rendered":"<p style=\"text-align: justify;\"><strong>\u0130\u015eGAL ED\u0130LEN KUD\u00dcS 29 EK\u0130M (SANA)<\/strong> &#8211; Ku\u015fatma alt\u0131ndaki Gazze \u015eeridi&#8217;nde yirmi \u00fc\u00e7\u00fcnc\u00fc g\u00fcn\u00fcnde de <img loading=\"lazy\" decoding=\"async\" class=\"size-full wp-image-291069 alignright\" src=\"http:\/\/sana.sy\/tr\/wp-content\/uploads\/2023\/10\/\u062a-300x168-1.jpg\" alt=\"\" width=\"300\" height=\"168\" \/>devam eden fa\u015fist \u0130srail sald\u0131r\u0131s\u0131n\u0131n kurbanlar\u0131n\u0131n say\u0131s\u0131 10 bin \u015fehit ve kay\u0131pla, 20 bini a\u015fk\u0131n yaral\u0131ya y\u00fckseldi.<\/p>\n<p style=\"text-align: justify;\">Filistin Sa\u011fl\u0131k Bakanl\u0131\u011f\u0131 bug\u00fcn yapt\u0131\u011f\u0131 a\u00e7\u0131klamada, \u2018\u2019Sald\u0131rganl\u0131\u011f\u0131n ilk g\u00fcn\u00fcnden bu yana \u015fehit say\u0131s\u0131 3 bin 324&#8217;\u00fc \u00e7ocuk, 2 bin 62&#8217;si kad\u0131n, 460&#8217;\u0131 ya\u015fl\u0131 olmak \u00fczere 8 bin 5 \u015fehidin yan\u0131 s\u0131ra 20 bin 242 ki\u015fi de yaraland\u0131\u2019\u2019 diyerek, i\u015fgalin son saatlerde 56 katliam ger\u00e7ekle\u015ftirerek, \u00e7o\u011fu Gazze \u015eeridi&#8217;nin g\u00fcneyine g\u00f6\u00e7 eden 302 ki\u015finin \u015fehit d\u00fc\u015fmesine yol a\u00e7t\u0131\u011f\u0131n\u0131 belirtti.<\/p>\n<p style=\"text-align: justify;\">Bakanl\u0131k, i\u015fgalin sald\u0131rganl\u0131\u011f\u0131n\u0131n ba\u015flang\u0131c\u0131ndan bu yana Filistinli ailelere y\u00f6nelik 881 katliam ger\u00e7ekle\u015ftirdi\u011fini, 6 bin 120 \u015fehidin \u00f6ld\u00fcr\u00fcld\u00fc\u011f\u00fcn\u00fc a\u00e7\u0131klayarak, bug\u00fcne kadar 1.020&#8217;si \u00e7ocuk olmak \u00fczere yakla\u015f\u0131k 2.000 ki\u015finin enkaz alt\u0131nda kayboldu\u011funa dair ihbar\u0131n al\u0131nd\u0131\u011f\u0131na dikkat \u00e7ekti.<\/p>\n<p style=\"text-align: justify;\">116 sa\u011fl\u0131k personelinin \u015fehit oldu\u011funu, 25 ambulans\u0131n imha edildi\u011fini, 12 hastane ve 32 sa\u011fl\u0131k oca\u011f\u0131n\u0131n i\u015fgal <img loading=\"lazy\" decoding=\"async\" class=\"size-full wp-image-291070 alignright\" src=\"http:\/\/sana.sy\/tr\/wp-content\/uploads\/2023\/10\/123-300x168-1.jpg\" alt=\"\" width=\"300\" height=\"168\" \/>bombard\u0131man\u0131 ve akaryak\u0131t s\u0131k\u0131nt\u0131s\u0131 nedeniyle hizmet d\u0131\u015f\u0131 kald\u0131\u011f\u0131n\u0131 belirten bakanl\u0131k, \u0130srail i\u015fgalinin d\u00fcnyan\u0131n g\u00f6z\u00fc \u00f6n\u00fcnde su\u00e7lar\u0131n\u0131 s\u00fcrd\u00fcrd\u00fc\u011f\u00fcn\u00fc ve Gazze \u015eeridi halk\u0131na kar\u015f\u0131 soyk\u0131r\u0131m yapt\u0131\u011f\u0131n\u0131 ifade etti.<\/p>\n<p style=\"text-align: justify;\">Bakan\u0131k a\u00e7\u0131klamas\u0131nda da, Haberle\u015fmenin geri d\u00f6nmesinin, i\u015fgalcilerin son saatlerde yapt\u0131\u011f\u0131 soyk\u0131r\u0131m\u0131n boyutunu ortaya \u00e7\u0131kard\u0131\u011f\u0131n\u0131, ambulans ve sivil savunma ekiplerinin y\u00fczlerce \u015fehit ve yaral\u0131 buldu\u011funu ifade etti.<\/p>\n<p style=\"text-align: justify;\">Bakanl\u0131k, uluslararas\u0131 topluma \u0130srail&#8217;in hastanelere, sa\u011fl\u0131k ekiplerine, ambulanslara ve yerinden edilmi\u015f ki\u015filere y\u00f6nelik ihlallerini ve tehditlerini durdurmak i\u00e7in \u00e7al\u0131\u015fmaya \u00e7a\u011fr\u0131da bulunarak, binlerce yerinden edilmi\u015f insan\u0131n hastanelerde bulundu\u011funu, bunun sa\u011fl\u0131k sistemi \u00fczerinde bask\u0131 olu\u015fturdu\u011funu ve ba\u011f\u0131\u015f\u0131kl\u0131k sistemi zay\u0131f olan yaral\u0131lar i\u00e7in b\u00fcy\u00fck bir felaket tehdidi olu\u015fturdu\u011funu da ifade etti.<\/p>\n<p style=\"text-align: center;\"><strong><a href=\"https:\/\/t.me\/SuriyeArapHaberAjansI\">Telegram Kanal\u0131m\u0131z\u00a0<\/a><span style=\"color: #ff0000;\">||<\/span><a href=\"https:\/\/twitter.com\/arap_ajans\">X Platformumuz\u00a0<\/a><span style=\"color: #ff0000;\">||<\/span><a href=\"https:\/\/www.facebook.com\/SANAHaberAjansi\/\">Facebook Sayfam\u0131z<\/a><\/strong><\/p>\n","protected":false},"excerpt":{"rendered":"<p>\u0130\u015eGAL ED\u0130LEN KUD\u00dcS 29 EK\u0130M (SANA) &#8211; Ku\u015fatma alt\u0131ndaki Gazze \u015eeridi&#8217;nde yirmi \u00fc\u00e7\u00fcnc\u00fc g\u00fcn\u00fcnde de devam eden fa\u015fist \u0130srail sald\u0131r\u0131s\u0131n\u0131n kurbanlar\u0131n\u0131n say\u0131s\u0131 10 bin \u015fehit ve kay\u0131pla, 20 bini a\u015fk\u0131n yaral\u0131ya y\u00fckseldi. Filistin Sa\u011fl\u0131k Bakanl\u0131\u011f\u0131 bug\u00fcn yapt\u0131\u011f\u0131 a\u00e7\u0131klamada, \u2018\u2019Sald\u0131rganl\u0131\u011f\u0131n ilk g\u00fcn\u00fcnden bu yana \u015fehit say\u0131s\u0131 3 bin 324&#8217;\u00fc \u00e7ocuk, 2 bin 62&#8217;si kad\u0131n, 460&#8217;\u0131 ya\u015fl\u0131 &hellip;<\/p>\n","protected":false},"author":41,"featured_media":291068,"comment_status":"closed","ping_status":"closed","sticky":false,"template":"","format":"standard","meta":{"footnotes":""},"categories":[458,459,17988],"tags":[],"class_list":["post-291066","post","type-post","status-publish","format-standard","has-post-thumbnail","","category-dunya1","category-haberler-arap-uluslararasi-politika","category-son-haberler"],"_links":{"self":[{"href":"https:\/\/archive.sana.sy\/tr\/index.php?rest_route=\/wp\/v2\/posts\/291066","targetHints":{"allow":["GET"]}}],"collection":[{"href":"https:\/\/archive.sana.sy\/tr\/index.php?rest_route=\/wp\/v2\/posts"}],"about":[{"href":"https:\/\/archive.sana.sy\/tr\/index.php?rest_route=\/wp\/v2\/types\/post"}],"author":[{"embeddable":true,"href":"https:\/\/archive.sana.sy\/tr\/index.php?rest_route=\/wp\/v2\/users\/41"}],"replies":[{"embeddable":true,"href":"https:\/\/archive.sana.sy\/tr\/index.php?rest_route=%2Fwp%2Fv2%2Fcomments&post=291066"}],"version-history":[{"count":2,"href":"https:\/\/archive.sana.sy\/tr\/index.php?rest_route=\/wp\/v2\/posts\/291066\/revisions"}],"predecessor-version":[{"id":291071,"href":"https:\/\/archive.sana.sy\/tr\/index.php?rest_route=\/wp\/v2\/posts\/291066\/revisions\/291071"}],"wp:featuredmedia":[{"embeddable":true,"href":"https:\/\/archive.sana.sy\/tr\/index.php?rest_route=\/wp\/v2\/media\/291068"}],"wp:attachment":[{"href":"https:\/\/archive.sana.sy\/tr\/index.php?rest_route=%2Fwp%2Fv2%2Fmedia&parent=291066"}],"wp:term":[{"taxonomy":"category","embeddable":true,"href":"https:\/\/archive.sana.sy\/tr\/index.php?rest_route=%2Fwp%2Fv2%2Fcategories&post=291066"},{"taxonomy":"post_tag","embeddable":true,"href":"https:\/\/archive.sana.sy\/tr\/index.php?rest_route=%2Fwp%2Fv2%2Ftags&post=291066"}],"curies":[{"name":"wp","href":"https:\/\/api.w.org\/{rel}","templated":true}]}}