{"id":291078,"date":"2023-10-30T08:30:43","date_gmt":"2023-10-30T05:30:43","guid":{"rendered":"https:\/\/sana.sy\/tr\/?p=291078"},"modified":"2023-11-01T08:16:12","modified_gmt":"2023-11-01T05:16:12","slug":"israil-gucleri-dera-kirsalina-bir-hava-saldirisi-duzenledi","status":"publish","type":"post","link":"https:\/\/archive.sana.sy\/tr\/?p=291078","title":{"rendered":"\u0130\u015fgalci \u0130srail G\u00fc\u00e7leri, Dera K\u0131rsal\u0131na Bir Hava Sald\u0131rganl\u0131\u011f\u0131  D\u00fczenledi"},"content":{"rendered":"<p><strong>\u015eAM 30 EK\u0130M (SANA)<\/strong> \u2013 Askeri bir kaynak, bug\u00fcn saat 01.35 s\u0131ralar\u0131nda d\u00fc\u015fman \u0130srai&#8217;in i\u015fgal alt\u0131ndaki Suriye Golan y\u00f6n\u00fcnden hava sald\u0131rganl\u0131\u011f\u0131 d\u00fczenleyerek Dera k\u0131rsal\u0131nda silahl\u0131 kuvvetlerimize ait iki mevziyi hedef ald\u0131\u011f\u0131n\u0131 ve bunun baz\u0131 maddi kay\u0131plara yol a\u00e7t\u0131\u011f\u0131n\u0131 a\u00e7\u0131klad\u0131.<\/p>\n<p style=\"text-align: center;\"><strong><a href=\"https:\/\/t.me\/SuriyeArapHaberAjansI\">Telegram Kanal\u0131m\u0131z\u00a0<\/a>||<a href=\"https:\/\/twitter.com\/arap_ajans\">X Platformumuz\u00a0<\/a>||<a href=\"https:\/\/www.facebook.com\/SANAHaberAjansi\/\">Facebook Sayfam\u0131z<\/a><\/strong><\/p>\n","protected":false},"excerpt":{"rendered":"<p>\u015eAM 30 EK\u0130M (SANA) \u2013 Askeri bir kaynak, bug\u00fcn saat 01.35 s\u0131ralar\u0131nda d\u00fc\u015fman \u0130srai&#8217;in i\u015fgal alt\u0131ndaki Suriye Golan y\u00f6n\u00fcnden hava sald\u0131rganl\u0131\u011f\u0131 d\u00fczenleyerek Dera k\u0131rsal\u0131nda silahl\u0131 kuvvetlerimize ait iki mevziyi hedef ald\u0131\u011f\u0131n\u0131 ve bunun baz\u0131 maddi kay\u0131plara yol a\u00e7t\u0131\u011f\u0131n\u0131 a\u00e7\u0131klad\u0131. Telegram Kanal\u0131m\u0131z\u00a0||X Platformumuz\u00a0||Facebook Sayfam\u0131z<\/p>\n","protected":false},"author":36,"featured_media":291079,"comment_status":"closed","ping_status":"closed","sticky":false,"template":"","format":"standard","meta":{"footnotes":""},"categories":[479,575,17988,478],"tags":[],"class_list":["post-291078","post","type-post","status-publish","format-standard","has-post-thumbnail","","category-haberler-yerel","category-olaylar-ve-gercekler","category-son-haberler","category-yerel"],"_links":{"self":[{"href":"https:\/\/archive.sana.sy\/tr\/index.php?rest_route=\/wp\/v2\/posts\/291078","targetHints":{"allow":["GET"]}}],"collection":[{"href":"https:\/\/archive.sana.sy\/tr\/index.php?rest_route=\/wp\/v2\/posts"}],"about":[{"href":"https:\/\/archive.sana.sy\/tr\/index.php?rest_route=\/wp\/v2\/types\/post"}],"author":[{"embeddable":true,"href":"https:\/\/archive.sana.sy\/tr\/index.php?rest_route=\/wp\/v2\/users\/36"}],"replies":[{"embeddable":true,"href":"https:\/\/archive.sana.sy\/tr\/index.php?rest_route=%2Fwp%2Fv2%2Fcomments&post=291078"}],"version-history":[{"count":4,"href":"https:\/\/archive.sana.sy\/tr\/index.php?rest_route=\/wp\/v2\/posts\/291078\/revisions"}],"predecessor-version":[{"id":291094,"href":"https:\/\/archive.sana.sy\/tr\/index.php?rest_route=\/wp\/v2\/posts\/291078\/revisions\/291094"}],"wp:featuredmedia":[{"embeddable":true,"href":"https:\/\/archive.sana.sy\/tr\/index.php?rest_route=\/wp\/v2\/media\/291079"}],"wp:attachment":[{"href":"https:\/\/archive.sana.sy\/tr\/index.php?rest_route=%2Fwp%2Fv2%2Fmedia&parent=291078"}],"wp:term":[{"taxonomy":"category","embeddable":true,"href":"https:\/\/archive.sana.sy\/tr\/index.php?rest_route=%2Fwp%2Fv2%2Fcategories&post=291078"},{"taxonomy":"post_tag","embeddable":true,"href":"https:\/\/archive.sana.sy\/tr\/index.php?rest_route=%2Fwp%2Fv2%2Ftags&post=291078"}],"curies":[{"name":"wp","href":"https:\/\/api.w.org\/{rel}","templated":true}]}}