{"id":29113,"date":"2015-04-09T14:35:42","date_gmt":"2015-04-09T11:35:42","guid":{"rendered":"http:\/\/www.sana.sy\/tr\/?p=29113"},"modified":"2015-04-09T14:35:42","modified_gmt":"2015-04-09T11:35:42","slug":"bahcesine-giderken-teror-bombasiyla-sehit-oldu","status":"publish","type":"post","link":"https:\/\/archive.sana.sy\/tr\/?p=29113","title":{"rendered":"Bah\u00e7esine Giderken Ter\u00f6r Bombas\u0131yla \u015eehit Oldu"},"content":{"rendered":"<p>HAMA \u2013 D\u0131\u015f g\u00fc\u00e7lerin destekledi\u011fi ter\u00f6r \u00e7eteleri bug\u00fcn Hama k\u0131rsal\u0131n\u0131n g\u00fcneydo\u011fusu el K\u00e2fat Beldesi bat\u0131s\u0131nda yol kenar\u0131na yerle\u015ftirdikleri bir bomba d\u00fczene\u011fini havaya u\u00e7urdu.<\/p>\n<p>Hama Emniyet M\u00fcd\u00fcrl\u00fc\u011f\u00fcnde bir kaynak toprak bir yolun kenar\u0131nda patlayan bombada bah\u00e7esinde \u00e7al\u0131\u015fmaya giden bir vatanda\u015f\u0131n \u015fehit d\u00fc\u015ft\u00fc\u011f\u00fcn\u00fc s\u00f6yledi.<\/p>\n<p>A.A.<\/p>\n","protected":false},"excerpt":{"rendered":"<p>HAMA \u2013 D\u0131\u015f g\u00fc\u00e7lerin destekledi\u011fi ter\u00f6r \u00e7eteleri bug\u00fcn Hama k\u0131rsal\u0131n\u0131n g\u00fcneydo\u011fusu el K\u00e2fat Beldesi bat\u0131s\u0131nda yol kenar\u0131na yerle\u015ftirdikleri bir bomba d\u00fczene\u011fini havaya u\u00e7urdu. Hama Emniyet M\u00fcd\u00fcrl\u00fc\u011f\u00fcnde bir kaynak toprak bir yolun kenar\u0131nda patlayan bombada bah\u00e7esinde \u00e7al\u0131\u015fmaya giden bir vatanda\u015f\u0131n \u015fehit d\u00fc\u015ft\u00fc\u011f\u00fcn\u00fc s\u00f6yledi. A.A.<\/p>\n","protected":false},"author":1,"featured_media":12158,"comment_status":"closed","ping_status":"closed","sticky":false,"template":"","format":"standard","meta":{"footnotes":""},"categories":[479,575,478],"tags":[13474],"class_list":["post-29113","post","type-post","status-publish","format-standard","has-post-thumbnail","","category-haberler-yerel","category-olaylar-ve-gercekler","category-yerel","tag-bahcesine-giderken-teror-bombasiyla-sehit-oldu-hama-dis-guclerin-destekledigi-teror-ceteleri-bugun-hama-kirsalinin-guneydogusu-el-kafat-beldesi-batisinda-yol-kenarina-yerlestirdikleri-bir-bo"],"_links":{"self":[{"href":"https:\/\/archive.sana.sy\/tr\/index.php?rest_route=\/wp\/v2\/posts\/29113","targetHints":{"allow":["GET"]}}],"collection":[{"href":"https:\/\/archive.sana.sy\/tr\/index.php?rest_route=\/wp\/v2\/posts"}],"about":[{"href":"https:\/\/archive.sana.sy\/tr\/index.php?rest_route=\/wp\/v2\/types\/post"}],"author":[{"embeddable":true,"href":"https:\/\/archive.sana.sy\/tr\/index.php?rest_route=\/wp\/v2\/users\/1"}],"replies":[{"embeddable":true,"href":"https:\/\/archive.sana.sy\/tr\/index.php?rest_route=%2Fwp%2Fv2%2Fcomments&post=29113"}],"version-history":[{"count":0,"href":"https:\/\/archive.sana.sy\/tr\/index.php?rest_route=\/wp\/v2\/posts\/29113\/revisions"}],"wp:featuredmedia":[{"embeddable":true,"href":"https:\/\/archive.sana.sy\/tr\/index.php?rest_route=\/wp\/v2\/media\/12158"}],"wp:attachment":[{"href":"https:\/\/archive.sana.sy\/tr\/index.php?rest_route=%2Fwp%2Fv2%2Fmedia&parent=29113"}],"wp:term":[{"taxonomy":"category","embeddable":true,"href":"https:\/\/archive.sana.sy\/tr\/index.php?rest_route=%2Fwp%2Fv2%2Fcategories&post=29113"},{"taxonomy":"post_tag","embeddable":true,"href":"https:\/\/archive.sana.sy\/tr\/index.php?rest_route=%2Fwp%2Fv2%2Ftags&post=29113"}],"curies":[{"name":"wp","href":"https:\/\/api.w.org\/{rel}","templated":true}]}}