{"id":29117,"date":"2015-04-09T20:10:30","date_gmt":"2015-04-09T17:10:30","guid":{"rendered":"http:\/\/www.sana.sy\/tr\/?p=29117"},"modified":"2015-04-10T19:37:57","modified_gmt":"2015-04-10T16:37:57","slug":"zebadani-bolgesinde-stratejik-noktalar-orduun-kontrolune-gecti","status":"publish","type":"post","link":"https:\/\/archive.sana.sy\/tr\/?p=29117","title":{"rendered":"Zebadani B\u00f6lgesinde Stratejik Noktalar Orduun Kontrol\u00fcne Ge\u00e7ti"},"content":{"rendered":"<p>\u015eAM KIRSALI \u2013 \u015eam k\u0131rsal\u0131n\u0131n Zebedani B\u00f6lgesinde radikal ve hain ter\u00f6r \u00e7etelere y\u00f6nelik operasyonlar\u0131n\u0131 s\u00fcrd\u00fcren ordu birliklerimiz bug\u00fcn Sindyan Kalesi, Abdullah Kalesi ve Zevabik Tepesini ter\u00f6ristlerden tamamen temizleyerek kontrolleri alt\u0131na ald\u0131.<\/p>\n<p>Askeri kaynak ordu birliklerimizin operasyonlar\u0131nda aralar\u0131nda yabanc\u0131 ve saha komutanlar\u0131n\u0131n bulundu\u011fu \u00e7ok say\u0131da ter\u00f6risti \u00f6ld\u00fcrd\u00fcklerini, ara\u00e7 ve cephanelerini de imha ettiklerini s\u00f6yledi.<\/p>\n<p>A.A. &#8211; M.M.<\/p>\n","protected":false},"excerpt":{"rendered":"<p>\u015eAM KIRSALI \u2013 \u015eam k\u0131rsal\u0131n\u0131n Zebedani B\u00f6lgesinde radikal ve hain ter\u00f6r \u00e7etelere y\u00f6nelik operasyonlar\u0131n\u0131 s\u00fcrd\u00fcren ordu birliklerimiz bug\u00fcn Sindyan Kalesi, Abdullah Kalesi ve Zevabik Tepesini ter\u00f6ristlerden tamamen temizleyerek kontrolleri alt\u0131na ald\u0131. Askeri kaynak ordu birliklerimizin operasyonlar\u0131nda aralar\u0131nda yabanc\u0131 ve saha komutanlar\u0131n\u0131n bulundu\u011fu \u00e7ok say\u0131da ter\u00f6risti \u00f6ld\u00fcrd\u00fcklerini, ara\u00e7 ve cephanelerini de imha ettiklerini s\u00f6yledi. A.A. &#8211; &hellip;<\/p>\n","protected":false},"author":1,"featured_media":29118,"comment_status":"closed","ping_status":"closed","sticky":false,"template":"","format":"standard","meta":{"footnotes":""},"categories":[575],"tags":[13475],"class_list":["post-29117","post","type-post","status-publish","format-standard","has-post-thumbnail","","category-olaylar-ve-gercekler","tag-zebadani-bolgesinde-stratejik-noktalar-orduun-kontrolune-gecti"],"_links":{"self":[{"href":"https:\/\/archive.sana.sy\/tr\/index.php?rest_route=\/wp\/v2\/posts\/29117","targetHints":{"allow":["GET"]}}],"collection":[{"href":"https:\/\/archive.sana.sy\/tr\/index.php?rest_route=\/wp\/v2\/posts"}],"about":[{"href":"https:\/\/archive.sana.sy\/tr\/index.php?rest_route=\/wp\/v2\/types\/post"}],"author":[{"embeddable":true,"href":"https:\/\/archive.sana.sy\/tr\/index.php?rest_route=\/wp\/v2\/users\/1"}],"replies":[{"embeddable":true,"href":"https:\/\/archive.sana.sy\/tr\/index.php?rest_route=%2Fwp%2Fv2%2Fcomments&post=29117"}],"version-history":[{"count":0,"href":"https:\/\/archive.sana.sy\/tr\/index.php?rest_route=\/wp\/v2\/posts\/29117\/revisions"}],"wp:featuredmedia":[{"embeddable":true,"href":"https:\/\/archive.sana.sy\/tr\/index.php?rest_route=\/wp\/v2\/media\/29118"}],"wp:attachment":[{"href":"https:\/\/archive.sana.sy\/tr\/index.php?rest_route=%2Fwp%2Fv2%2Fmedia&parent=29117"}],"wp:term":[{"taxonomy":"category","embeddable":true,"href":"https:\/\/archive.sana.sy\/tr\/index.php?rest_route=%2Fwp%2Fv2%2Fcategories&post=29117"},{"taxonomy":"post_tag","embeddable":true,"href":"https:\/\/archive.sana.sy\/tr\/index.php?rest_route=%2Fwp%2Fv2%2Ftags&post=29117"}],"curies":[{"name":"wp","href":"https:\/\/api.w.org\/{rel}","templated":true}]}}