{"id":291211,"date":"2023-11-01T14:44:40","date_gmt":"2023-11-01T11:44:40","guid":{"rendered":"https:\/\/sana.sy\/tr\/?p=291211"},"modified":"2023-11-02T09:14:49","modified_gmt":"2023-11-02T06:14:49","slug":"isgalci-abd-gucleri-suriye-halkinin-milli-servetini-yagmalamya-devam-ediyor","status":"publish","type":"post","link":"https:\/\/archive.sana.sy\/tr\/?p=291211","title":{"rendered":"\u0130\u015fgalci ABD G\u00fc\u00e7leri Suriye Halk\u0131n\u0131n Milli Servetini Ya\u011fmalamya Devam Ediyor"},"content":{"rendered":"<p style=\"text-align: justify;\"><strong>HASEKE 01 KASIM (SANA)<\/strong> &#8211; Amerikan i\u015fgal g\u00fc\u00e7leri, Suriye Cezire&#8217;sinde i\u015fgal ettikleri b\u00f6lgelerde milli serveti \u00e7almaya ve ya\u011fmalamaya devam ederken, bug\u00fcn de \u00e7al\u0131nt\u0131 petrol y\u00fckl\u00fc bir konvoyu Irak topraklar\u0131ndaki \u00fcslerine nakletti.<\/p>\n<p style=\"text-align: justify;\">Suriye-Irak s\u0131n\u0131r\u0131ndaki Yarubiyah k\u0131rsal\u0131ndaki yerel kaynaklar SANA muhabirlerine \u015funlar\u0131 s\u00f6yledi: \u2018\u2019Cezire sahalar\u0131ndan \u00e7al\u0131nan petrolle dolu 35 tankerden olu\u015fan Amerikan i\u015fgal g\u00fc\u00e7lerinin konvoyu, yasad\u0131\u015f\u0131 Velid ge\u00e7i\u015finden Irak topraklar\u0131ndaki i\u015fgal \u00fcslerine do\u011fru yola \u00e7\u0131kt\u0131.\u2019\u2019<\/p>\n<p style=\"text-align: justify;\">Ayn\u0131 ba\u011flamda kaynaklar, Amerikan i\u015fgal g\u00fc\u00e7lerinin daha sonra \u00e7al\u0131nt\u0131 Suriye petrol\u00fc y\u00fckl\u00fc 20 tanker ve onlarca kamyondan olu\u015fan konvoyunu yasad\u0131\u015f\u0131 Mahmudiye ge\u00e7i\u015finden Irak topraklar\u0131ndaki \u00fcslerine do\u011fru g\u00f6t\u00fcrd\u00fc\u011f\u00fcn\u00fc belirtti.<\/p>\n<div id='gallery-1' class='gallery galleryid-291211 gallery-columns-2 gallery-size-medium'><figure class='gallery-item'>\n\t\t\t<div class='gallery-icon landscape'>\n\t\t\t\t<a href='https:\/\/archive.sana.sy\/tr\/?attachment_id=291213'><img loading=\"lazy\" decoding=\"async\" width=\"300\" height=\"160\" src=\"https:\/\/archive.sana.sy\/tr\/wp-content\/uploads\/2023\/11\/photo_2023-11-01_11-47-05-300x160.jpg\" class=\"attachment-medium size-medium\" alt=\"\" srcset=\"https:\/\/archive.sana.sy\/tr\/wp-content\/uploads\/2023\/11\/photo_2023-11-01_11-47-05-300x160.jpg 300w, https:\/\/archive.sana.sy\/tr\/wp-content\/uploads\/2023\/11\/photo_2023-11-01_11-47-05-310x165.jpg 310w, https:\/\/archive.sana.sy\/tr\/wp-content\/uploads\/2023\/11\/photo_2023-11-01_11-47-05.jpg 660w\" sizes=\"auto, (max-width: 300px) 100vw, 300px\" \/><\/a>\n\t\t\t<\/div><\/figure><figure class='gallery-item'>\n\t\t\t<div class='gallery-icon landscape'>\n\t\t\t\t<a href='https:\/\/archive.sana.sy\/tr\/?attachment_id=291214'><img loading=\"lazy\" decoding=\"async\" width=\"300\" height=\"169\" src=\"https:\/\/archive.sana.sy\/tr\/wp-content\/uploads\/2023\/11\/photo_2023-11-01_11-46-47-300x169.jpg\" class=\"attachment-medium size-medium\" alt=\"\" srcset=\"https:\/\/archive.sana.sy\/tr\/wp-content\/uploads\/2023\/11\/photo_2023-11-01_11-46-47-300x169.jpg 300w, https:\/\/archive.sana.sy\/tr\/wp-content\/uploads\/2023\/11\/photo_2023-11-01_11-46-47.jpg 660w\" sizes=\"auto, (max-width: 300px) 100vw, 300px\" \/><\/a>\n\t\t\t<\/div><\/figure>\n\t\t<\/div>\n\n<p style=\"text-align: center;\"><strong><a href=\"https:\/\/t.me\/SuriyeArapHaberAjansI\">Telegram Kanal\u0131m\u0131z\u00a0<\/a>||<a href=\"https:\/\/twitter.com\/arap_ajans\">X Platformumuz\u00a0<\/a>||<a href=\"https:\/\/www.facebook.com\/SANAHaberAjansi\/\">Facebook Sayfam\u0131z<\/a><\/strong><\/p>\n<p style=\"text-align: justify;\">\n","protected":false},"excerpt":{"rendered":"<p>HASEKE 01 KASIM (SANA) &#8211; Amerikan i\u015fgal g\u00fc\u00e7leri, Suriye Cezire&#8217;sinde i\u015fgal ettikleri b\u00f6lgelerde milli serveti \u00e7almaya ve ya\u011fmalamaya devam ederken, bug\u00fcn de \u00e7al\u0131nt\u0131 petrol y\u00fckl\u00fc bir konvoyu Irak topraklar\u0131ndaki \u00fcslerine nakletti. Suriye-Irak s\u0131n\u0131r\u0131ndaki Yarubiyah k\u0131rsal\u0131ndaki yerel kaynaklar SANA muhabirlerine \u015funlar\u0131 s\u00f6yledi: \u2018\u2019Cezire sahalar\u0131ndan \u00e7al\u0131nan petrolle dolu 35 tankerden olu\u015fan Amerikan i\u015fgal g\u00fc\u00e7lerinin konvoyu, yasad\u0131\u015f\u0131 Velid &hellip;<\/p>\n","protected":false},"author":41,"featured_media":291212,"comment_status":"closed","ping_status":"closed","sticky":false,"template":"","format":"standard","meta":{"footnotes":""},"categories":[479,575,17988,478],"tags":[40288],"class_list":["post-291211","post","type-post","status-publish","format-standard","has-post-thumbnail","","category-haberler-yerel","category-olaylar-ve-gercekler","category-son-haberler","category-yerel","tag-isgalci-abd-gucleri-suriye-halkinin-milli-servetini-yagmalamya-devam-ediyor"],"_links":{"self":[{"href":"https:\/\/archive.sana.sy\/tr\/index.php?rest_route=\/wp\/v2\/posts\/291211","targetHints":{"allow":["GET"]}}],"collection":[{"href":"https:\/\/archive.sana.sy\/tr\/index.php?rest_route=\/wp\/v2\/posts"}],"about":[{"href":"https:\/\/archive.sana.sy\/tr\/index.php?rest_route=\/wp\/v2\/types\/post"}],"author":[{"embeddable":true,"href":"https:\/\/archive.sana.sy\/tr\/index.php?rest_route=\/wp\/v2\/users\/41"}],"replies":[{"embeddable":true,"href":"https:\/\/archive.sana.sy\/tr\/index.php?rest_route=%2Fwp%2Fv2%2Fcomments&post=291211"}],"version-history":[{"count":2,"href":"https:\/\/archive.sana.sy\/tr\/index.php?rest_route=\/wp\/v2\/posts\/291211\/revisions"}],"predecessor-version":[{"id":291244,"href":"https:\/\/archive.sana.sy\/tr\/index.php?rest_route=\/wp\/v2\/posts\/291211\/revisions\/291244"}],"wp:featuredmedia":[{"embeddable":true,"href":"https:\/\/archive.sana.sy\/tr\/index.php?rest_route=\/wp\/v2\/media\/291212"}],"wp:attachment":[{"href":"https:\/\/archive.sana.sy\/tr\/index.php?rest_route=%2Fwp%2Fv2%2Fmedia&parent=291211"}],"wp:term":[{"taxonomy":"category","embeddable":true,"href":"https:\/\/archive.sana.sy\/tr\/index.php?rest_route=%2Fwp%2Fv2%2Fcategories&post=291211"},{"taxonomy":"post_tag","embeddable":true,"href":"https:\/\/archive.sana.sy\/tr\/index.php?rest_route=%2Fwp%2Fv2%2Ftags&post=291211"}],"curies":[{"name":"wp","href":"https:\/\/api.w.org\/{rel}","templated":true}]}}