{"id":291216,"date":"2023-11-01T14:55:20","date_gmt":"2023-11-01T11:55:20","guid":{"rendered":"https:\/\/sana.sy\/tr\/?p=291216"},"modified":"2023-11-02T09:14:53","modified_gmt":"2023-11-02T06:14:53","slug":"hamaney-gazze-seridine-yonelik-siyonist-saldirganligin-derhal-durdurulmasi-gerektigini-vurguladi","status":"publish","type":"post","link":"https:\/\/archive.sana.sy\/tr\/?p=291216","title":{"rendered":"Hamaney, Gazze \u015eeridi&#8217;ne Y\u00f6nelik Siyonist Sald\u0131rganl\u0131\u011f\u0131n Derhal Durdurulmas\u0131 Gerekti\u011fini Vurgulad\u0131"},"content":{"rendered":"<p style=\"text-align: justify;\"><strong>TAHRAN 01 KASIM (SANA) &#8211;<\/strong> \u0130ran \u0130slam Devrimi Lideri \u0130mam Seyyid Ali Hamaney, \u0130srail&#8217;in Gazze \u015eeridi&#8217;ne y\u00f6nelik sald\u0131rganl\u0131\u011f\u0131n\u0131n derhal durdurulmas\u0131 ve Siyonist su\u00e7lar\u0131n t\u00fcm uluslararas\u0131 platformlarda k\u0131nanmas\u0131 gerekti\u011fini vurgulad\u0131.<\/p>\n<p style=\"text-align: justify;\">Bug\u00fcn &#8220;K\u00fcresel Kibirle M\u00fccadele Ulusal G\u00fcn\u00fc&#8221; m\u00fcnasebetiyle \u0130ranl\u0131 \u00fcniversite \u00f6\u011frencilerini kabul eden Hamaney, \u0130slam \u00fclkelerine Siyonist varl\u0131kla ili\u015fkilerini kesmeleri ve \u0130srail&#8217;in Gazze&#8217;ye y\u00f6nelik sald\u0131rganl\u0131\u011f\u0131n\u0131 derhal durdurmalar\u0131 i\u00e7in \u00e7al\u0131\u015fma \u00e7a\u011fr\u0131s\u0131nda bulundu.<\/p>\n<p style=\"text-align: justify;\">Hamaney ayr\u0131ca, &#8220;Gazze&#8217;deki \u00e7at\u0131\u015fma alan\u0131, do\u011fru ile yanl\u0131\u015f aras\u0131ndaki \u00e7at\u0131\u015fma alan\u0131d\u0131r&#8221; diyerek, nihai zaferin \u00e7ok da uzak olmayan bir zamanda Filistin halk\u0131n\u0131n m\u00fcttefiki olaca\u011f\u0131n\u0131 vurgulad\u0131.<\/p>\n<p style=\"text-align: justify;\">Hamaney, \u0130slam d\u00fcnyas\u0131na, belirleyici Gazze meselesinde Amerika, Fransa ve \u0130ngiltere&#8217;nin Filistin halk\u0131n\u0131n kar\u015f\u0131s\u0131nda yer ald\u0131\u011f\u0131n\u0131 ve Filistinlilerin sab\u0131rlar\u0131yla insan vicdan\u0131n\u0131 harekete ge\u00e7irebildiklerini unutmamalar\u0131 da \u00e7a\u011fr\u0131s\u0131nda bulundu.<\/p>\n<p style=\"text-align: center;\"><strong><a href=\"https:\/\/t.me\/SuriyeArapHaberAjansI\">Telegram Kanal\u0131m\u0131z\u00a0<\/a>||<a href=\"https:\/\/twitter.com\/arap_ajans\">X Platformumuz\u00a0<\/a>||<a href=\"https:\/\/www.facebook.com\/SANAHaberAjansi\/\">Facebook Sayfam\u0131z<\/a><\/strong><\/p>\n","protected":false},"excerpt":{"rendered":"<p>TAHRAN 01 KASIM (SANA) &#8211; \u0130ran \u0130slam Devrimi Lideri \u0130mam Seyyid Ali Hamaney, \u0130srail&#8217;in Gazze \u015eeridi&#8217;ne y\u00f6nelik sald\u0131rganl\u0131\u011f\u0131n\u0131n derhal durdurulmas\u0131 ve Siyonist su\u00e7lar\u0131n t\u00fcm uluslararas\u0131 platformlarda k\u0131nanmas\u0131 gerekti\u011fini vurgulad\u0131. Bug\u00fcn &#8220;K\u00fcresel Kibirle M\u00fccadele Ulusal G\u00fcn\u00fc&#8221; m\u00fcnasebetiyle \u0130ranl\u0131 \u00fcniversite \u00f6\u011frencilerini kabul eden Hamaney, \u0130slam \u00fclkelerine Siyonist varl\u0131kla ili\u015fkilerini kesmeleri ve \u0130srail&#8217;in Gazze&#8217;ye y\u00f6nelik sald\u0131rganl\u0131\u011f\u0131n\u0131 derhal durdurmalar\u0131 &hellip;<\/p>\n","protected":false},"author":41,"featured_media":291218,"comment_status":"closed","ping_status":"closed","sticky":false,"template":"","format":"standard","meta":{"footnotes":""},"categories":[458,459,17988],"tags":[40290,40289],"class_list":["post-291216","post","type-post","status-publish","format-standard","has-post-thumbnail","","category-dunya1","category-haberler-arap-uluslararasi-politika","category-son-haberler","tag-gazze-seridine-yonelik-siyonist-saldirganligin-derhal-durdurulmasi-gerektigini-vurguladi","tag-hamaney"],"_links":{"self":[{"href":"https:\/\/archive.sana.sy\/tr\/index.php?rest_route=\/wp\/v2\/posts\/291216","targetHints":{"allow":["GET"]}}],"collection":[{"href":"https:\/\/archive.sana.sy\/tr\/index.php?rest_route=\/wp\/v2\/posts"}],"about":[{"href":"https:\/\/archive.sana.sy\/tr\/index.php?rest_route=\/wp\/v2\/types\/post"}],"author":[{"embeddable":true,"href":"https:\/\/archive.sana.sy\/tr\/index.php?rest_route=\/wp\/v2\/users\/41"}],"replies":[{"embeddable":true,"href":"https:\/\/archive.sana.sy\/tr\/index.php?rest_route=%2Fwp%2Fv2%2Fcomments&post=291216"}],"version-history":[{"count":1,"href":"https:\/\/archive.sana.sy\/tr\/index.php?rest_route=\/wp\/v2\/posts\/291216\/revisions"}],"predecessor-version":[{"id":291217,"href":"https:\/\/archive.sana.sy\/tr\/index.php?rest_route=\/wp\/v2\/posts\/291216\/revisions\/291217"}],"wp:featuredmedia":[{"embeddable":true,"href":"https:\/\/archive.sana.sy\/tr\/index.php?rest_route=\/wp\/v2\/media\/291218"}],"wp:attachment":[{"href":"https:\/\/archive.sana.sy\/tr\/index.php?rest_route=%2Fwp%2Fv2%2Fmedia&parent=291216"}],"wp:term":[{"taxonomy":"category","embeddable":true,"href":"https:\/\/archive.sana.sy\/tr\/index.php?rest_route=%2Fwp%2Fv2%2Fcategories&post=291216"},{"taxonomy":"post_tag","embeddable":true,"href":"https:\/\/archive.sana.sy\/tr\/index.php?rest_route=%2Fwp%2Fv2%2Ftags&post=291216"}],"curies":[{"name":"wp","href":"https:\/\/api.w.org\/{rel}","templated":true}]}}