{"id":291219,"date":"2023-11-01T15:05:04","date_gmt":"2023-11-01T12:05:04","guid":{"rendered":"https:\/\/sana.sy\/tr\/?p=291219"},"modified":"2023-11-02T09:14:58","modified_gmt":"2023-11-02T06:14:58","slug":"gazze-seridinde-26nci-gununde-de-devam-eden-isgal-saldirganligi-sonucu-onlarca-sehit-ve-yarali","status":"publish","type":"post","link":"https:\/\/archive.sana.sy\/tr\/?p=291219","title":{"rendered":"Gazze \u015eeridi&#8217;nde 26&#8217;nc\u0131 G\u00fcn\u00fcnde De Devam Eden \u0130\u015fgal Sald\u0131rganl\u0131\u011f\u0131 Sonucu Onlarca \u015fehit Ve Yaral\u0131"},"content":{"rendered":"<p style=\"text-align: justify;\"><strong>\u0130\u015eGAL ED\u0130LEN KU\u00dcS 01 KASIM (SANA)<\/strong> &#8211; \u0130srail&#8217;in ku\u015fatma alt\u0131ndaki Gazze \u015eeridi&#8217;ne y\u00f6nelik devam eden i\u015fgal sald\u0131r\u0131s\u0131, sa\u011fl\u0131k sisteminin \u00e7\u00f6kmesi ve hizmet veren hastanelerin akaryak\u0131t i\u00e7in imdat \u00e7a\u011fr\u0131s\u0131 g\u00f6ndermesi sonucunda bug\u00fcn onlarca Filistinli \u015fehit oldu ve yaraland\u0131.<\/p>\n<p style=\"text-align: justify;\">Wafa Ajans\u0131, \u2018\u2019Ge\u00e7ti\u011fimiz saatlerde i\u015fgal u\u00e7aklar\u0131, Gazze \u015eeridi&#8217;nin kuzeyindeki Cebeliye ve kamp\u0131na, merkezindeki Nuseyrat kamp\u0131na ve g\u00fcneyindeki Han Yunus kamp\u0131na bask\u0131nlar d\u00fczenledi. Bu da 30&#8217;dan fazla Filistinlinin \u00f6l\u00fcm\u00fcne ve 40&#8217;tan fazlas\u0131n\u0131n yaralanmas\u0131na yol a\u00e7t\u0131\u2019\u2019 dedi.<\/p>\n<p style=\"text-align: justify;\">\u0130\u015fgal u\u00e7aklar\u0131, Gazze&#8217;nin bat\u0131s\u0131ndaki Kud\u00fcs Hastanesi yak\u0131n\u0131ndaki Tel El Heva mahallesi ile merkezdeki El \u015eifa Hastanesi \u00e7evresini \u00e7ok say\u0131da f\u00fczeyle bombalarken, Filistinlilerin evlerine de makineli t\u00fcfekle ate\u015f a\u00e7t\u0131.<\/p>\n<p style=\"text-align: justify;\">Sa\u011fl\u0131k sisteminin \u00e7\u00f6kt\u00fc\u011f\u00fc bir d\u00f6nemde Gazze&#8217;deki hastaneler, elektrik jenerat\u00f6rlerini \u00e7al\u0131\u015ft\u0131racak yak\u0131t\u0131n t\u00fckenmesi nedeniyle birka\u00e7 saat i\u00e7inde kapat\u0131lma tehdidiyle kar\u015f\u0131 kar\u015f\u0131ya kald\u0131ktan sonra son bir imdat \u00e7a\u011fr\u0131s\u0131 yaparak, Gazze&#8217;de hem \u015eifa T\u0131p Kompleksi&#8217;nde hem de Endonezya Hastanesi&#8217;nde ana elektrik jenerat\u00f6r\u00fcn\u00fcn durmas\u0131na yaln\u0131zca birka\u00e7 saatin kalaca\u011f\u0131n\u0131 vurgulayan Bakan, 42&#8217;si \u00e7ocuk y\u00fczlerce yaral\u0131 ve hasta insan\u0131n hayat\u0131n\u0131 tehdit etti\u011fini vurgulad\u0131.<\/p>\n<p style=\"text-align: justify;\">\u00d6te yandan i\u015fgal, Gazze \u015eeridi&#8217;ndeki internet ve ileti\u015fim a\u011f\u0131n\u0131 yeniden kesti. Filistin Telekom\u00fcnikasyon \u015eirketi \u015funlar\u0131 s\u00f6yledi: \u2018\u2019Daha \u00f6nce yeniden ba\u011flanan uluslararas\u0131 yollar\u0131n yeniden kesilmesi nedeniyle Gazze \u015eeridi ile t\u00fcm ileti\u015fim ve internet hizmetleri kesildi.\u2019\u2019<\/p>\n<p style=\"text-align: center;\"><strong><a href=\"https:\/\/t.me\/SuriyeArapHaberAjansI\">Telegram Kanal\u0131m\u0131z\u00a0<\/a>||<a href=\"https:\/\/twitter.com\/arap_ajans\">X Platformumuz\u00a0<\/a>||<a href=\"https:\/\/www.facebook.com\/SANAHaberAjansi\/\">Facebook Sayfam\u0131z<\/a><\/strong><\/p>\n","protected":false},"excerpt":{"rendered":"<p>\u0130\u015eGAL ED\u0130LEN KU\u00dcS 01 KASIM (SANA) &#8211; \u0130srail&#8217;in ku\u015fatma alt\u0131ndaki Gazze \u015eeridi&#8217;ne y\u00f6nelik devam eden i\u015fgal sald\u0131r\u0131s\u0131, sa\u011fl\u0131k sisteminin \u00e7\u00f6kmesi ve hizmet veren hastanelerin akaryak\u0131t i\u00e7in imdat \u00e7a\u011fr\u0131s\u0131 g\u00f6ndermesi sonucunda bug\u00fcn onlarca Filistinli \u015fehit oldu ve yaraland\u0131. Wafa Ajans\u0131, \u2018\u2019Ge\u00e7ti\u011fimiz saatlerde i\u015fgal u\u00e7aklar\u0131, Gazze \u015eeridi&#8217;nin kuzeyindeki Cebeliye ve kamp\u0131na, merkezindeki Nuseyrat kamp\u0131na ve g\u00fcneyindeki Han &hellip;<\/p>\n","protected":false},"author":41,"featured_media":291220,"comment_status":"closed","ping_status":"closed","sticky":false,"template":"","format":"standard","meta":{"footnotes":""},"categories":[458,459,17988],"tags":[40291],"class_list":["post-291219","post","type-post","status-publish","format-standard","has-post-thumbnail","","category-dunya1","category-haberler-arap-uluslararasi-politika","category-son-haberler","tag-gazze-seridinde-26nci-gununde-de-devam-eden-isgal-saldirganligi-sonucu-onlarca-sehit-ve-yarali"],"_links":{"self":[{"href":"https:\/\/archive.sana.sy\/tr\/index.php?rest_route=\/wp\/v2\/posts\/291219","targetHints":{"allow":["GET"]}}],"collection":[{"href":"https:\/\/archive.sana.sy\/tr\/index.php?rest_route=\/wp\/v2\/posts"}],"about":[{"href":"https:\/\/archive.sana.sy\/tr\/index.php?rest_route=\/wp\/v2\/types\/post"}],"author":[{"embeddable":true,"href":"https:\/\/archive.sana.sy\/tr\/index.php?rest_route=\/wp\/v2\/users\/41"}],"replies":[{"embeddable":true,"href":"https:\/\/archive.sana.sy\/tr\/index.php?rest_route=%2Fwp%2Fv2%2Fcomments&post=291219"}],"version-history":[{"count":1,"href":"https:\/\/archive.sana.sy\/tr\/index.php?rest_route=\/wp\/v2\/posts\/291219\/revisions"}],"predecessor-version":[{"id":291221,"href":"https:\/\/archive.sana.sy\/tr\/index.php?rest_route=\/wp\/v2\/posts\/291219\/revisions\/291221"}],"wp:featuredmedia":[{"embeddable":true,"href":"https:\/\/archive.sana.sy\/tr\/index.php?rest_route=\/wp\/v2\/media\/291220"}],"wp:attachment":[{"href":"https:\/\/archive.sana.sy\/tr\/index.php?rest_route=%2Fwp%2Fv2%2Fmedia&parent=291219"}],"wp:term":[{"taxonomy":"category","embeddable":true,"href":"https:\/\/archive.sana.sy\/tr\/index.php?rest_route=%2Fwp%2Fv2%2Fcategories&post=291219"},{"taxonomy":"post_tag","embeddable":true,"href":"https:\/\/archive.sana.sy\/tr\/index.php?rest_route=%2Fwp%2Fv2%2Ftags&post=291219"}],"curies":[{"name":"wp","href":"https:\/\/api.w.org\/{rel}","templated":true}]}}