{"id":291222,"date":"2023-11-01T15:15:46","date_gmt":"2023-11-01T12:15:46","guid":{"rendered":"https:\/\/sana.sy\/tr\/?p=291222"},"modified":"2023-11-02T09:15:03","modified_gmt":"2023-11-02T06:15:03","slug":"dubaide-suriye-yaklasan-arap-okuma-yarismasi-icin-koordinasyon-toplantisina-katiliyor","status":"publish","type":"post","link":"https:\/\/archive.sana.sy\/tr\/?p=291222","title":{"rendered":"Dubai&#8217;de&#8230; Suriye, Yakla\u015fan Arap Okuma Yar\u0131\u015fmas\u0131 \u0130\u00e7in Koordinasyon Toplant\u0131s\u0131na Kat\u0131l\u0131yor"},"content":{"rendered":"<p style=\"text-align: justify;\"><strong>DUBA\u0130 01 KASIM (SANA)<\/strong> &#8211; Suriye&#8217;nin kat\u0131l\u0131m\u0131yla Birle\u015fik Arap Emirlikleri&#8217;nin d\u00fczenledi\u011fi Arap Okuma Yar\u0131\u015fmas\u0131 giri\u015fiminin sekizinci sezonunun haz\u0131rl\u0131k koordinasyon toplant\u0131s\u0131 bug\u00fcn Dubai&#8217;de ger\u00e7ekle\u015ftirildi.<\/p>\n<p style=\"text-align: justify;\"><img loading=\"lazy\" decoding=\"async\" class=\"size-full wp-image-291224 alignright\" src=\"http:\/\/sana.sy\/tr\/wp-content\/uploads\/2023\/11\/photo_2023-11-01_12-38-03-300x217-1.jpg\" alt=\"\" width=\"300\" height=\"217\" \/>Giri\u015fimin yedinci sezonunun d\u00fcn sona ermesi ve Arap Okuma Yar\u0131\u015fmas\u0131 \u015fampiyonlar\u0131n\u0131n ta\u00e7land\u0131r\u0131lmas\u0131n\u0131n ard\u0131ndan ger\u00e7ekle\u015fen toplant\u0131da, giri\u015fimin sekizinci sezonuna haz\u0131rl\u0131k, zorluklar ve \u00e7al\u0131\u015fma mekanizmas\u0131n\u0131n sunumu yap\u0131ld\u0131.<\/p>\n<p style=\"text-align: justify;\">Giri\u015fimin Suriye&#8217;deki genel koordinat\u00f6r\u00fc Ali El Abbas, Okuma M\u00fccadelesi giri\u015fiminin ikinci kez kat\u0131ld\u0131\u011f\u0131 Suriye&#8217;de ge\u00e7irdi\u011fi a\u015famalar\u0131 i\u00e7eren toplant\u0131da bir sunum yapt\u0131.<\/p>\n<p style=\"text-align: justify;\">El Abbas, SANA&#8217;ya yapt\u0131\u011f\u0131 a\u00e7\u0131klamada, yedinci sezon i\u00e7in d\u00fczenlenen yar\u0131\u015fmaya Suriye&#8217;den kat\u0131lan nihai kat\u0131l\u0131mc\u0131 say\u0131s\u0131n\u0131n 50 kitap okumay\u0131 bitiren 375 binden fazla kat\u0131l\u0131mc\u0131ya ula\u015ft\u0131\u011f\u0131n\u0131 ve bunun yar\u0131\u015fmaya ikinci kat\u0131l\u0131m\u0131 oldu\u011funu a\u00e7\u0131klarken, yar\u0131\u015fman\u0131n ba\u015flang\u0131c\u0131ndan bu yana, yar\u0131\u015fman\u0131n uygulanmas\u0131, en geni\u015f hedef kitleye ula\u015fmas\u0131 ve uzak co\u011frafi b\u00f6lgeleri kapsamas\u0131 amac\u0131yla ulusal d\u00fczeyde bir \u00e7al\u0131\u015fma ekibi olu\u015fturuldu\u011funu ve \u00e7al\u0131\u015fmalar\u0131n gruplara ayr\u0131ld\u0131\u011f\u0131n\u0131 belirtti.<\/p>\n<p style=\"text-align: justify;\">D\u00fcn Suriye, Dubai Operas\u0131&#8217;nda kazananlar\u0131n isimlerinin a\u00e7\u0131kland\u0131\u011f\u0131 bir t\u00f6renin d\u00fczenlendi\u011fi Arap Okuma Yar\u0131\u015fmas\u0131 giri\u015fiminin yedinci edisyonunda final elemelerinde ikinci oldu.<\/p>\n<p style=\"text-align: center;\"><strong><a href=\"https:\/\/t.me\/SuriyeArapHaberAjansI\">Telegram Kanal\u0131m\u0131z\u00a0<\/a>||<a href=\"https:\/\/twitter.com\/arap_ajans\">X Platformumuz\u00a0<\/a>||<a href=\"https:\/\/www.facebook.com\/SANAHaberAjansi\/\">Facebook Sayfam\u0131z<\/a><\/strong><\/p>\n","protected":false},"excerpt":{"rendered":"<p>DUBA\u0130 01 KASIM (SANA) &#8211; Suriye&#8217;nin kat\u0131l\u0131m\u0131yla Birle\u015fik Arap Emirlikleri&#8217;nin d\u00fczenledi\u011fi Arap Okuma Yar\u0131\u015fmas\u0131 giri\u015fiminin sekizinci sezonunun haz\u0131rl\u0131k koordinasyon toplant\u0131s\u0131 bug\u00fcn Dubai&#8217;de ger\u00e7ekle\u015ftirildi. Giri\u015fimin yedinci sezonunun d\u00fcn sona ermesi ve Arap Okuma Yar\u0131\u015fmas\u0131 \u015fampiyonlar\u0131n\u0131n ta\u00e7land\u0131r\u0131lmas\u0131n\u0131n ard\u0131ndan ger\u00e7ekle\u015fen toplant\u0131da, giri\u015fimin sekizinci sezonuna haz\u0131rl\u0131k, zorluklar ve \u00e7al\u0131\u015fma mekanizmas\u0131n\u0131n sunumu yap\u0131ld\u0131. Giri\u015fimin Suriye&#8217;deki genel koordinat\u00f6r\u00fc Ali El Abbas, &hellip;<\/p>\n","protected":false},"author":41,"featured_media":291223,"comment_status":"closed","ping_status":"closed","sticky":false,"template":"","format":"standard","meta":{"footnotes":""},"categories":[458,459,17988],"tags":[40292,40293],"class_list":["post-291222","post","type-post","status-publish","format-standard","has-post-thumbnail","","category-dunya1","category-haberler-arap-uluslararasi-politika","category-son-haberler","tag-dubaide-suriye","tag-yaklasan-arap-okuma-yarismasi-icin-koordinasyon-toplantisina-katiliyor"],"_links":{"self":[{"href":"https:\/\/archive.sana.sy\/tr\/index.php?rest_route=\/wp\/v2\/posts\/291222","targetHints":{"allow":["GET"]}}],"collection":[{"href":"https:\/\/archive.sana.sy\/tr\/index.php?rest_route=\/wp\/v2\/posts"}],"about":[{"href":"https:\/\/archive.sana.sy\/tr\/index.php?rest_route=\/wp\/v2\/types\/post"}],"author":[{"embeddable":true,"href":"https:\/\/archive.sana.sy\/tr\/index.php?rest_route=\/wp\/v2\/users\/41"}],"replies":[{"embeddable":true,"href":"https:\/\/archive.sana.sy\/tr\/index.php?rest_route=%2Fwp%2Fv2%2Fcomments&post=291222"}],"version-history":[{"count":1,"href":"https:\/\/archive.sana.sy\/tr\/index.php?rest_route=\/wp\/v2\/posts\/291222\/revisions"}],"predecessor-version":[{"id":291225,"href":"https:\/\/archive.sana.sy\/tr\/index.php?rest_route=\/wp\/v2\/posts\/291222\/revisions\/291225"}],"wp:featuredmedia":[{"embeddable":true,"href":"https:\/\/archive.sana.sy\/tr\/index.php?rest_route=\/wp\/v2\/media\/291223"}],"wp:attachment":[{"href":"https:\/\/archive.sana.sy\/tr\/index.php?rest_route=%2Fwp%2Fv2%2Fmedia&parent=291222"}],"wp:term":[{"taxonomy":"category","embeddable":true,"href":"https:\/\/archive.sana.sy\/tr\/index.php?rest_route=%2Fwp%2Fv2%2Fcategories&post=291222"},{"taxonomy":"post_tag","embeddable":true,"href":"https:\/\/archive.sana.sy\/tr\/index.php?rest_route=%2Fwp%2Fv2%2Ftags&post=291222"}],"curies":[{"name":"wp","href":"https:\/\/api.w.org\/{rel}","templated":true}]}}