{"id":291246,"date":"2023-11-01T19:11:21","date_gmt":"2023-11-01T16:11:21","guid":{"rendered":"https:\/\/sana.sy\/tr\/?p=291246"},"modified":"2023-11-02T14:22:33","modified_gmt":"2023-11-02T11:22:33","slug":"suriyedeki-buyukelciler-ve-diplomatik-misyon-baskanlari-gazze-ile-dayanisma-durusu-duzenledi","status":"publish","type":"post","link":"https:\/\/archive.sana.sy\/tr\/?p=291246","title":{"rendered":"Suriye&#8217;deki B\u00fcy\u00fckel\u00e7iler Ve Diplomatik Misyon Ba\u015fkanlar\u0131 Gazze \u0130le Dayan\u0131\u015fma Duru\u015fu D\u00fczenledi"},"content":{"rendered":"<p style=\"text-align: justify;\"><strong>\u015eAM 01 KASIM (SANA)<\/strong> &#8211; Filistin Kurtulu\u015f \u00d6rg\u00fct\u00fc Arap \u0130li\u015fkileri Dairesi, Gazze \u015eeridi&#8217;ndeki Filistin halk\u0131yla dayan\u0131\u015fmak ve fa\u015fist \u0130srail i\u015fgalinin onlara kar\u015f\u0131 i\u015fledi\u011fi su\u00e7lar\u0131 ve katliamlar\u0131 k\u0131namak amac\u0131yla Arap, \u0130slam ve <img loading=\"lazy\" decoding=\"async\" class=\"size-full wp-image-291254 alignright\" src=\"http:\/\/sana.sy\/tr\/wp-content\/uploads\/2023\/11\/DSC_7736-300x200-1.jpg\" alt=\"\" width=\"300\" height=\"200\" \/>yabanc\u0131 diplomatik kurumlar i\u00e7in bir dayan\u0131\u015fma stand\u0131 d\u00fczenledi.<\/p>\n<p style=\"text-align: justify;\">Filistin Kurtulu\u015f \u00d6rg\u00fct\u00fc Arap \u0130li\u015fkileri Dairesi Genel M\u00fcd\u00fcr\u00fc B\u00fcy\u00fckel\u00e7i Enver Abdulhadi, \u00fclkelerin ve etkili g\u00fc\u00e7lerin i\u015fgalci yap\u0131ya verdi\u011fi deste\u011fi, sivillere kar\u015f\u0131 i\u015flenen su\u00e7lar\u0131n me\u015frula\u015ft\u0131r\u0131lmas\u0131n\u0131 ve bu katliamlar\u0131 ve soyk\u0131r\u0131m\u0131 durdurma konusundaki eylemsizliklerini k\u0131nayarak, \u0130srail i\u015fgalinin temizlik su\u00e7lar\u0131n\u0131 ger\u00e7ekle\u015ftirmek i\u00e7in yalanlara, aldatmaya ve aldatmaya dayand\u0131\u011f\u0131na dikkat \u00e7ekti.<\/p>\n<p style=\"text-align: justify;\">Buna kar\u015f\u0131l\u0131k, M\u0131s\u0131r B\u00fcy\u00fckel\u00e7ili\u011fi Maslahatg\u00fczar\u0131 B\u00fcy\u00fckel\u00e7i Mahmud \u00d6mer, en sonuncusu Jabalia kamp\u0131nda olmak \u00fczere Filistin halk\u0131n\u0131n maruz kald\u0131\u011f\u0131 insanl\u0131k d\u0131\u015f\u0131 sald\u0131r\u0131y\u0131 ve toplu cezaland\u0131rmay\u0131 en g\u00fc\u00e7l\u00fc ifadelerle k\u0131nad\u0131.<\/p>\n<p style=\"text-align: justify;\">B\u00fcy\u00fckel\u00e7i \u00d6mer, \u00fclkesinin Filistin meselesini ortadan kald\u0131rmaya ve Gazze halk\u0131n\u0131 yerinden etmeye y\u00f6nelik giri\u015fim ve \u00e7abalar\u0131 kategorik olarak reddetti\u011fini do\u011frulad\u0131 ve M\u0131s\u0131r&#8217;\u0131n Filistin halk\u0131n\u0131n yan\u0131nda durdu\u011funu vurgulad\u0131.<\/p>\n<p style=\"text-align: justify;\">\u00dcrd\u00fcn Ha\u015fimi Krall\u0131\u011f\u0131 B\u00fcy\u00fckel\u00e7ili\u011fi Maslahatg\u00fczar\u0131 Basil Kayid ise \u00dcrd\u00fcn&#8217;\u00fcn Arap \u00fclkeleriyle koordinasyon i\u00e7inde oldu\u011funu ve \u0130srail&#8217;in Gazze \u015eeridi&#8217;ne y\u00f6nelik sald\u0131rganl\u0131\u011f\u0131n\u0131 durdurmak i\u00e7in b\u00fcy\u00fck \u00e7aba sarf etti\u011fini belirtirken, \u00fclkesinin, 4 Haziran 1967 \u00e7izgisinde ba\u011f\u0131ms\u0131z bir devlet kurarak Filistin halk\u0131n\u0131n me\u015fru haklar\u0131na kavu\u015fmas\u0131n\u0131 destekleme konusundaki net pozisyonunu vurguluyor.<\/p>\n<p style=\"text-align: justify;\"><img loading=\"lazy\" decoding=\"async\" class=\"size-full wp-image-291255 alignright\" src=\"http:\/\/sana.sy\/tr\/wp-content\/uploads\/2023\/11\/DSC_7779-300x192-1.jpg\" alt=\"\" width=\"300\" height=\"192\" \/>Cezayir B\u00fcy\u00fckel\u00e7isi Kemal Bu\u015fama ise \u0130srail&#8217;in Gazze \u015eeridi&#8217;ndeki Filistin halk\u0131na y\u00f6nelik sald\u0131rganl\u0131\u011f\u0131n\u0131 k\u0131nayarak, Cezayir&#8217;in s\u00f6z\u00fcyle ve fiiliyle her zaman Filistin halk\u0131n\u0131n yan\u0131nda oldu\u011funa i\u015faret ederek, t\u00fcm b\u00f6lgesel ve uluslararas\u0131 taraflara ve uluslararas\u0131 topluma \u00e7ocuklara, kad\u0131nlara ve ya\u015fl\u0131lara y\u00f6nelik sald\u0131r\u0131lar\u0131 durdurma \u00e7a\u011fr\u0131s\u0131nda bulundu.<\/p>\n<p style=\"text-align: justify;\">Bunun \u00fczerine \u0130ran B\u00fcy\u00fckel\u00e7ili\u011fi Maslahatg\u00fczar\u0131 Ali R\u0131za Aiti, Amerika Birle\u015fik Devletleri&#8217;ne cinayet i\u015fleyen Siyonist olu\u015fuma verdi\u011fi deste\u011fi durdurmas\u0131 ve bu su\u00e7lardan &#8220;\u0130srail&#8221;i sorumlu tutmas\u0131 \u00e7a\u011fr\u0131s\u0131nda bulunurken, d\u00fcnya halklar\u0131n\u0131n Siyonist sald\u0131rganl\u0131\u011f\u0131 k\u0131namas\u0131n\u0131n ve Gazze&#8217;deki Filistin halk\u0131na acil yard\u0131m talebinde bulunmas\u0131n\u0131n \u00f6nemine dikkat \u00e7ekkti.<\/p>\n<p style=\"text-align: justify;\">Kendi ym\u00fcnden Tunus&#8217;un \u015eam B\u00fcy\u00fckel\u00e7isi Muhammed El Mahdhabi, SANA muhabirine yapt\u0131\u011f\u0131 a\u00e7\u0131klamada, Filistin halk\u0131na y\u00f6nelik sald\u0131r\u0131n\u0131n durdurulmas\u0131 ve yard\u0131mlar\u0131n eksiksiz ve ko\u015fulsuz olarak ula\u015ft\u0131r\u0131lmas\u0131n\u0131n gereklili\u011fini vurgulad\u0131.<\/p>\n<p style=\"text-align: justify;\">Melkite Rum Katolik Patrikhanesi Genel M\u00fcste\u015far\u0131 Archimandrite George Jbeil de benzer bir a\u00e7\u0131klamada, bir\u00e7ok Bat\u0131l\u0131 \u00fclkenin destekledi\u011fi gasp\u00e7\u0131 \u0130srail varl\u0131\u011f\u0131n\u0131n Gazze&#8217;de ger\u00e7ekle\u015ftirdi\u011fi vah\u015fi sald\u0131r\u0131n\u0131n su\u00e7 oldu\u011funu belirtti.<\/p>\n<p style=\"text-align: justify;\">Duru\u015fa Umman, Bahreyn, Birle\u015fik Arap Emirlikleri, L\u00fcbnan, Sudan, Irak, Venezuela, Moritanya, Rusya ve K\u00fcba b\u00fcy\u00fckel\u00e7iliklerinin temsilcileri kat\u0131ld\u0131.<\/p>\n<div id='gallery-1' class='gallery galleryid-291246 gallery-columns-3 gallery-size-thumbnail'><figure class='gallery-item'>\n\t\t\t<div class='gallery-icon landscape'>\n\t\t\t\t<a href='https:\/\/archive.sana.sy\/tr\/?attachment_id=291248'><img loading=\"lazy\" decoding=\"async\" width=\"150\" height=\"150\" src=\"https:\/\/archive.sana.sy\/tr\/wp-content\/uploads\/2023\/11\/DSC_7833-150x150.jpg\" class=\"attachment-thumbnail size-thumbnail\" alt=\"\" \/><\/a>\n\t\t\t<\/div><\/figure><figure class='gallery-item'>\n\t\t\t<div class='gallery-icon landscape'>\n\t\t\t\t<a href='https:\/\/archive.sana.sy\/tr\/?attachment_id=291249'><img loading=\"lazy\" decoding=\"async\" width=\"150\" height=\"150\" src=\"https:\/\/archive.sana.sy\/tr\/wp-content\/uploads\/2023\/11\/DSC_7814-150x150.jpg\" class=\"attachment-thumbnail size-thumbnail\" alt=\"\" \/><\/a>\n\t\t\t<\/div><\/figure><figure class='gallery-item'>\n\t\t\t<div class='gallery-icon landscape'>\n\t\t\t\t<a href='https:\/\/archive.sana.sy\/tr\/?attachment_id=291250'><img loading=\"lazy\" decoding=\"async\" width=\"150\" height=\"150\" src=\"https:\/\/archive.sana.sy\/tr\/wp-content\/uploads\/2023\/11\/DSC_7805-150x150.jpg\" class=\"attachment-thumbnail size-thumbnail\" alt=\"\" \/><\/a>\n\t\t\t<\/div><\/figure><figure class='gallery-item'>\n\t\t\t<div class='gallery-icon landscape'>\n\t\t\t\t<a href='https:\/\/archive.sana.sy\/tr\/?attachment_id=291251'><img loading=\"lazy\" decoding=\"async\" width=\"150\" height=\"150\" src=\"https:\/\/archive.sana.sy\/tr\/wp-content\/uploads\/2023\/11\/DSC_7795-150x150.jpg\" class=\"attachment-thumbnail size-thumbnail\" alt=\"\" \/><\/a>\n\t\t\t<\/div><\/figure><figure class='gallery-item'>\n\t\t\t<div class='gallery-icon landscape'>\n\t\t\t\t<a href='https:\/\/archive.sana.sy\/tr\/?attachment_id=291252'><img loading=\"lazy\" decoding=\"async\" width=\"150\" height=\"150\" src=\"https:\/\/archive.sana.sy\/tr\/wp-content\/uploads\/2023\/11\/DSC_7755-150x150.jpg\" class=\"attachment-thumbnail size-thumbnail\" alt=\"\" \/><\/a>\n\t\t\t<\/div><\/figure><figure class='gallery-item'>\n\t\t\t<div class='gallery-icon landscape'>\n\t\t\t\t<a href='https:\/\/archive.sana.sy\/tr\/?attachment_id=291253'><img loading=\"lazy\" decoding=\"async\" width=\"150\" height=\"150\" src=\"https:\/\/archive.sana.sy\/tr\/wp-content\/uploads\/2023\/11\/DSC_7739-150x150.jpg\" class=\"attachment-thumbnail size-thumbnail\" alt=\"\" \/><\/a>\n\t\t\t<\/div><\/figure>\n\t\t<\/div>\n\n<p style=\"text-align: center;\"><strong><a href=\"https:\/\/t.me\/SuriyeArapHaberAjansI\">Telegram Kanal\u0131m\u0131z\u00a0<\/a><span style=\"color: #ff0000;\">||<\/span><a href=\"https:\/\/twitter.com\/arap_ajans\">X Platformumuz\u00a0<\/a><span style=\"color: #ff0000;\">||<\/span><a href=\"https:\/\/www.facebook.com\/SANAHaberAjansi\/\">Facebook Sayfam\u0131z<\/a><\/strong><\/p>\n<p style=\"text-align: justify;\">\n","protected":false},"excerpt":{"rendered":"<p>\u015eAM 01 KASIM (SANA) &#8211; Filistin Kurtulu\u015f \u00d6rg\u00fct\u00fc Arap \u0130li\u015fkileri Dairesi, Gazze \u015eeridi&#8217;ndeki Filistin halk\u0131yla dayan\u0131\u015fmak ve fa\u015fist \u0130srail i\u015fgalinin onlara kar\u015f\u0131 i\u015fledi\u011fi su\u00e7lar\u0131 ve katliamlar\u0131 k\u0131namak amac\u0131yla Arap, \u0130slam ve yabanc\u0131 diplomatik kurumlar i\u00e7in bir dayan\u0131\u015fma stand\u0131 d\u00fczenledi. Filistin Kurtulu\u015f \u00d6rg\u00fct\u00fc Arap \u0130li\u015fkileri Dairesi Genel M\u00fcd\u00fcr\u00fc B\u00fcy\u00fckel\u00e7i Enver Abdulhadi, \u00fclkelerin ve etkili g\u00fc\u00e7lerin i\u015fgalci &hellip;<\/p>\n","protected":false},"author":41,"featured_media":291247,"comment_status":"closed","ping_status":"closed","sticky":false,"template":"","format":"standard","meta":{"footnotes":""},"categories":[479,17988,478],"tags":[25362,40295],"class_list":["post-291246","post","type-post","status-publish","format-standard","has-post-thumbnail","","category-haberler-yerel","category-son-haberler","category-yerel","tag-samda-son-durum","tag-suriyedeki-buyukelciler-ve-diplomatik-misyon-baskanlari-gazze-ile-dayanisma-durusu-duzenledi"],"_links":{"self":[{"href":"https:\/\/archive.sana.sy\/tr\/index.php?rest_route=\/wp\/v2\/posts\/291246","targetHints":{"allow":["GET"]}}],"collection":[{"href":"https:\/\/archive.sana.sy\/tr\/index.php?rest_route=\/wp\/v2\/posts"}],"about":[{"href":"https:\/\/archive.sana.sy\/tr\/index.php?rest_route=\/wp\/v2\/types\/post"}],"author":[{"embeddable":true,"href":"https:\/\/archive.sana.sy\/tr\/index.php?rest_route=\/wp\/v2\/users\/41"}],"replies":[{"embeddable":true,"href":"https:\/\/archive.sana.sy\/tr\/index.php?rest_route=%2Fwp%2Fv2%2Fcomments&post=291246"}],"version-history":[{"count":1,"href":"https:\/\/archive.sana.sy\/tr\/index.php?rest_route=\/wp\/v2\/posts\/291246\/revisions"}],"predecessor-version":[{"id":291256,"href":"https:\/\/archive.sana.sy\/tr\/index.php?rest_route=\/wp\/v2\/posts\/291246\/revisions\/291256"}],"wp:featuredmedia":[{"embeddable":true,"href":"https:\/\/archive.sana.sy\/tr\/index.php?rest_route=\/wp\/v2\/media\/291247"}],"wp:attachment":[{"href":"https:\/\/archive.sana.sy\/tr\/index.php?rest_route=%2Fwp%2Fv2%2Fmedia&parent=291246"}],"wp:term":[{"taxonomy":"category","embeddable":true,"href":"https:\/\/archive.sana.sy\/tr\/index.php?rest_route=%2Fwp%2Fv2%2Fcategories&post=291246"},{"taxonomy":"post_tag","embeddable":true,"href":"https:\/\/archive.sana.sy\/tr\/index.php?rest_route=%2Fwp%2Fv2%2Ftags&post=291246"}],"curies":[{"name":"wp","href":"https:\/\/api.w.org\/{rel}","templated":true}]}}