{"id":291257,"date":"2023-11-02T09:10:31","date_gmt":"2023-11-02T06:10:31","guid":{"rendered":"https:\/\/sana.sy\/tr\/?p=291257"},"modified":"2023-11-03T09:34:26","modified_gmt":"2023-11-03T06:34:26","slug":"aksa-tufani-operasyonun-one-cikan-gelismeleri-18","status":"publish","type":"post","link":"https:\/\/archive.sana.sy\/tr\/?p=291257","title":{"rendered":"\u201cAksa Tufan\u0131\u201d Operasyonun \u00d6ne \u00c7\u0131kan Geli\u015fmeleri"},"content":{"rendered":"<p><strong>\u0130\u015eGAL ED\u0130LEN KUD\u00dcS 2 KASIM (SANA)<\/strong> \u2013 Filistin direni\u015finin i\u015fgalci \u0130srail\u2019in sald\u0131rganl\u0131\u011f\u0131na tepki olarak 27\u2019nci g\u00fcn\u00fcnde ba\u015flatt\u0131\u011f\u0131 Aksa Tufan\u0131 Operasyonu\u2019nda \u00f6ne \u00e7\u0131kan geli\u015fmeler:<\/p>\n<ul>\n<li>Filistin direni\u015fi, Gazze&#8217;nin g\u00fcneyindeki Cuhr El Dik b\u00f6lgesinde Siyonist d\u00fc\u015fmana ait bir tank ve baz\u0131 askerlerini &#8220;El Yassin 105&#8221; f\u00fczesiyle hedef ald\u0131.<\/li>\n<li>Filistin medyas\u0131: \u0130srail i\u015fgal u\u00e7aklar\u0131n\u0131n Gazze \u015eeridi&#8217;nin kuzeyindeki Cebeliye kamp\u0131ndaki bir evi bombalamas\u0131 sonucu 3 \u015fehit ve \u00e7ok say\u0131da yaral\u0131.<\/li>\n<li>Filistin direni\u015fi, kuzeybat\u0131 Gazze ekseninde iki Siyonist d\u00fc\u015fman arac\u0131n\u0131 iki adet \u201cEl Yassin 105\u201d f\u00fczesiyle hedef ald\u0131.<\/li>\n<li>\u0130srail d\u00fc\u015fman medyas\u0131, Gazze \u00e7evresindeki \u00e7at\u0131\u015fmalarda bir askerinin \u00f6ld\u00fcr\u00fcld\u00fc\u011f\u00fcn\u00fc itiraf ediyor.<\/li>\n<li>Filistin direni\u015fi, kuzeybat\u0131 Gazze ekseninde \u0130srail d\u00fc\u015fman\u0131na ait bir tank ve iki buldozeri \u201cEl Yassin 105\u201d f\u00fczeleriyle hedef ald\u0131.<\/li>\n<li>L\u00fcbnan direni\u015fi, El Malikiyah ve Hunin k\u00f6ylerinin hava sahas\u0131nda i\u015fgal alt\u0131ndaki Filistin ile s\u0131n\u0131r b\u00f6lgeleri \u00fczerinde u\u00e7an silahl\u0131 bir \u0130srail d\u00fc\u015fman insans\u0131z hava arac\u0131n\u0131 karadan havaya f\u00fczeyle hedef ald\u0131.<\/li>\n<\/ul>\n<p style=\"text-align: center;\"><strong><a href=\"https:\/\/t.me\/SuriyeArapHaberAjansI\">Telegram Kanal\u0131m\u0131z\u00a0<\/a>||<a href=\"https:\/\/twitter.com\/arap_ajans\">X Platformumuz\u00a0<\/a>||<a href=\"https:\/\/www.facebook.com\/SANAHaberAjansi\/\">Facebook Sayfam\u0131z<\/a><\/strong><\/p>\n","protected":false},"excerpt":{"rendered":"<p>\u0130\u015eGAL ED\u0130LEN KUD\u00dcS 2 KASIM (SANA) \u2013 Filistin direni\u015finin i\u015fgalci \u0130srail\u2019in sald\u0131rganl\u0131\u011f\u0131na tepki olarak 27\u2019nci g\u00fcn\u00fcnde ba\u015flatt\u0131\u011f\u0131 Aksa Tufan\u0131 Operasyonu\u2019nda \u00f6ne \u00e7\u0131kan geli\u015fmeler: Filistin direni\u015fi, Gazze&#8217;nin g\u00fcneyindeki Cuhr El Dik b\u00f6lgesinde Siyonist d\u00fc\u015fmana ait bir tank ve baz\u0131 askerlerini &#8220;El Yassin 105&#8221; f\u00fczesiyle hedef ald\u0131. Filistin medyas\u0131: \u0130srail i\u015fgal u\u00e7aklar\u0131n\u0131n Gazze \u015eeridi&#8217;nin kuzeyindeki Cebeliye kamp\u0131ndaki &hellip;<\/p>\n","protected":false},"author":39,"featured_media":291258,"comment_status":"closed","ping_status":"closed","sticky":false,"template":"","format":"standard","meta":{"footnotes":""},"categories":[458,459,17988],"tags":[],"class_list":["post-291257","post","type-post","status-publish","format-standard","has-post-thumbnail","","category-dunya1","category-haberler-arap-uluslararasi-politika","category-son-haberler"],"_links":{"self":[{"href":"https:\/\/archive.sana.sy\/tr\/index.php?rest_route=\/wp\/v2\/posts\/291257","targetHints":{"allow":["GET"]}}],"collection":[{"href":"https:\/\/archive.sana.sy\/tr\/index.php?rest_route=\/wp\/v2\/posts"}],"about":[{"href":"https:\/\/archive.sana.sy\/tr\/index.php?rest_route=\/wp\/v2\/types\/post"}],"author":[{"embeddable":true,"href":"https:\/\/archive.sana.sy\/tr\/index.php?rest_route=\/wp\/v2\/users\/39"}],"replies":[{"embeddable":true,"href":"https:\/\/archive.sana.sy\/tr\/index.php?rest_route=%2Fwp%2Fv2%2Fcomments&post=291257"}],"version-history":[{"count":1,"href":"https:\/\/archive.sana.sy\/tr\/index.php?rest_route=\/wp\/v2\/posts\/291257\/revisions"}],"predecessor-version":[{"id":291259,"href":"https:\/\/archive.sana.sy\/tr\/index.php?rest_route=\/wp\/v2\/posts\/291257\/revisions\/291259"}],"wp:featuredmedia":[{"embeddable":true,"href":"https:\/\/archive.sana.sy\/tr\/index.php?rest_route=\/wp\/v2\/media\/291258"}],"wp:attachment":[{"href":"https:\/\/archive.sana.sy\/tr\/index.php?rest_route=%2Fwp%2Fv2%2Fmedia&parent=291257"}],"wp:term":[{"taxonomy":"category","embeddable":true,"href":"https:\/\/archive.sana.sy\/tr\/index.php?rest_route=%2Fwp%2Fv2%2Fcategories&post=291257"},{"taxonomy":"post_tag","embeddable":true,"href":"https:\/\/archive.sana.sy\/tr\/index.php?rest_route=%2Fwp%2Fv2%2Ftags&post=291257"}],"curies":[{"name":"wp","href":"https:\/\/api.w.org\/{rel}","templated":true}]}}