{"id":291270,"date":"2023-11-02T09:16:11","date_gmt":"2023-11-02T06:16:11","guid":{"rendered":"https:\/\/sana.sy\/tr\/?p=291270"},"modified":"2023-11-04T09:14:12","modified_gmt":"2023-11-04T06:14:12","slug":"arjantin-israilin-gazze-seridindeki-cebaliya-kampinda-gerceklestirdigi-iki-katliami-kinadi","status":"publish","type":"post","link":"https:\/\/archive.sana.sy\/tr\/?p=291270","title":{"rendered":"Arjantin, \u0130srail&#8217;in Gazze \u015eeridi&#8217;ndeki Cebaliya Kamp\u0131nda Ger\u00e7ekle\u015ftirdi\u011fi \u0130ki Katliam\u0131 K\u0131nad\u0131"},"content":{"rendered":"<p style=\"text-align: justify;\"><strong>BUENOS A\u0130RES 02 KASIM (SANA) &#8211;<\/strong> Arjantin, \u0130srail i\u015fgal g\u00fc\u00e7lerinin Gazze \u015eeridi&#8217;ndeki Cebeliye kamp\u0131nda iki g\u00fcn i\u00e7inde ger\u00e7ekle\u015ftirdi\u011fi, y\u00fczlerce \u015fehit ve yaralanmayla sonu\u00e7lanan iki katliam\u0131 k\u0131nad\u0131.<\/p>\n<p style=\"text-align: justify;\">Agence France-Presse&#8217;nin haberine g\u00f6re Arjantin D\u0131\u015fi\u015fleri Bakanl\u0131\u011f\u0131 bug\u00fcn yapt\u0131\u011f\u0131 a\u00e7\u0131klamada, Arjantin, \u0130srail g\u00fc\u00e7lerinin Gazze \u015eeridi&#8217;nin kuzeyindeki Jabalia m\u00fclteci kamp\u0131na d\u00fczenledi\u011fi sald\u0131r\u0131y\u0131 k\u0131n\u0131yor&#8221; diyerek, Hi\u00e7bir \u015fey uluslararas\u0131 insanc\u0131l hukukun ve sivil n\u00fcfusu koruma g\u00f6revinin ihlal edilmesini hakl\u0131 \u00e7\u0131karmaz&#8221; ifadelerini kulland\u0131\u011f\u0131n\u0131 aktard\u0131.<\/p>\n<p style=\"text-align: justify;\">D\u0131\u015fi\u015fleri Bakanl\u0131\u011f\u0131, uluslararas\u0131 yard\u0131m\u0131n Gazze \u015eeridi&#8217;ndeki Filistinlilere k\u0131s\u0131tlama olmaks\u0131z\u0131n ve acilen ula\u015fmas\u0131na izin verilmesi \u00e7a\u011fr\u0131s\u0131nda bulundu.<\/p>\n<p style=\"text-align: justify;\">\u0130srail i\u015fgali, u\u00e7aklar\u0131n\u0131n yerle\u015fimlerin oldu\u011fu iki mahalleyi bombalad\u0131\u011f\u0131 Cebaliya kamp\u0131nda iki katliam ger\u00e7ekle\u015ftirerek \u00e7o\u011funlu\u011fu kad\u0131n ve \u00e7ocuk olmak \u00fczere en az binden fazla ki\u015finin \u00f6l\u00fcm\u00fcne, kaybolmas\u0131na ve yaralanmas\u0131na yol a\u00e7m\u0131\u015ft\u0131.<\/p>\n<p>&nbsp;<\/p>\n","protected":false},"excerpt":{"rendered":"<p>BUENOS A\u0130RES 02 KASIM (SANA) &#8211; Arjantin, \u0130srail i\u015fgal g\u00fc\u00e7lerinin Gazze \u015eeridi&#8217;ndeki Cebeliye kamp\u0131nda iki g\u00fcn i\u00e7inde ger\u00e7ekle\u015ftirdi\u011fi, y\u00fczlerce \u015fehit ve yaralanmayla sonu\u00e7lanan iki katliam\u0131 k\u0131nad\u0131. Agence France-Presse&#8217;nin haberine g\u00f6re Arjantin D\u0131\u015fi\u015fleri Bakanl\u0131\u011f\u0131 bug\u00fcn yapt\u0131\u011f\u0131 a\u00e7\u0131klamada, Arjantin, \u0130srail g\u00fc\u00e7lerinin Gazze \u015eeridi&#8217;nin kuzeyindeki Jabalia m\u00fclteci kamp\u0131na d\u00fczenledi\u011fi sald\u0131r\u0131y\u0131 k\u0131n\u0131yor&#8221; diyerek, Hi\u00e7bir \u015fey uluslararas\u0131 insanc\u0131l hukukun ve &hellip;<\/p>\n","protected":false},"author":39,"featured_media":291271,"comment_status":"closed","ping_status":"closed","sticky":false,"template":"","format":"standard","meta":{"footnotes":""},"categories":[458,459,17988],"tags":[],"class_list":["post-291270","post","type-post","status-publish","format-standard","has-post-thumbnail","","category-dunya1","category-haberler-arap-uluslararasi-politika","category-son-haberler"],"_links":{"self":[{"href":"https:\/\/archive.sana.sy\/tr\/index.php?rest_route=\/wp\/v2\/posts\/291270","targetHints":{"allow":["GET"]}}],"collection":[{"href":"https:\/\/archive.sana.sy\/tr\/index.php?rest_route=\/wp\/v2\/posts"}],"about":[{"href":"https:\/\/archive.sana.sy\/tr\/index.php?rest_route=\/wp\/v2\/types\/post"}],"author":[{"embeddable":true,"href":"https:\/\/archive.sana.sy\/tr\/index.php?rest_route=\/wp\/v2\/users\/39"}],"replies":[{"embeddable":true,"href":"https:\/\/archive.sana.sy\/tr\/index.php?rest_route=%2Fwp%2Fv2%2Fcomments&post=291270"}],"version-history":[{"count":1,"href":"https:\/\/archive.sana.sy\/tr\/index.php?rest_route=\/wp\/v2\/posts\/291270\/revisions"}],"predecessor-version":[{"id":291272,"href":"https:\/\/archive.sana.sy\/tr\/index.php?rest_route=\/wp\/v2\/posts\/291270\/revisions\/291272"}],"wp:featuredmedia":[{"embeddable":true,"href":"https:\/\/archive.sana.sy\/tr\/index.php?rest_route=\/wp\/v2\/media\/291271"}],"wp:attachment":[{"href":"https:\/\/archive.sana.sy\/tr\/index.php?rest_route=%2Fwp%2Fv2%2Fmedia&parent=291270"}],"wp:term":[{"taxonomy":"category","embeddable":true,"href":"https:\/\/archive.sana.sy\/tr\/index.php?rest_route=%2Fwp%2Fv2%2Fcategories&post=291270"},{"taxonomy":"post_tag","embeddable":true,"href":"https:\/\/archive.sana.sy\/tr\/index.php?rest_route=%2Fwp%2Fv2%2Ftags&post=291270"}],"curies":[{"name":"wp","href":"https:\/\/api.w.org\/{rel}","templated":true}]}}