{"id":291273,"date":"2023-11-02T12:13:05","date_gmt":"2023-11-02T09:13:05","guid":{"rendered":"https:\/\/sana.sy\/tr\/?p=291273"},"modified":"2023-11-04T09:14:41","modified_gmt":"2023-11-04T06:14:41","slug":"dera-ve-kuneytra-vilayetleri-arasinda-aralarinda-israil-ve-abdnin-de-bulundugu-silahlar-ele-gecirildi","status":"publish","type":"post","link":"https:\/\/archive.sana.sy\/tr\/?p=291273","title":{"rendered":"Dera Ve Kuneytra Vilayetleri Aras\u0131nda Aralar\u0131nda \u0130srail Ve ABD&#8217;nin De Bulundu\u011fu Silahlar Ele Ge\u00e7irildi"},"content":{"rendered":"<p><strong>DERA- KUNEYTRA 02 KASIM 2023 (SANA)<\/strong> \u2013 G\u00fcney b\u00f6lgesindeki yetkili makamlar, halkla i\u015fbirli\u011fi yaparak Dera ve Kuneytra vilayetleri aras\u0131nda \u0130srail ve Amerikan silahlar\u0131 da dahil olmak \u00fczere b\u00fcy\u00fck miktarda silah ele ge\u00e7irdi.<\/p>\n<p style=\"text-align: center;\"><strong><a href=\"https:\/\/t.me\/SuriyeArapHaberAjansI\">Telegram Kanal\u0131m\u0131z\u00a0<\/a>||<a href=\"https:\/\/twitter.com\/arap_ajans\">X Platformumuz\u00a0<\/a>||<a href=\"https:\/\/www.facebook.com\/SANAHaberAjansi\/\">Facebook Sayfam\u0131z<\/a><\/strong><\/p>\n","protected":false},"excerpt":{"rendered":"<p>DERA- KUNEYTRA 02 KASIM 2023 (SANA) \u2013 G\u00fcney b\u00f6lgesindeki yetkili makamlar, halkla i\u015fbirli\u011fi yaparak Dera ve Kuneytra vilayetleri aras\u0131nda \u0130srail ve Amerikan silahlar\u0131 da dahil olmak \u00fczere b\u00fcy\u00fck miktarda silah ele ge\u00e7irdi. Telegram Kanal\u0131m\u0131z\u00a0||X Platformumuz\u00a0||Facebook Sayfam\u0131z<\/p>\n","protected":false},"author":39,"featured_media":291274,"comment_status":"closed","ping_status":"closed","sticky":false,"template":"","format":"standard","meta":{"footnotes":""},"categories":[479,575,17988,478],"tags":[],"class_list":["post-291273","post","type-post","status-publish","format-standard","has-post-thumbnail","","category-haberler-yerel","category-olaylar-ve-gercekler","category-son-haberler","category-yerel"],"_links":{"self":[{"href":"https:\/\/archive.sana.sy\/tr\/index.php?rest_route=\/wp\/v2\/posts\/291273","targetHints":{"allow":["GET"]}}],"collection":[{"href":"https:\/\/archive.sana.sy\/tr\/index.php?rest_route=\/wp\/v2\/posts"}],"about":[{"href":"https:\/\/archive.sana.sy\/tr\/index.php?rest_route=\/wp\/v2\/types\/post"}],"author":[{"embeddable":true,"href":"https:\/\/archive.sana.sy\/tr\/index.php?rest_route=\/wp\/v2\/users\/39"}],"replies":[{"embeddable":true,"href":"https:\/\/archive.sana.sy\/tr\/index.php?rest_route=%2Fwp%2Fv2%2Fcomments&post=291273"}],"version-history":[{"count":2,"href":"https:\/\/archive.sana.sy\/tr\/index.php?rest_route=\/wp\/v2\/posts\/291273\/revisions"}],"predecessor-version":[{"id":291285,"href":"https:\/\/archive.sana.sy\/tr\/index.php?rest_route=\/wp\/v2\/posts\/291273\/revisions\/291285"}],"wp:featuredmedia":[{"embeddable":true,"href":"https:\/\/archive.sana.sy\/tr\/index.php?rest_route=\/wp\/v2\/media\/291274"}],"wp:attachment":[{"href":"https:\/\/archive.sana.sy\/tr\/index.php?rest_route=%2Fwp%2Fv2%2Fmedia&parent=291273"}],"wp:term":[{"taxonomy":"category","embeddable":true,"href":"https:\/\/archive.sana.sy\/tr\/index.php?rest_route=%2Fwp%2Fv2%2Fcategories&post=291273"},{"taxonomy":"post_tag","embeddable":true,"href":"https:\/\/archive.sana.sy\/tr\/index.php?rest_route=%2Fwp%2Fv2%2Ftags&post=291273"}],"curies":[{"name":"wp","href":"https:\/\/api.w.org\/{rel}","templated":true}]}}