{"id":291276,"date":"2023-11-02T09:17:14","date_gmt":"2023-11-02T06:17:14","guid":{"rendered":"https:\/\/sana.sy\/tr\/?p=291276"},"modified":"2023-11-04T09:14:17","modified_gmt":"2023-11-04T06:14:17","slug":"lavrov-rusyanin-ilkeli-tutumu-gazzede-ateskesin-gerekliligi-ve-insani-koridorlarin-acilmasidir","status":"publish","type":"post","link":"https:\/\/archive.sana.sy\/tr\/?p=291276","title":{"rendered":"Lavrov: Rusya&#8217;n\u0131n \u0130lkeli Tutumu Gazze&#8217;de Ate\u015fkesin Gereklili\u011fi Ve \u0130nsani Koridorlar\u0131n A\u00e7\u0131lmas\u0131d\u0131r"},"content":{"rendered":"<p style=\"text-align: justify;\"><strong>MOSKOVA 02 KASIM<\/strong><strong> (SANA)<\/strong> &#8211; D\u0131\u015fi\u015fleri Bakan\u0131 Sergey Lavrov, i\u015fgal alt\u0131ndaki Filistin topraklar\u0131ndaki durumla ilgili geli\u015fmeleri ve \u0130srail&#8217;in Gazze \u015eeridi&#8217;ne y\u00f6nelik sald\u0131rganl\u0131\u011f\u0131n\u0131 g\u00f6r\u00fc\u015fmek \u00fczere Arap \u00fclkelerinin Moskova&#8217;da akredite diplomatik misyon ba\u015fkanlar\u0131 ve Arap Devletleri Birli\u011fi temsilcisiyle bir araya geldi.<\/p>\n<p style=\"text-align: justify;\">Rusya D\u0131\u015fi\u015fleri Bakanl\u0131\u011f\u0131 bug\u00fcn yapt\u0131\u011f\u0131 a\u00e7\u0131klamada, &#8221;D\u00fcn Moskova&#8217;da yap\u0131lan toplant\u0131da Lavrov, &#8220;Rusya&#8217;n\u0131n acil ate\u015fkesi destekleme, sivillerin korunmas\u0131n\u0131 sa\u011flama, uluslararas\u0131 insanc\u0131l hukuka sayg\u0131 g\u00f6sterme, insani koridorlar\u0131 a\u00e7ma ve Gazze \u015eeridi&#8217;nden tahliye prosed\u00fcrlerini organize etme y\u00f6n\u00fcndeki ilkeli tutumunu&#8221; do\u011frulad\u0131&#8221; dedi.<\/p>\n<p style=\"text-align: justify;\">Lavrov, Arap b\u00fcy\u00fckel\u00e7ilerine, Rusya&#8217;n\u0131n BM G\u00fcvenlik Konseyi&#8217;nde &#8220;kan d\u00f6k\u00fclmesini durdurmak ve durumu siyasi ve diplomatik kanala aktarmak&#8221; amac\u0131yla att\u0131\u011f\u0131 ad\u0131mlar hakk\u0131nda bilgi verirken,\u00a0 &#8220;Birle\u015fmi\u015f Milletler kararlar\u0131na dayanan bar\u0131\u015f s\u00fcrecinin yeniden ba\u015flat\u0131lmas\u0131 i\u00e7in ko\u015fullar yaratmak amac\u0131yla uluslararas\u0131 \u00e7abalar\u0131 yo\u011funla\u015ft\u0131rma&#8221; ihtiyac\u0131n\u0131 vurgulad\u0131.<\/p>\n<p style=\"text-align: justify;\">Arap diplomatlar ise Rusya&#8217;n\u0131n durumu sakinle\u015ftirmeye ve Gazze \u015eeridi sakinlerine insani yard\u0131m sa\u011flamaya y\u00f6nelik \u00e7abalar\u0131ndan dolay\u0131 \u015f\u00fckranlar\u0131n\u0131 dile getirerek, BM G\u00fcvenlik Konseyi&#8217;nde bu konuyla ilgili \u00e7al\u0131\u015fmalar\u0131n siyasalla\u015ft\u0131r\u0131lmas\u0131n\u0131n reddedildi\u011fini ve baz\u0131 Bat\u0131l\u0131 \u00fclkelerin bu konuda tak\u0131nd\u0131\u011f\u0131 \u00e7at\u0131\u015fmac\u0131 tutumu kaydettiler.<\/p>\n<p style=\"text-align: center;\"><strong><a href=\"https:\/\/t.me\/SuriyeArapHaberAjansI\">Telegram Kanal\u0131m\u0131z\u00a0<\/a>||<a href=\"https:\/\/twitter.com\/arap_ajans\">X Platformumuz\u00a0<\/a>||<a href=\"https:\/\/www.facebook.com\/SANAHaberAjansi\/\">Facebook Sayfam\u0131z<\/a><\/strong><\/p>\n","protected":false},"excerpt":{"rendered":"<p>MOSKOVA 02 KASIM (SANA) &#8211; D\u0131\u015fi\u015fleri Bakan\u0131 Sergey Lavrov, i\u015fgal alt\u0131ndaki Filistin topraklar\u0131ndaki durumla ilgili geli\u015fmeleri ve \u0130srail&#8217;in Gazze \u015eeridi&#8217;ne y\u00f6nelik sald\u0131rganl\u0131\u011f\u0131n\u0131 g\u00f6r\u00fc\u015fmek \u00fczere Arap \u00fclkelerinin Moskova&#8217;da akredite diplomatik misyon ba\u015fkanlar\u0131 ve Arap Devletleri Birli\u011fi temsilcisiyle bir araya geldi. Rusya D\u0131\u015fi\u015fleri Bakanl\u0131\u011f\u0131 bug\u00fcn yapt\u0131\u011f\u0131 a\u00e7\u0131klamada, &#8221;D\u00fcn Moskova&#8217;da yap\u0131lan toplant\u0131da Lavrov, &#8220;Rusya&#8217;n\u0131n acil ate\u015fkesi destekleme, sivillerin &hellip;<\/p>\n","protected":false},"author":39,"featured_media":291277,"comment_status":"closed","ping_status":"closed","sticky":false,"template":"","format":"standard","meta":{"footnotes":""},"categories":[458,459,17988],"tags":[],"class_list":["post-291276","post","type-post","status-publish","format-standard","has-post-thumbnail","","category-dunya1","category-haberler-arap-uluslararasi-politika","category-son-haberler"],"_links":{"self":[{"href":"https:\/\/archive.sana.sy\/tr\/index.php?rest_route=\/wp\/v2\/posts\/291276","targetHints":{"allow":["GET"]}}],"collection":[{"href":"https:\/\/archive.sana.sy\/tr\/index.php?rest_route=\/wp\/v2\/posts"}],"about":[{"href":"https:\/\/archive.sana.sy\/tr\/index.php?rest_route=\/wp\/v2\/types\/post"}],"author":[{"embeddable":true,"href":"https:\/\/archive.sana.sy\/tr\/index.php?rest_route=\/wp\/v2\/users\/39"}],"replies":[{"embeddable":true,"href":"https:\/\/archive.sana.sy\/tr\/index.php?rest_route=%2Fwp%2Fv2%2Fcomments&post=291276"}],"version-history":[{"count":1,"href":"https:\/\/archive.sana.sy\/tr\/index.php?rest_route=\/wp\/v2\/posts\/291276\/revisions"}],"predecessor-version":[{"id":291278,"href":"https:\/\/archive.sana.sy\/tr\/index.php?rest_route=\/wp\/v2\/posts\/291276\/revisions\/291278"}],"wp:featuredmedia":[{"embeddable":true,"href":"https:\/\/archive.sana.sy\/tr\/index.php?rest_route=\/wp\/v2\/media\/291277"}],"wp:attachment":[{"href":"https:\/\/archive.sana.sy\/tr\/index.php?rest_route=%2Fwp%2Fv2%2Fmedia&parent=291276"}],"wp:term":[{"taxonomy":"category","embeddable":true,"href":"https:\/\/archive.sana.sy\/tr\/index.php?rest_route=%2Fwp%2Fv2%2Fcategories&post=291276"},{"taxonomy":"post_tag","embeddable":true,"href":"https:\/\/archive.sana.sy\/tr\/index.php?rest_route=%2Fwp%2Fv2%2Ftags&post=291276"}],"curies":[{"name":"wp","href":"https:\/\/api.w.org\/{rel}","templated":true}]}}