{"id":29145,"date":"2015-04-09T19:58:14","date_gmt":"2015-04-09T16:58:14","guid":{"rendered":"http:\/\/www.sana.sy\/tr\/?p=29145"},"modified":"2015-04-09T20:38:05","modified_gmt":"2015-04-09T17:38:05","slug":"teror-magduru-ailelere-yardim-etmek-insanlik-gorevidir","status":"publish","type":"post","link":"https:\/\/archive.sana.sy\/tr\/?p=29145","title":{"rendered":"Ter\u00f6r Ma\u011fduru Ailelere Yard\u0131m Etmek \u0130nsanl\u0131k G\u00f6revidir"},"content":{"rendered":"<p>HAMA \u2013 Hama\u2019da resmi aktivistler ve parti temsilcileri Di\u015f Hekimleri Sendikas\u0131 ile i\u015fbirli\u011fi i\u00e7erisinde ter\u00f6r\u00fcn karanl\u0131k zulm\u00fcnden ka\u00e7arak Hama Kentindeki Muhammed Beriydi Ge\u00e7ici \u0130kame Merkezine s\u0131\u011f\u0131nan ter\u00f6r ma\u011fduru ailelere yard\u0131m da\u011f\u0131tt\u0131lar.<\/p>\n<p>Baas Partisi Hama Ofisi Y\u00f6netim Kurulu \u00dcyesi ve Sivil Toplum \u00d6rg\u00fctleri-Sendikalar B\u00fcrosu Ba\u015fkan\u0131 C\u00fcmana el Serrac, ter\u00f6r ma\u011fduru ailelere yard\u0131m etmek i\u00e7in b\u00fct\u00fcn taraflar\u0131n i\u015fbirli\u011fi kurmas\u0131n\u0131n \u00f6nemine i\u015faret etti.<\/p>\n<p>Ter\u00f6r nedeniyle evlerini ve topraklar\u0131n\u0131 terk etmek zorunda kalan ter\u00f6r ma\u011fdurlar\u0131n\u0131n ya\u015famsal ihtiya\u00e7lar\u0131n\u0131n kar\u015f\u0131lanmas\u0131n\u0131n bir insanl\u0131k g\u00f6revi oldu\u011funu dile getiren Serrac, valilikte ilgili kurumlar\u0131n ter\u00f6r ma\u011fduru ailelerin b\u00fct\u00fcn ihtiya\u00e7lar\u0131n\u0131 kar\u015f\u0131lamaya b\u00fcy\u00fck bir \u00f6nem verdiklerini ve bunun i\u00e7in b\u00fcy\u00fck bir \u00e7aba harcand\u0131\u011f\u0131n\u0131 beyan etti.<\/p>\n<p>F.B. &#8211; M.M.<\/p>\n","protected":false},"excerpt":{"rendered":"<p>HAMA \u2013 Hama\u2019da resmi aktivistler ve parti temsilcileri Di\u015f Hekimleri Sendikas\u0131 ile i\u015fbirli\u011fi i\u00e7erisinde ter\u00f6r\u00fcn karanl\u0131k zulm\u00fcnden ka\u00e7arak Hama Kentindeki Muhammed Beriydi Ge\u00e7ici \u0130kame Merkezine s\u0131\u011f\u0131nan ter\u00f6r ma\u011fduru ailelere yard\u0131m da\u011f\u0131tt\u0131lar. Baas Partisi Hama Ofisi Y\u00f6netim Kurulu \u00dcyesi ve Sivil Toplum \u00d6rg\u00fctleri-Sendikalar B\u00fcrosu Ba\u015fkan\u0131 C\u00fcmana el Serrac, ter\u00f6r ma\u011fduru ailelere yard\u0131m etmek i\u00e7in b\u00fct\u00fcn taraflar\u0131n &hellip;<\/p>\n","protected":false},"author":1,"featured_media":29161,"comment_status":"closed","ping_status":"closed","sticky":false,"template":"","format":"standard","meta":{"footnotes":""},"categories":[479,478],"tags":[13484,13483],"class_list":["post-29145","post","type-post","status-publish","format-standard","has-post-thumbnail","","category-haberler-yerel","category-yerel","tag-hama-hamada-resmi-aktivistler-ve-parti-temsilcileri-dis-hekimleri-sendikasi-ile-isbirligi-icerisinde-terorun-karanlik-zulmunden-kacarak-hama-kentindeki-muhammed-beriydi-gecici-ikame","tag-teror-magduru-ailelere-yardim-etmek-insanlik-gorevidir"],"_links":{"self":[{"href":"https:\/\/archive.sana.sy\/tr\/index.php?rest_route=\/wp\/v2\/posts\/29145","targetHints":{"allow":["GET"]}}],"collection":[{"href":"https:\/\/archive.sana.sy\/tr\/index.php?rest_route=\/wp\/v2\/posts"}],"about":[{"href":"https:\/\/archive.sana.sy\/tr\/index.php?rest_route=\/wp\/v2\/types\/post"}],"author":[{"embeddable":true,"href":"https:\/\/archive.sana.sy\/tr\/index.php?rest_route=\/wp\/v2\/users\/1"}],"replies":[{"embeddable":true,"href":"https:\/\/archive.sana.sy\/tr\/index.php?rest_route=%2Fwp%2Fv2%2Fcomments&post=29145"}],"version-history":[{"count":0,"href":"https:\/\/archive.sana.sy\/tr\/index.php?rest_route=\/wp\/v2\/posts\/29145\/revisions"}],"wp:featuredmedia":[{"embeddable":true,"href":"https:\/\/archive.sana.sy\/tr\/index.php?rest_route=\/wp\/v2\/media\/29161"}],"wp:attachment":[{"href":"https:\/\/archive.sana.sy\/tr\/index.php?rest_route=%2Fwp%2Fv2%2Fmedia&parent=29145"}],"wp:term":[{"taxonomy":"category","embeddable":true,"href":"https:\/\/archive.sana.sy\/tr\/index.php?rest_route=%2Fwp%2Fv2%2Fcategories&post=29145"},{"taxonomy":"post_tag","embeddable":true,"href":"https:\/\/archive.sana.sy\/tr\/index.php?rest_route=%2Fwp%2Fv2%2Ftags&post=29145"}],"curies":[{"name":"wp","href":"https:\/\/api.w.org\/{rel}","templated":true}]}}